{"id":41160,"date":"2023-12-23T17:00:44","date_gmt":"2023-12-23T16:00:44","guid":{"rendered":"https:\/\/aigal.ch\/?p=41160"},"modified":"2025-02-05T15:37:56","modified_gmt":"2025-02-05T14:37:56","slug":"photographe-mariage-carouge-daria-ivan","status":"publish","type":"post","link":"https:\/\/aigal.ch\/en\/photographe-mariage-carouge-daria-ivan\/","title":{"rendered":"Daria and Ivan\u2019s wedding in Carouge"},"content":{"rendered":"<div data-elementor-type=\"wp-post\" data-elementor-id=\"41160\" class=\"elementor elementor-41160\" data-elementor-post-type=\"post\">\n\t\t\t\t<div class=\"elementor-element elementor-element-e76d44a e-con-full e-flex e-con e-parent\" data-id=\"e76d44a\" data-element_type=\"container\" data-e-type=\"container\">\n\t\t\t\t<div class=\"elementor-element elementor-element-fad076a elementor-widget elementor-widget-template\" data-id=\"fad076a\" data-element_type=\"widget\" data-e-type=\"widget\" data-widget_type=\"template.default\">\n\t\t\t\t<div class=\"elementor-widget-container\">\n\t\t\t\t\t\t\t<div class=\"elementor-template\">\n\t\t\t\t\t<div data-elementor-type=\"page\" data-elementor-id=\"36238\" class=\"elementor elementor-36238\" data-elementor-post-type=\"elementor_library\">\n\t\t\t\t<div class=\"elementor-element elementor-element-37e4718 e-con-full e-flex e-con e-parent\" data-id=\"37e4718\" data-element_type=\"container\" data-e-type=\"container\" data-settings=\"{&quot;background_background&quot;:&quot;classic&quot;}\">\n\t\t\t\t<div class=\"elementor-element elementor-element-1c5c428 elementor-widget__width-inherit elementor-widget elementor-widget-text-editor\" data-id=\"1c5c428\" data-element_type=\"widget\" data-e-type=\"widget\" data-widget_type=\"text-editor.default\">\n\t\t\t\t<div class=\"elementor-widget-container\">\n\t\t\t\t\t\t\t\t\t<nav aria-label=\"breadcrumbs\" class=\"rank-math-breadcrumb\"><p><span class=\"last\">Aigal Wedding<\/span><\/p><\/nav>\t\t\t\t\t\t\t\t<\/div>\n\t\t\t\t<\/div>\n\t\t\t\t<\/div>\n\t\t<div class=\"elementor-element elementor-element-31ee0de e-flex e-con-boxed e-con e-parent\" data-id=\"31ee0de\" data-element_type=\"container\" data-e-type=\"container\">\n\t\t\t\t\t<div class=\"e-con-inner\">\n\t\t\t\t<div class=\"elementor-element elementor-element-715053b elementor-widget__width-inherit elementor-widget elementor-widget-heading\" data-id=\"715053b\" data-element_type=\"widget\" data-e-type=\"widget\" data-widget_type=\"heading.default\">\n\t\t\t\t<div class=\"elementor-widget-container\">\n\t\t\t\t\t<h1 class=\"elementor-heading-title elementor-size-default\">Un mariage civil en d\u00e9cembre \u00e0 Carouge : une touche de romantisme et une belle dose de pluie !<\/h1>\t\t\t\t<\/div>\n\t\t\t\t<\/div>\n\t\t<div class=\"elementor-element elementor-element-c4f3c9d e-con-full e-flex e-con e-child\" data-id=\"c4f3c9d\" data-element_type=\"container\" data-e-type=\"container\">\n\t\t<div class=\"elementor-element elementor-element-8aeaa66 e-con-full e-flex e-con e-child\" data-id=\"8aeaa66\" data-element_type=\"container\" data-e-type=\"container\" data-settings=\"{&quot;background_background&quot;:&quot;classic&quot;}\">\n\t\t\t\t<\/div>\n\t\t\t\t<div class=\"elementor-element elementor-element-eff9517 elementor-widget__width-initial elementor-widget-mobile__width-inherit elementor-widget elementor-widget-text-editor\" data-id=\"eff9517\" data-element_type=\"widget\" data-e-type=\"widget\" data-widget_type=\"text-editor.default\">\n\t\t\t\t<div class=\"elementor-widget-container\">\n\t\t\t\t\t\t\t\t\t<p>Le charme de Carouge a servi d&rsquo;\u00e9crin \u00e0 l&rsquo;union de Daria et Ivan, un mariage o\u00f9 l&rsquo;amour et la joie \u00e9taient palpables, m\u00eame sous une pluie fine.<\/p>\n<p><strong>Des photos de couple pleines de tendresse<\/strong><\/p>\n<p>La journ\u00e9e a d\u00e9but\u00e9 par une s\u00e9ance photo de couple dans les rues pittoresques de Carouge. Malgr\u00e9 la pluie, Daria et Ivan ont rayonn\u00e9 d&rsquo;une tendresse contagieuse. Les pav\u00e9s mouill\u00e9s, les fa\u00e7ades color\u00e9es et les parapluies transparents ont cr\u00e9\u00e9 une atmosph\u00e8re romantique et unique.<\/p>\n<p><strong>Un mariage civil empreint d&rsquo;\u00e9motions<\/strong><\/p>\n<p>La c\u00e9r\u00e9monie civile s&rsquo;est d\u00e9roul\u00e9e \u00e0 la mairie de Carouge, plus pr\u00e9cis\u00e9ment \u00e0 la salle des mariage de la Maison Delafontaine, dans une ambiance solennelle et \u00e9mouvante. Les familles et amis, pr\u00e9sents pour c\u00e9l\u00e9brer l&rsquo;amour des deux tourtereaux, ont \u00e9t\u00e9 t\u00e9moins de leurs engagements mutuels. Les larmes de joie et les sourires complices ont illumin\u00e9 les visages de Daria et Ivan.<\/p>\n<p><strong>Un mariage unique et inoubliable<\/strong><\/p>\n<p>Le mariage de Daria et Ivan \u00e0 Carouge \u00e9tait un \u00e9v\u00e9nement unique, marqu\u00e9 par l&rsquo;amour, la joie et l&rsquo;\u00e9motion. La pluie n&rsquo;a pas r\u00e9ussi \u00e0 ternir l&rsquo;\u00e9clat de cette journ\u00e9e, qui restera grav\u00e9e dans les m\u00e9moires de tous les invit\u00e9s.<\/p>\n<p>F\u00e9licitations aux mari\u00e9s !<\/p>\n\t\t\t\t\t\t\t\t<\/div>\n\t\t\t\t<\/div>\n\t\t\t\t<\/div>\n\t\t\t\t<div class=\"elementor-element elementor-element-a936e0e elementor-widget__width-inherit elementor-widget elementor-widget-heading\" data-id=\"a936e0e\" data-element_type=\"widget\" data-e-type=\"widget\" data-widget_type=\"heading.default\">\n\t\t\t\t<div class=\"elementor-widget-container\">\n\t\t\t\t\t<h3 class=\"elementor-heading-title elementor-size-default\">Quelques photos de leur mariage<\/h3>\t\t\t\t<\/div>\n\t\t\t\t<\/div>\n\t\t\t\t<div class=\"elementor-element elementor-element-2b1bea4 elementor-widget__width-inherit elementor-widget elementor-widget-text-editor\" data-id=\"2b1bea4\" data-element_type=\"widget\" data-e-type=\"widget\" data-widget_type=\"text-editor.default\">\n\t\t\t\t<div class=\"elementor-widget-container\">\n\t\t\t\t\t\t\t\t\tAfin de pr\u00e9server l\u2019anonymat des invit\u00e9s, nous ne publions que quelques photos du mariage.\t\t\t\t\t\t\t\t<\/div>\n\t\t\t\t<\/div>\n\t\t\t\t<div class=\"elementor-element elementor-element-b959edf elementor-widget__width-inherit elementor-widget elementor-widget-gallery\" data-id=\"b959edf\" data-element_type=\"widget\" data-e-type=\"widget\" data-settings=\"{&quot;gap&quot;:{&quot;unit&quot;:&quot;px&quot;,&quot;size&quot;:20,&quot;sizes&quot;:[]},&quot;columns_mobile&quot;:3,&quot;gallery_layout&quot;:&quot;masonry&quot;,&quot;columns_tablet&quot;:3,&quot;lazyload&quot;:&quot;yes&quot;,&quot;columns&quot;:4,&quot;gap_tablet&quot;:{&quot;unit&quot;:&quot;px&quot;,&quot;size&quot;:10,&quot;sizes&quot;:[]},&quot;gap_mobile&quot;:{&quot;unit&quot;:&quot;px&quot;,&quot;size&quot;:10,&quot;sizes&quot;:[]},&quot;link_to&quot;:&quot;file&quot;,&quot;content_hover_animation&quot;:&quot;fade-in&quot;}\" data-widget_type=\"gallery.default\">\n\t\t\t\t<div class=\"elementor-widget-container\">\n\t\t\t\t\t\t\t<div class=\"elementor-gallery__container\">\n\t\t\t\t\t\t\t<a class=\"e-gallery-item elementor-gallery-item elementor-animated-content\" href=\"https:\/\/aigal.ch\/wp-content\/uploads\/2024\/03\/Aigal_0004_08720.jpg\" data-elementor-open-lightbox=\"yes\" data-elementor-lightbox-slideshow=\"b959edf\" data-elementor-lightbox-title=\"Aigal_0004_08720\" data-e-action-hash=\"#elementor-action%3Aaction%3Dlightbox%26settings%3DeyJpZCI6NDExNjQsInVybCI6Imh0dHBzOlwvXC9haWdhbC5jaFwvd3AtY29udGVudFwvdXBsb2Fkc1wvMjAyNFwvMDNcL0FpZ2FsXzAwMDRfMDg3MjAuanBnIiwic2xpZGVzaG93IjoiYjk1OWVkZiJ9\">\n\t\t\t\t\t<div class=\"e-gallery-image elementor-gallery-item__image\" data-thumbnail=\"https:\/\/aigal.ch\/wp-content\/uploads\/2024\/03\/Aigal_0004_08720-768x1151.jpg\" data-width=\"768\" data-height=\"1151\" aria-label=\"Photographe mariage Carouge Daria et Ivan\" role=\"img\" ><\/div>\n\t\t\t\t\t\t\t\t\t\t\t\t\t\t<\/a>\n\t\t\t\t\t\t\t<a class=\"e-gallery-item elementor-gallery-item elementor-animated-content\" href=\"https:\/\/aigal.ch\/wp-content\/uploads\/2024\/03\/Aigal_0008_08771.jpg\" data-elementor-open-lightbox=\"yes\" data-elementor-lightbox-slideshow=\"b959edf\" data-elementor-lightbox-title=\"Aigal_0008_08771\" data-e-action-hash=\"#elementor-action%3Aaction%3Dlightbox%26settings%3DeyJpZCI6NDExNjUsInVybCI6Imh0dHBzOlwvXC9haWdhbC5jaFwvd3AtY29udGVudFwvdXBsb2Fkc1wvMjAyNFwvMDNcL0FpZ2FsXzAwMDhfMDg3NzEuanBnIiwic2xpZGVzaG93IjoiYjk1OWVkZiJ9\">\n\t\t\t\t\t<div class=\"e-gallery-image elementor-gallery-item__image\" data-thumbnail=\"https:\/\/aigal.ch\/wp-content\/uploads\/2024\/03\/Aigal_0008_08771-768x1151.jpg\" data-width=\"768\" data-height=\"1151\" aria-label=\"Photographe mariage Carouge Daria et Ivan\" role=\"img\" ><\/div>\n\t\t\t\t\t\t\t\t\t\t\t\t\t\t<\/a>\n\t\t\t\t\t\t\t<a class=\"e-gallery-item elementor-gallery-item elementor-animated-content\" href=\"https:\/\/aigal.ch\/wp-content\/uploads\/2024\/03\/Aigal_0021_08826.jpg\" data-elementor-open-lightbox=\"yes\" data-elementor-lightbox-slideshow=\"b959edf\" data-elementor-lightbox-title=\"Aigal_0021_08826\" data-e-action-hash=\"#elementor-action%3Aaction%3Dlightbox%26settings%3DeyJpZCI6NDExNjcsInVybCI6Imh0dHBzOlwvXC9haWdhbC5jaFwvd3AtY29udGVudFwvdXBsb2Fkc1wvMjAyNFwvMDNcL0FpZ2FsXzAwMjFfMDg4MjYuanBnIiwic2xpZGVzaG93IjoiYjk1OWVkZiJ9\">\n\t\t\t\t\t<div class=\"e-gallery-image elementor-gallery-item__image\" data-thumbnail=\"https:\/\/aigal.ch\/wp-content\/uploads\/2024\/03\/Aigal_0021_08826-768x1151.jpg\" data-width=\"768\" data-height=\"1151\" aria-label=\"Photographe mariage Carouge Daria et Ivan\" role=\"img\" ><\/div>\n\t\t\t\t\t\t\t\t\t\t\t\t\t\t<\/a>\n\t\t\t\t\t\t\t<a class=\"e-gallery-item elementor-gallery-item elementor-animated-content\" href=\"https:\/\/aigal.ch\/wp-content\/uploads\/2024\/03\/Aigal_0028_08891.jpg\" data-elementor-open-lightbox=\"yes\" data-elementor-lightbox-slideshow=\"b959edf\" data-elementor-lightbox-title=\"Aigal_0028_08891\" data-e-action-hash=\"#elementor-action%3Aaction%3Dlightbox%26settings%3DeyJpZCI6NDExNjgsInVybCI6Imh0dHBzOlwvXC9haWdhbC5jaFwvd3AtY29udGVudFwvdXBsb2Fkc1wvMjAyNFwvMDNcL0FpZ2FsXzAwMjhfMDg4OTEuanBnIiwic2xpZGVzaG93IjoiYjk1OWVkZiJ9\">\n\t\t\t\t\t<div class=\"e-gallery-image elementor-gallery-item__image\" data-thumbnail=\"https:\/\/aigal.ch\/wp-content\/uploads\/2024\/03\/Aigal_0028_08891-768x512.jpg\" data-width=\"768\" data-height=\"512\" aria-label=\"Photographe mariage Carouge Daria et Ivan\" role=\"img\" ><\/div>\n\t\t\t\t\t\t\t\t\t\t\t\t\t\t<\/a>\n\t\t\t\t\t\t\t<a class=\"e-gallery-item elementor-gallery-item elementor-animated-content\" href=\"https:\/\/aigal.ch\/wp-content\/uploads\/2024\/03\/Aigal_0034_08920.jpg\" data-elementor-open-lightbox=\"yes\" data-elementor-lightbox-slideshow=\"b959edf\" data-elementor-lightbox-title=\"Aigal_0034_08920\" data-e-action-hash=\"#elementor-action%3Aaction%3Dlightbox%26settings%3DeyJpZCI6NDExNjksInVybCI6Imh0dHBzOlwvXC9haWdhbC5jaFwvd3AtY29udGVudFwvdXBsb2Fkc1wvMjAyNFwvMDNcL0FpZ2FsXzAwMzRfMDg5MjAuanBnIiwic2xpZGVzaG93IjoiYjk1OWVkZiJ9\">\n\t\t\t\t\t<div class=\"e-gallery-image elementor-gallery-item__image\" data-thumbnail=\"https:\/\/aigal.ch\/wp-content\/uploads\/2024\/03\/Aigal_0034_08920-768x1151.jpg\" data-width=\"768\" data-height=\"1151\" aria-label=\"Photographe mariage Carouge Daria et Ivan\" role=\"img\" ><\/div>\n\t\t\t\t\t\t\t\t\t\t\t\t\t\t<\/a>\n\t\t\t\t\t\t\t<a class=\"e-gallery-item elementor-gallery-item elementor-animated-content\" href=\"https:\/\/aigal.ch\/wp-content\/uploads\/2024\/03\/Aigal_0047_08973.jpg\" data-elementor-open-lightbox=\"yes\" data-elementor-lightbox-slideshow=\"b959edf\" data-elementor-lightbox-title=\"Aigal_0047_08973\" data-e-action-hash=\"#elementor-action%3Aaction%3Dlightbox%26settings%3DeyJpZCI6NDExNzEsInVybCI6Imh0dHBzOlwvXC9haWdhbC5jaFwvd3AtY29udGVudFwvdXBsb2Fkc1wvMjAyNFwvMDNcL0FpZ2FsXzAwNDdfMDg5NzMuanBnIiwic2xpZGVzaG93IjoiYjk1OWVkZiJ9\">\n\t\t\t\t\t<div class=\"e-gallery-image elementor-gallery-item__image\" data-thumbnail=\"https:\/\/aigal.ch\/wp-content\/uploads\/2024\/03\/Aigal_0047_08973-768x1151.jpg\" data-width=\"768\" data-height=\"1151\" aria-label=\"Photographe mariage Carouge Daria et Ivan\" role=\"img\" ><\/div>\n\t\t\t\t\t\t\t\t\t\t\t\t\t\t<\/a>\n\t\t\t\t\t\t\t<a class=\"e-gallery-item elementor-gallery-item elementor-animated-content\" href=\"https:\/\/aigal.ch\/wp-content\/uploads\/2024\/03\/Aigal_0049_08983.jpg\" data-elementor-open-lightbox=\"yes\" data-elementor-lightbox-slideshow=\"b959edf\" data-elementor-lightbox-title=\"Aigal_0049_08983\" data-e-action-hash=\"#elementor-action%3Aaction%3Dlightbox%26settings%3DeyJpZCI6NDExNzIsInVybCI6Imh0dHBzOlwvXC9haWdhbC5jaFwvd3AtY29udGVudFwvdXBsb2Fkc1wvMjAyNFwvMDNcL0FpZ2FsXzAwNDlfMDg5ODMuanBnIiwic2xpZGVzaG93IjoiYjk1OWVkZiJ9\">\n\t\t\t\t\t<div class=\"e-gallery-image elementor-gallery-item__image\" data-thumbnail=\"https:\/\/aigal.ch\/wp-content\/uploads\/2024\/03\/Aigal_0049_08983-768x1151.jpg\" data-width=\"768\" data-height=\"1151\" aria-label=\"Photographe mariage Carouge Daria et Ivan\" role=\"img\" ><\/div>\n\t\t\t\t\t\t\t\t\t\t\t\t\t\t<\/a>\n\t\t\t\t\t\t\t<a class=\"e-gallery-item elementor-gallery-item elementor-animated-content\" href=\"https:\/\/aigal.ch\/wp-content\/uploads\/2024\/03\/Aigal_0052_08996.jpg\" data-elementor-open-lightbox=\"yes\" data-elementor-lightbox-slideshow=\"b959edf\" data-elementor-lightbox-title=\"Aigal_0052_08996\" data-e-action-hash=\"#elementor-action%3Aaction%3Dlightbox%26settings%3DeyJpZCI6NDExNzMsInVybCI6Imh0dHBzOlwvXC9haWdhbC5jaFwvd3AtY29udGVudFwvdXBsb2Fkc1wvMjAyNFwvMDNcL0FpZ2FsXzAwNTJfMDg5OTYuanBnIiwic2xpZGVzaG93IjoiYjk1OWVkZiJ9\">\n\t\t\t\t\t<div class=\"e-gallery-image elementor-gallery-item__image\" data-thumbnail=\"https:\/\/aigal.ch\/wp-content\/uploads\/2024\/03\/Aigal_0052_08996-768x1151.jpg\" data-width=\"768\" data-height=\"1151\" aria-label=\"Photographe mariage Carouge Daria et Ivan\" role=\"img\" ><\/div>\n\t\t\t\t\t\t\t\t\t\t\t\t\t\t<\/a>\n\t\t\t\t\t\t\t<a class=\"e-gallery-item elementor-gallery-item elementor-animated-content\" href=\"https:\/\/aigal.ch\/wp-content\/uploads\/2024\/03\/Aigal_0060_09033.jpg\" data-elementor-open-lightbox=\"yes\" data-elementor-lightbox-slideshow=\"b959edf\" data-elementor-lightbox-title=\"Aigal_0060_09033\" data-e-action-hash=\"#elementor-action%3Aaction%3Dlightbox%26settings%3DeyJpZCI6NDExNzQsInVybCI6Imh0dHBzOlwvXC9haWdhbC5jaFwvd3AtY29udGVudFwvdXBsb2Fkc1wvMjAyNFwvMDNcL0FpZ2FsXzAwNjBfMDkwMzMuanBnIiwic2xpZGVzaG93IjoiYjk1OWVkZiJ9\">\n\t\t\t\t\t<div class=\"e-gallery-image elementor-gallery-item__image\" data-thumbnail=\"https:\/\/aigal.ch\/wp-content\/uploads\/2024\/03\/Aigal_0060_09033-768x1151.jpg\" data-width=\"768\" data-height=\"1151\" aria-label=\"Photographe mariage Carouge Daria et Ivan\" role=\"img\" ><\/div>\n\t\t\t\t\t\t\t\t\t\t\t\t\t\t<\/a>\n\t\t\t\t\t\t\t<a class=\"e-gallery-item elementor-gallery-item elementor-animated-content\" href=\"https:\/\/aigal.ch\/wp-content\/uploads\/2024\/03\/Aigal_0064_09055.jpg\" data-elementor-open-lightbox=\"yes\" data-elementor-lightbox-slideshow=\"b959edf\" data-elementor-lightbox-title=\"Aigal_0064_09055\" data-e-action-hash=\"#elementor-action%3Aaction%3Dlightbox%26settings%3DeyJpZCI6NDExNzYsInVybCI6Imh0dHBzOlwvXC9haWdhbC5jaFwvd3AtY29udGVudFwvdXBsb2Fkc1wvMjAyNFwvMDNcL0FpZ2FsXzAwNjRfMDkwNTUuanBnIiwic2xpZGVzaG93IjoiYjk1OWVkZiJ9\">\n\t\t\t\t\t<div class=\"e-gallery-image elementor-gallery-item__image\" data-thumbnail=\"https:\/\/aigal.ch\/wp-content\/uploads\/2024\/03\/Aigal_0064_09055-768x1151.jpg\" data-width=\"768\" data-height=\"1151\" aria-label=\"Photographe mariage Carouge Daria et Ivan\" role=\"img\" ><\/div>\n\t\t\t\t\t\t\t\t\t\t\t\t\t\t<\/a>\n\t\t\t\t\t\t\t<a class=\"e-gallery-item elementor-gallery-item elementor-animated-content\" href=\"https:\/\/aigal.ch\/wp-content\/uploads\/2024\/03\/Aigal_0069_09096.jpg\" data-elementor-open-lightbox=\"yes\" data-elementor-lightbox-slideshow=\"b959edf\" data-elementor-lightbox-title=\"Aigal_0069_09096\" data-e-action-hash=\"#elementor-action%3Aaction%3Dlightbox%26settings%3DeyJpZCI6NDExNzcsInVybCI6Imh0dHBzOlwvXC9haWdhbC5jaFwvd3AtY29udGVudFwvdXBsb2Fkc1wvMjAyNFwvMDNcL0FpZ2FsXzAwNjlfMDkwOTYuanBnIiwic2xpZGVzaG93IjoiYjk1OWVkZiJ9\">\n\t\t\t\t\t<div class=\"e-gallery-image elementor-gallery-item__image\" data-thumbnail=\"https:\/\/aigal.ch\/wp-content\/uploads\/2024\/03\/Aigal_0069_09096-768x1151.jpg\" data-width=\"768\" data-height=\"1151\" aria-label=\"Photographe mariage Carouge Daria et Ivan\" role=\"img\" ><\/div>\n\t\t\t\t\t\t\t\t\t\t\t\t\t\t<\/a>\n\t\t\t\t\t\t\t<a class=\"e-gallery-item elementor-gallery-item elementor-animated-content\" href=\"https:\/\/aigal.ch\/wp-content\/uploads\/2024\/03\/Aigal_0078_09153.jpg\" data-elementor-open-lightbox=\"yes\" data-elementor-lightbox-slideshow=\"b959edf\" data-elementor-lightbox-title=\"Aigal_0078_09153\" data-e-action-hash=\"#elementor-action%3Aaction%3Dlightbox%26settings%3DeyJpZCI6NDExNzgsInVybCI6Imh0dHBzOlwvXC9haWdhbC5jaFwvd3AtY29udGVudFwvdXBsb2Fkc1wvMjAyNFwvMDNcL0FpZ2FsXzAwNzhfMDkxNTMuanBnIiwic2xpZGVzaG93IjoiYjk1OWVkZiJ9\">\n\t\t\t\t\t<div class=\"e-gallery-image elementor-gallery-item__image\" data-thumbnail=\"https:\/\/aigal.ch\/wp-content\/uploads\/2024\/03\/Aigal_0078_09153-768x1151.jpg\" data-width=\"768\" data-height=\"1151\" aria-label=\"Photographe mariage Carouge Daria et Ivan\" role=\"img\" ><\/div>\n\t\t\t\t\t\t\t\t\t\t\t\t\t\t<\/a>\n\t\t\t\t\t\t\t<a class=\"e-gallery-item elementor-gallery-item elementor-animated-content\" href=\"https:\/\/aigal.ch\/wp-content\/uploads\/2024\/03\/Aigal_0087_09194.jpg\" data-elementor-open-lightbox=\"yes\" data-elementor-lightbox-slideshow=\"b959edf\" data-elementor-lightbox-title=\"Aigal_0087_09194\" data-e-action-hash=\"#elementor-action%3Aaction%3Dlightbox%26settings%3DeyJpZCI6NDExNzksInVybCI6Imh0dHBzOlwvXC9haWdhbC5jaFwvd3AtY29udGVudFwvdXBsb2Fkc1wvMjAyNFwvMDNcL0FpZ2FsXzAwODdfMDkxOTQuanBnIiwic2xpZGVzaG93IjoiYjk1OWVkZiJ9\">\n\t\t\t\t\t<div class=\"e-gallery-image elementor-gallery-item__image\" data-thumbnail=\"https:\/\/aigal.ch\/wp-content\/uploads\/2024\/03\/Aigal_0087_09194-768x1151.jpg\" data-width=\"768\" data-height=\"1151\" aria-label=\"Photographe mariage Carouge Daria et Ivan\" role=\"img\" ><\/div>\n\t\t\t\t\t\t\t\t\t\t\t\t\t\t<\/a>\n\t\t\t\t\t\t\t<a class=\"e-gallery-item elementor-gallery-item elementor-animated-content\" href=\"https:\/\/aigal.ch\/wp-content\/uploads\/2024\/03\/Aigal_0088_09197.jpg\" data-elementor-open-lightbox=\"yes\" data-elementor-lightbox-slideshow=\"b959edf\" data-elementor-lightbox-title=\"Aigal_0088_09197\" data-e-action-hash=\"#elementor-action%3Aaction%3Dlightbox%26settings%3DeyJpZCI6NDExODAsInVybCI6Imh0dHBzOlwvXC9haWdhbC5jaFwvd3AtY29udGVudFwvdXBsb2Fkc1wvMjAyNFwvMDNcL0FpZ2FsXzAwODhfMDkxOTcuanBnIiwic2xpZGVzaG93IjoiYjk1OWVkZiJ9\">\n\t\t\t\t\t<div class=\"e-gallery-image elementor-gallery-item__image\" data-thumbnail=\"https:\/\/aigal.ch\/wp-content\/uploads\/2024\/03\/Aigal_0088_09197-768x1151.jpg\" data-width=\"768\" data-height=\"1151\" aria-label=\"Photographe mariage Carouge Daria et Ivan\" role=\"img\" ><\/div>\n\t\t\t\t\t\t\t\t\t\t\t\t\t\t<\/a>\n\t\t\t\t\t\t\t<a class=\"e-gallery-item elementor-gallery-item elementor-animated-content\" href=\"https:\/\/aigal.ch\/wp-content\/uploads\/2024\/03\/Aigal_0089_09198.jpg\" data-elementor-open-lightbox=\"yes\" data-elementor-lightbox-slideshow=\"b959edf\" data-elementor-lightbox-title=\"Aigal_0089_09198\" data-e-action-hash=\"#elementor-action%3Aaction%3Dlightbox%26settings%3DeyJpZCI6NDExODEsInVybCI6Imh0dHBzOlwvXC9haWdhbC5jaFwvd3AtY29udGVudFwvdXBsb2Fkc1wvMjAyNFwvMDNcL0FpZ2FsXzAwODlfMDkxOTguanBnIiwic2xpZGVzaG93IjoiYjk1OWVkZiJ9\">\n\t\t\t\t\t<div class=\"e-gallery-image elementor-gallery-item__image\" data-thumbnail=\"https:\/\/aigal.ch\/wp-content\/uploads\/2024\/03\/Aigal_0089_09198-768x1151.jpg\" data-width=\"768\" data-height=\"1151\" aria-label=\"Photographe mariage Carouge Daria et Ivan\" role=\"img\" ><\/div>\n\t\t\t\t\t\t\t\t\t\t\t\t\t\t<\/a>\n\t\t\t\t\t\t\t<a class=\"e-gallery-item elementor-gallery-item elementor-animated-content\" href=\"https:\/\/aigal.ch\/wp-content\/uploads\/2024\/03\/Aigal_0092_09206.jpg\" data-elementor-open-lightbox=\"yes\" data-elementor-lightbox-slideshow=\"b959edf\" data-elementor-lightbox-title=\"Aigal_0092_09206\" data-e-action-hash=\"#elementor-action%3Aaction%3Dlightbox%26settings%3DeyJpZCI6NDExODIsInVybCI6Imh0dHBzOlwvXC9haWdhbC5jaFwvd3AtY29udGVudFwvdXBsb2Fkc1wvMjAyNFwvMDNcL0FpZ2FsXzAwOTJfMDkyMDYuanBnIiwic2xpZGVzaG93IjoiYjk1OWVkZiJ9\">\n\t\t\t\t\t<div class=\"e-gallery-image elementor-gallery-item__image\" data-thumbnail=\"https:\/\/aigal.ch\/wp-content\/uploads\/2024\/03\/Aigal_0092_09206-768x1151.jpg\" data-width=\"768\" data-height=\"1151\" aria-label=\"Photographe mariage Carouge Daria et Ivan\" role=\"img\" ><\/div>\n\t\t\t\t\t\t\t\t\t\t\t\t\t\t<\/a>\n\t\t\t\t\t\t\t<a class=\"e-gallery-item elementor-gallery-item elementor-animated-content\" href=\"https:\/\/aigal.ch\/wp-content\/uploads\/2024\/03\/Aigal_0121_09302.jpg\" data-elementor-open-lightbox=\"yes\" data-elementor-lightbox-slideshow=\"b959edf\" data-elementor-lightbox-title=\"Aigal_0121_09302\" data-e-action-hash=\"#elementor-action%3Aaction%3Dlightbox%26settings%3DeyJpZCI6NDExODQsInVybCI6Imh0dHBzOlwvXC9haWdhbC5jaFwvd3AtY29udGVudFwvdXBsb2Fkc1wvMjAyNFwvMDNcL0FpZ2FsXzAxMjFfMDkzMDIuanBnIiwic2xpZGVzaG93IjoiYjk1OWVkZiJ9\">\n\t\t\t\t\t<div class=\"e-gallery-image elementor-gallery-item__image\" data-thumbnail=\"https:\/\/aigal.ch\/wp-content\/uploads\/2024\/03\/Aigal_0121_09302-768x512.jpg\" data-width=\"768\" data-height=\"512\" aria-label=\"Photographe mariage Carouge Daria et Ivan\" role=\"img\" ><\/div>\n\t\t\t\t\t\t\t\t\t\t\t\t\t\t<\/a>\n\t\t\t\t\t\t\t<a class=\"e-gallery-item elementor-gallery-item elementor-animated-content\" href=\"https:\/\/aigal.ch\/wp-content\/uploads\/2024\/03\/Aigal_0122_09305.jpg\" data-elementor-open-lightbox=\"yes\" data-elementor-lightbox-slideshow=\"b959edf\" data-elementor-lightbox-title=\"Aigal_0122_09305\" data-e-action-hash=\"#elementor-action%3Aaction%3Dlightbox%26settings%3DeyJpZCI6NDExODUsInVybCI6Imh0dHBzOlwvXC9haWdhbC5jaFwvd3AtY29udGVudFwvdXBsb2Fkc1wvMjAyNFwvMDNcL0FpZ2FsXzAxMjJfMDkzMDUuanBnIiwic2xpZGVzaG93IjoiYjk1OWVkZiJ9\">\n\t\t\t\t\t<div class=\"e-gallery-image elementor-gallery-item__image\" data-thumbnail=\"https:\/\/aigal.ch\/wp-content\/uploads\/2024\/03\/Aigal_0122_09305-768x512.jpg\" data-width=\"768\" data-height=\"512\" aria-label=\"Photographe mariage Carouge Daria et Ivan\" role=\"img\" ><\/div>\n\t\t\t\t\t\t\t\t\t\t\t\t\t\t<\/a>\n\t\t\t\t\t\t\t<a class=\"e-gallery-item elementor-gallery-item elementor-animated-content\" href=\"https:\/\/aigal.ch\/wp-content\/uploads\/2024\/03\/Aigal_0144_09364.jpg\" data-elementor-open-lightbox=\"yes\" data-elementor-lightbox-slideshow=\"b959edf\" data-elementor-lightbox-title=\"Aigal_0144_09364\" data-e-action-hash=\"#elementor-action%3Aaction%3Dlightbox%26settings%3DeyJpZCI6NDExODYsInVybCI6Imh0dHBzOlwvXC9haWdhbC5jaFwvd3AtY29udGVudFwvdXBsb2Fkc1wvMjAyNFwvMDNcL0FpZ2FsXzAxNDRfMDkzNjQuanBnIiwic2xpZGVzaG93IjoiYjk1OWVkZiJ9\">\n\t\t\t\t\t<div class=\"e-gallery-image elementor-gallery-item__image\" data-thumbnail=\"https:\/\/aigal.ch\/wp-content\/uploads\/2024\/03\/Aigal_0144_09364-768x1151.jpg\" data-width=\"768\" data-height=\"1151\" aria-label=\"Photographe mariage Carouge Daria et Ivan\" role=\"img\" ><\/div>\n\t\t\t\t\t\t\t\t\t\t\t\t\t\t<\/a>\n\t\t\t\t\t\t\t<a class=\"e-gallery-item elementor-gallery-item elementor-animated-content\" href=\"https:\/\/aigal.ch\/wp-content\/uploads\/2024\/03\/Aigal_0153_09399.jpg\" data-elementor-open-lightbox=\"yes\" data-elementor-lightbox-slideshow=\"b959edf\" data-elementor-lightbox-title=\"Aigal_0153_09399\" data-e-action-hash=\"#elementor-action%3Aaction%3Dlightbox%26settings%3DeyJpZCI6NDExODgsInVybCI6Imh0dHBzOlwvXC9haWdhbC5jaFwvd3AtY29udGVudFwvdXBsb2Fkc1wvMjAyNFwvMDNcL0FpZ2FsXzAxNTNfMDkzOTkuanBnIiwic2xpZGVzaG93IjoiYjk1OWVkZiJ9\">\n\t\t\t\t\t<div class=\"e-gallery-image elementor-gallery-item__image\" data-thumbnail=\"https:\/\/aigal.ch\/wp-content\/uploads\/2024\/03\/Aigal_0153_09399-768x512.jpg\" data-width=\"768\" data-height=\"512\" aria-label=\"Photographe mariage Carouge Daria et Ivan\" role=\"img\" ><\/div>\n\t\t\t\t\t\t\t\t\t\t\t\t\t\t<\/a>\n\t\t\t\t\t\t\t<a class=\"e-gallery-item elementor-gallery-item elementor-animated-content\" href=\"https:\/\/aigal.ch\/wp-content\/uploads\/2024\/03\/Aigal_0155_09409.jpg\" data-elementor-open-lightbox=\"yes\" data-elementor-lightbox-slideshow=\"b959edf\" data-elementor-lightbox-title=\"Aigal_0155_09409\" data-e-action-hash=\"#elementor-action%3Aaction%3Dlightbox%26settings%3DeyJpZCI6NDExODksInVybCI6Imh0dHBzOlwvXC9haWdhbC5jaFwvd3AtY29udGVudFwvdXBsb2Fkc1wvMjAyNFwvMDNcL0FpZ2FsXzAxNTVfMDk0MDkuanBnIiwic2xpZGVzaG93IjoiYjk1OWVkZiJ9\">\n\t\t\t\t\t<div class=\"e-gallery-image elementor-gallery-item__image\" data-thumbnail=\"https:\/\/aigal.ch\/wp-content\/uploads\/2024\/03\/Aigal_0155_09409-768x512.jpg\" data-width=\"768\" data-height=\"512\" aria-label=\"Photographe mariage Carouge Daria et Ivan\" role=\"img\" ><\/div>\n\t\t\t\t\t\t\t\t\t\t\t\t\t\t<\/a>\n\t\t\t\t\t\t\t<a class=\"e-gallery-item elementor-gallery-item elementor-animated-content\" href=\"https:\/\/aigal.ch\/wp-content\/uploads\/2024\/03\/Aigal_0161_09431.jpg\" data-elementor-open-lightbox=\"yes\" data-elementor-lightbox-slideshow=\"b959edf\" data-elementor-lightbox-title=\"Aigal_0161_09431\" data-e-action-hash=\"#elementor-action%3Aaction%3Dlightbox%26settings%3DeyJpZCI6NDExOTEsInVybCI6Imh0dHBzOlwvXC9haWdhbC5jaFwvd3AtY29udGVudFwvdXBsb2Fkc1wvMjAyNFwvMDNcL0FpZ2FsXzAxNjFfMDk0MzEuanBnIiwic2xpZGVzaG93IjoiYjk1OWVkZiJ9\">\n\t\t\t\t\t<div class=\"e-gallery-image elementor-gallery-item__image\" data-thumbnail=\"https:\/\/aigal.ch\/wp-content\/uploads\/2024\/03\/Aigal_0161_09431-768x512.jpg\" data-width=\"768\" data-height=\"512\" aria-label=\"Photographe mariage Carouge Daria et Ivan\" role=\"img\" ><\/div>\n\t\t\t\t\t\t\t\t\t\t\t\t\t\t<\/a>\n\t\t\t\t\t\t\t<a class=\"e-gallery-item elementor-gallery-item elementor-animated-content\" href=\"https:\/\/aigal.ch\/wp-content\/uploads\/2024\/03\/Aigal_0168_09457.jpg\" data-elementor-open-lightbox=\"yes\" data-elementor-lightbox-slideshow=\"b959edf\" data-elementor-lightbox-title=\"Aigal_0168_09457\" data-e-action-hash=\"#elementor-action%3Aaction%3Dlightbox%26settings%3DeyJpZCI6NDExOTIsInVybCI6Imh0dHBzOlwvXC9haWdhbC5jaFwvd3AtY29udGVudFwvdXBsb2Fkc1wvMjAyNFwvMDNcL0FpZ2FsXzAxNjhfMDk0NTcuanBnIiwic2xpZGVzaG93IjoiYjk1OWVkZiJ9\">\n\t\t\t\t\t<div class=\"e-gallery-image elementor-gallery-item__image\" data-thumbnail=\"https:\/\/aigal.ch\/wp-content\/uploads\/2024\/03\/Aigal_0168_09457-768x1151.jpg\" data-width=\"768\" data-height=\"1151\" aria-label=\"Photographe mariage Carouge Daria et Ivan\" role=\"img\" ><\/div>\n\t\t\t\t\t\t\t\t\t\t\t\t\t\t<\/a>\n\t\t\t\t\t\t\t<a class=\"e-gallery-item elementor-gallery-item elementor-animated-content\" href=\"https:\/\/aigal.ch\/wp-content\/uploads\/2024\/03\/Aigal_0173_09477.jpg\" data-elementor-open-lightbox=\"yes\" data-elementor-lightbox-slideshow=\"b959edf\" data-elementor-lightbox-title=\"Aigal_0173_09477\" data-e-action-hash=\"#elementor-action%3Aaction%3Dlightbox%26settings%3DeyJpZCI6NDExOTMsInVybCI6Imh0dHBzOlwvXC9haWdhbC5jaFwvd3AtY29udGVudFwvdXBsb2Fkc1wvMjAyNFwvMDNcL0FpZ2FsXzAxNzNfMDk0NzcuanBnIiwic2xpZGVzaG93IjoiYjk1OWVkZiJ9\">\n\t\t\t\t\t<div class=\"e-gallery-image elementor-gallery-item__image\" data-thumbnail=\"https:\/\/aigal.ch\/wp-content\/uploads\/2024\/03\/Aigal_0173_09477-768x512.jpg\" data-width=\"768\" data-height=\"512\" aria-label=\"Photographe mariage Carouge Daria et Ivan\" role=\"img\" ><\/div>\n\t\t\t\t\t\t\t\t\t\t\t\t\t\t<\/a>\n\t\t\t\t\t\t\t<a class=\"e-gallery-item elementor-gallery-item elementor-animated-content\" href=\"https:\/\/aigal.ch\/wp-content\/uploads\/2024\/03\/Aigal_0209_09663.jpg\" data-elementor-open-lightbox=\"yes\" data-elementor-lightbox-slideshow=\"b959edf\" data-elementor-lightbox-title=\"Aigal_0209_09663\" data-e-action-hash=\"#elementor-action%3Aaction%3Dlightbox%26settings%3DeyJpZCI6NDExOTUsInVybCI6Imh0dHBzOlwvXC9haWdhbC5jaFwvd3AtY29udGVudFwvdXBsb2Fkc1wvMjAyNFwvMDNcL0FpZ2FsXzAyMDlfMDk2NjMuanBnIiwic2xpZGVzaG93IjoiYjk1OWVkZiJ9\">\n\t\t\t\t\t<div class=\"e-gallery-image elementor-gallery-item__image\" data-thumbnail=\"https:\/\/aigal.ch\/wp-content\/uploads\/2024\/03\/Aigal_0209_09663-768x1151.jpg\" data-width=\"768\" data-height=\"1151\" aria-label=\"Photographe mariage Carouge Daria et Ivan\" role=\"img\" ><\/div>\n\t\t\t\t\t\t\t\t\t\t\t\t\t\t<\/a>\n\t\t\t\t\t\t\t<a class=\"e-gallery-item elementor-gallery-item elementor-animated-content\" href=\"https:\/\/aigal.ch\/wp-content\/uploads\/2024\/03\/Aigal_0218_09703.jpg\" data-elementor-open-lightbox=\"yes\" data-elementor-lightbox-slideshow=\"b959edf\" data-elementor-lightbox-title=\"Aigal_0218_09703\" data-e-action-hash=\"#elementor-action%3Aaction%3Dlightbox%26settings%3DeyJpZCI6NDExOTcsInVybCI6Imh0dHBzOlwvXC9haWdhbC5jaFwvd3AtY29udGVudFwvdXBsb2Fkc1wvMjAyNFwvMDNcL0FpZ2FsXzAyMThfMDk3MDMuanBnIiwic2xpZGVzaG93IjoiYjk1OWVkZiJ9\">\n\t\t\t\t\t<div class=\"e-gallery-image elementor-gallery-item__image\" data-thumbnail=\"https:\/\/aigal.ch\/wp-content\/uploads\/2024\/03\/Aigal_0218_09703-768x1151.jpg\" data-width=\"768\" data-height=\"1151\" aria-label=\"Photographe mariage Carouge Daria et Ivan\" role=\"img\" ><\/div>\n\t\t\t\t\t\t\t\t\t\t\t\t\t\t<\/a>\n\t\t\t\t\t\t\t<a class=\"e-gallery-item elementor-gallery-item elementor-animated-content\" href=\"https:\/\/aigal.ch\/wp-content\/uploads\/2024\/03\/Aigal_0054_09004.jpg\" data-elementor-open-lightbox=\"yes\" data-elementor-lightbox-slideshow=\"b959edf\" data-elementor-lightbox-title=\"Aigal_0054_09004\" data-e-action-hash=\"#elementor-action%3Aaction%3Dlightbox%26settings%3DeyJpZCI6NDExOTksInVybCI6Imh0dHBzOlwvXC9haWdhbC5jaFwvd3AtY29udGVudFwvdXBsb2Fkc1wvMjAyNFwvMDNcL0FpZ2FsXzAwNTRfMDkwMDQuanBnIiwic2xpZGVzaG93IjoiYjk1OWVkZiJ9\">\n\t\t\t\t\t<div class=\"e-gallery-image elementor-gallery-item__image\" data-thumbnail=\"https:\/\/aigal.ch\/wp-content\/uploads\/2024\/03\/Aigal_0054_09004-768x1151.jpg\" data-width=\"768\" data-height=\"1151\" aria-label=\"Photographe mariage Carouge Daria et Ivan\" role=\"img\" ><\/div>\n\t\t\t\t\t\t\t\t\t\t\t\t\t\t<\/a>\n\t\t\t\t\t\t\t<a class=\"e-gallery-item elementor-gallery-item elementor-animated-content\" href=\"https:\/\/aigal.ch\/wp-content\/uploads\/2024\/03\/Aigal_0059_09027.jpg\" data-elementor-open-lightbox=\"yes\" data-elementor-lightbox-slideshow=\"b959edf\" data-elementor-lightbox-title=\"Aigal_0059_09027\" data-e-action-hash=\"#elementor-action%3Aaction%3Dlightbox%26settings%3DeyJpZCI6NDEyMDAsInVybCI6Imh0dHBzOlwvXC9haWdhbC5jaFwvd3AtY29udGVudFwvdXBsb2Fkc1wvMjAyNFwvMDNcL0FpZ2FsXzAwNTlfMDkwMjcuanBnIiwic2xpZGVzaG93IjoiYjk1OWVkZiJ9\">\n\t\t\t\t\t<div class=\"e-gallery-image elementor-gallery-item__image\" data-thumbnail=\"https:\/\/aigal.ch\/wp-content\/uploads\/2024\/03\/Aigal_0059_09027-768x1151.jpg\" data-width=\"768\" data-height=\"1151\" aria-label=\"Photographe mariage Carouge Daria et Ivan\" role=\"img\" ><\/div>\n\t\t\t\t\t\t\t\t\t\t\t\t\t\t<\/a>\n\t\t\t\t\t\t\t<a class=\"e-gallery-item elementor-gallery-item elementor-animated-content\" href=\"https:\/\/aigal.ch\/wp-content\/uploads\/2024\/03\/Aigal_0066_09074.jpg\" data-elementor-open-lightbox=\"yes\" data-elementor-lightbox-slideshow=\"b959edf\" data-elementor-lightbox-title=\"Aigal_0066_09074\" data-e-action-hash=\"#elementor-action%3Aaction%3Dlightbox%26settings%3DeyJpZCI6NDEyMDIsInVybCI6Imh0dHBzOlwvXC9haWdhbC5jaFwvd3AtY29udGVudFwvdXBsb2Fkc1wvMjAyNFwvMDNcL0FpZ2FsXzAwNjZfMDkwNzQuanBnIiwic2xpZGVzaG93IjoiYjk1OWVkZiJ9\">\n\t\t\t\t\t<div class=\"e-gallery-image elementor-gallery-item__image\" data-thumbnail=\"https:\/\/aigal.ch\/wp-content\/uploads\/2024\/03\/Aigal_0066_09074-768x1151.jpg\" data-width=\"768\" data-height=\"1151\" aria-label=\"Photographe mariage Carouge Daria et Ivan\" role=\"img\" ><\/div>\n\t\t\t\t\t\t\t\t\t\t\t\t\t\t<\/a>\n\t\t\t\t\t<\/div>\n\t\t\t\t\t<\/div>\n\t\t\t\t<\/div>\n\t\t\t\t<div class=\"elementor-element elementor-element-1d5e202 elementor-widget__width-inherit elementor-widget elementor-widget-post-info\" data-id=\"1d5e202\" data-element_type=\"widget\" data-e-type=\"widget\" data-widget_type=\"post-info.default\">\n\t\t\t\t<div class=\"elementor-widget-container\">\n\t\t\t\t\t\t\t<ul class=\"elementor-inline-items elementor-icon-list-items elementor-post-info\">\n\t\t\t\t\t\t\t\t<li class=\"elementor-icon-list-item elementor-repeater-item-0e4b037 elementor-inline-item\" itemprop=\"author\">\n\t\t\t\t\t\t<a href=\"https:\/\/aigal.ch\/en\/author\/emeric\/\">\n\t\t\t\t\t\t\t\t\t\t\t\t\t\t<span class=\"elementor-icon-list-text elementor-post-info__item elementor-post-info__item--type-author\">\n\t\t\t\t\t\t\t<span class=\"elementor-post-info__item-prefix\">Par <\/span>\n\t\t\t\t\t\t\t\t\t\tEmeric\t\t\t\t\t<\/span>\n\t\t\t\t\t\t\t\t\t<\/a>\n\t\t\t\t<\/li>\n\t\t\t\t<li class=\"elementor-icon-list-item elementor-repeater-item-a6868c4 elementor-inline-item\" itemprop=\"datePublished\">\n\t\t\t\t\t\t\t\t\t\t\t\t\t<span class=\"elementor-icon-list-text elementor-post-info__item elementor-post-info__item--type-date\">\n\t\t\t\t\t\t\t<span class=\"elementor-post-info__item-prefix\">, le<\/span>\n\t\t\t\t\t\t\t\t\t\t<time>23.12.23<\/time>\t\t\t\t\t<\/span>\n\t\t\t\t\t\t\t\t<\/li>\n\t\t\t\t<li class=\"elementor-icon-list-item elementor-repeater-item-c3234bb elementor-inline-item\" itemprop=\"about\">\n\t\t\t\t\t\t\t\t\t\t\t\t\t<span class=\"elementor-icon-list-text elementor-post-info__item elementor-post-info__item--type-terms\">\n\t\t\t\t\t\t\t<span class=\"elementor-post-info__item-prefix\">, dans la cat\u00e9gorie :<\/span>\n\t\t\t\t\t\t\t\t\t\t<span class=\"elementor-post-info__terms-list\">\n\t\t\t\t<a href=\"https:\/\/aigal.ch\/en\/category\/mariage\/\" class=\"elementor-post-info__terms-list-item\">Mariage<\/a>, <a href=\"https:\/\/aigal.ch\/en\/category\/mariage\/civil\/\" class=\"elementor-post-info__terms-list-item\">Mariage Civil<\/a>\t\t\t\t<\/span>\n\t\t\t\t\t<\/span>\n\t\t\t\t\t\t\t\t<\/li>\n\t\t\t\t<li class=\"elementor-icon-list-item elementor-repeater-item-b2b036f elementor-inline-item\" itemprop=\"about\">\n\t\t\t\t\t\t\t\t\t\t\t\t\t<span class=\"elementor-icon-list-text elementor-post-info__item elementor-post-info__item--type-terms\">\n\t\t\t\t\t\t\t<span class=\"elementor-post-info__item-prefix\">, mots cl\u00e9s :<\/span>\n\t\t\t\t\t\t\t\t\t\t<span class=\"elementor-post-info__terms-list\">\n\t\t\t\t<a href=\"https:\/\/aigal.ch\/en\/tag\/carouge\/\" class=\"elementor-post-info__terms-list-item\">Carouge<\/a>, <a href=\"https:\/\/aigal.ch\/en\/tag\/civil\/\" class=\"elementor-post-info__terms-list-item\">Civil<\/a>, <a href=\"https:\/\/aigal.ch\/en\/tag\/geneve\/\" class=\"elementor-post-info__terms-list-item\">Geneva<\/a>, <a href=\"https:\/\/aigal.ch\/en\/tag\/mariage\/\" class=\"elementor-post-info__terms-list-item\">Mariage<\/a>, <a href=\"https:\/\/aigal.ch\/en\/tag\/suisse\/\" class=\"elementor-post-info__terms-list-item\">Switzerland<\/a>\t\t\t\t<\/span>\n\t\t\t\t\t<\/span>\n\t\t\t\t\t\t\t\t<\/li>\n\t\t\t\t<\/ul>\n\t\t\t\t\t\t<\/div>\n\t\t\t\t<\/div>\n\t\t\t\t<div class=\"elementor-element elementor-element-093587b elementor-widget__width-inherit elementor-widget elementor-widget-heading\" data-id=\"093587b\" data-element_type=\"widget\" data-e-type=\"widget\" data-widget_type=\"heading.default\">\n\t\t\t\t<div class=\"elementor-widget-container\">\n\t\t\t\t\t<h3 class=\"elementor-heading-title elementor-size-default\">D\u00e9couvrez d'autres mariages<\/h3>\t\t\t\t<\/div>\n\t\t\t\t<\/div>\n\t\t\t\t<div class=\"elementor-element elementor-element-3c314d6 elementor-widget__width-inherit elementor-arrows-position-inside elementor-widget elementor-widget-loop-carousel\" data-id=\"3c314d6\" data-element_type=\"widget\" data-e-type=\"widget\" data-settings=\"{&quot;template_id&quot;:&quot;37252&quot;,&quot;slides_to_show_tablet&quot;:&quot;3&quot;,&quot;slides_to_show_mobile&quot;:&quot;2&quot;,&quot;image_spacing_custom&quot;:{&quot;unit&quot;:&quot;px&quot;,&quot;size&quot;:30,&quot;sizes&quot;:[]},&quot;image_spacing_custom_mobile&quot;:{&quot;unit&quot;:&quot;px&quot;,&quot;size&quot;:2,&quot;sizes&quot;:[]},&quot;_skin&quot;:&quot;post&quot;,&quot;slides_to_show&quot;:&quot;3&quot;,&quot;edit_handle_selector&quot;:&quot;.elementor-loop-container&quot;,&quot;autoplay&quot;:&quot;yes&quot;,&quot;autoplay_speed&quot;:5000,&quot;pause_on_hover&quot;:&quot;yes&quot;,&quot;pause_on_interaction&quot;:&quot;yes&quot;,&quot;infinite&quot;:&quot;yes&quot;,&quot;speed&quot;:500,&quot;offset_sides&quot;:&quot;none&quot;,&quot;arrows&quot;:&quot;yes&quot;,&quot;image_spacing_custom_tablet&quot;:{&quot;unit&quot;:&quot;px&quot;,&quot;size&quot;:&quot;&quot;,&quot;sizes&quot;:[]}}\" data-widget_type=\"loop-carousel.post\">\n\t\t\t\t<div class=\"elementor-widget-container\">\n\t\t\t\t\t\t\t<div class=\"e-loop-nothing-found-message\">\n\t\t<\/div>\n\t\t\t\t\t\t<\/div>\n\t\t\t\t<\/div>\n\t\t\t\t\t<\/div>\n\t\t\t\t<\/div>\n\t\t\t\t<\/div>\n\t\t\t\t<\/div>\n\t\t\t\t\t\t<\/div>\n\t\t\t\t<\/div>\n\t\t\t\t<\/div>\n\t\t\t\t<\/div>","protected":false},"excerpt":{"rendered":"","protected":false},"author":1,"featured_media":41168,"comment_status":"closed","ping_status":"closed","sticky":false,"template":"","format":"standard","meta":{"_acf_changed":false,"footnotes":""},"categories":[115,1],"tags":[284,285,117,113,128],"class_list":["post-41160","post","type-post","status-publish","format-standard","has-post-thumbnail","hentry","category-mariage","category-civil","tag-carouge","tag-civil","tag-geneve","tag-mariage","tag-suisse"],"acf":[],"_links":{"self":[{"href":"https:\/\/aigal.ch\/en\/wp-json\/wp\/v2\/posts\/41160","targetHints":{"allow":["GET"]}}],"collection":[{"href":"https:\/\/aigal.ch\/en\/wp-json\/wp\/v2\/posts"}],"about":[{"href":"https:\/\/aigal.ch\/en\/wp-json\/wp\/v2\/types\/post"}],"author":[{"embeddable":true,"href":"https:\/\/aigal.ch\/en\/wp-json\/wp\/v2\/users\/1"}],"replies":[{"embeddable":true,"href":"https:\/\/aigal.ch\/en\/wp-json\/wp\/v2\/comments?post=41160"}],"version-history":[{"count":0,"href":"https:\/\/aigal.ch\/en\/wp-json\/wp\/v2\/posts\/41160\/revisions"}],"wp:featuredmedia":[{"embeddable":true,"href":"https:\/\/aigal.ch\/en\/wp-json\/wp\/v2\/media\/41168"}],"wp:attachment":[{"href":"https:\/\/aigal.ch\/en\/wp-json\/wp\/v2\/media?parent=41160"}],"wp:term":[{"taxonomy":"category","embeddable":true,"href":"https:\/\/aigal.ch\/en\/wp-json\/wp\/v2\/categories?post=41160"},{"taxonomy":"post_tag","embeddable":true,"href":"https:\/\/aigal.ch\/en\/wp-json\/wp\/v2\/tags?post=41160"}],"curies":[{"name":"wp","href":"https:\/\/api.w.org\/{rel}","templated":true}]}}