{"id":42027,"date":"2024-05-22T10:07:58","date_gmt":"2024-05-22T08:07:58","guid":{"rendered":"https:\/\/aigal.ch\/?p=42027"},"modified":"2025-02-05T15:37:49","modified_gmt":"2025-02-05T14:37:49","slug":"mariage-a-la-reserve-a-geneve","status":"publish","type":"post","link":"https:\/\/aigal.ch\/en\/mariage-a-la-reserve-a-geneve\/","title":{"rendered":"Alicia and Baseem\u2019s Wedding at La R\u00e9serve in Geneva"},"content":{"rendered":"<div data-elementor-type=\"wp-post\" data-elementor-id=\"42027\" class=\"elementor elementor-42027\" data-elementor-post-type=\"post\">\n\t\t\t\t<div class=\"elementor-element elementor-element-e76d44a e-con-full e-flex e-con e-parent\" data-id=\"e76d44a\" data-element_type=\"container\" data-e-type=\"container\">\n\t\t\t\t<div class=\"elementor-element elementor-element-fad076a elementor-widget elementor-widget-template\" data-id=\"fad076a\" data-element_type=\"widget\" data-e-type=\"widget\" data-widget_type=\"template.default\">\n\t\t\t\t<div class=\"elementor-widget-container\">\n\t\t\t\t\t\t\t<div class=\"elementor-template\">\n\t\t\t\t\t<div data-elementor-type=\"page\" data-elementor-id=\"36238\" class=\"elementor elementor-36238\" data-elementor-post-type=\"elementor_library\">\n\t\t\t\t<div class=\"elementor-element elementor-element-37e4718 e-con-full e-flex e-con e-parent\" data-id=\"37e4718\" data-element_type=\"container\" data-e-type=\"container\" data-settings=\"{&quot;background_background&quot;:&quot;classic&quot;}\">\n\t\t\t\t<div class=\"elementor-element elementor-element-1c5c428 elementor-widget__width-inherit elementor-widget elementor-widget-text-editor\" data-id=\"1c5c428\" data-element_type=\"widget\" data-e-type=\"widget\" data-widget_type=\"text-editor.default\">\n\t\t\t\t<div class=\"elementor-widget-container\">\n\t\t\t\t\t\t\t\t\t<nav aria-label=\"breadcrumbs\" class=\"rank-math-breadcrumb\"><p><span class=\"last\">Aigal Wedding<\/span><\/p><\/nav>\t\t\t\t\t\t\t\t<\/div>\n\t\t\t\t<\/div>\n\t\t\t\t<\/div>\n\t\t<div class=\"elementor-element elementor-element-31ee0de e-flex e-con-boxed e-con e-parent\" data-id=\"31ee0de\" data-element_type=\"container\" data-e-type=\"container\">\n\t\t\t\t\t<div class=\"e-con-inner\">\n\t\t\t\t<div class=\"elementor-element elementor-element-715053b elementor-widget__width-inherit elementor-widget elementor-widget-heading\" data-id=\"715053b\" data-element_type=\"widget\" data-e-type=\"widget\" data-widget_type=\"heading.default\">\n\t\t\t\t<div class=\"elementor-widget-container\">\n\t\t\t\t\t<h1 class=\"elementor-heading-title elementor-size-default\">Mariage d'Alicia et Baseem \u00e0 La R\u00e9serve Gen\u00e8ve<\/h1>\t\t\t\t<\/div>\n\t\t\t\t<\/div>\n\t\t<div class=\"elementor-element elementor-element-c4f3c9d e-con-full e-flex e-con e-child\" data-id=\"c4f3c9d\" data-element_type=\"container\" data-e-type=\"container\">\n\t\t<div class=\"elementor-element elementor-element-8aeaa66 e-con-full e-flex e-con e-child\" data-id=\"8aeaa66\" data-element_type=\"container\" data-e-type=\"container\" data-settings=\"{&quot;background_background&quot;:&quot;classic&quot;}\">\n\t\t\t\t<\/div>\n\t\t\t\t<div class=\"elementor-element elementor-element-eff9517 elementor-widget__width-initial elementor-widget-mobile__width-inherit elementor-widget elementor-widget-text-editor\" data-id=\"eff9517\" data-element_type=\"widget\" data-e-type=\"widget\" data-widget_type=\"text-editor.default\">\n\t\t\t\t<div class=\"elementor-widget-container\">\n\t\t\t\t\t\t\t\t\t<p>Le mariage a commenc\u00e9 par une c\u00e9r\u00e9monie civil \u00e0 la mairie des Eaux-Vives. Malgr\u00e9 la m\u00e9t\u00e9o capricieuse, l&rsquo;atmosph\u00e8re \u00e0 l&rsquo;int\u00e9rieur de la mairie \u00e9tait chaleureuse et remplie de joie et d&rsquo;amour. Les mari\u00e9s, entour\u00e9s de leurs proches, ont \u00e9chang\u00e9 leurs consentement avec \u00e9motion et sinc\u00e9rit\u00e9.<\/p>\n<p>Apr\u00e8s la c\u00e9r\u00e9monie, un cocktail a \u00e9t\u00e9 organis\u00e9 \u00e0 l&rsquo;h\u00f4tel la R\u00e9serve de Gen\u00e8ve pour c\u00e9l\u00e9brer cet \u00e9v\u00e9nement sp\u00e9cial. Les invit\u00e9s ont pu profiter de d\u00e9licieux mets et de boissons p\u00e9tillantes, tout en partageant des moments de convivialit\u00e9 et de bonheur avec les nouveaux \u00e9poux.<\/p>\n<p>La pluie a finalement laiss\u00e9 place \u00e0 une accalmie inesp\u00e9r\u00e9e. Les mari\u00e9s ont alors pu se rendre au bord du lac L\u00e9man (ou de Gen\u00e8ve ;)), sur le ponton de la R\u00e9serve pour une s\u00e9ance de photos de couple. Le cadre enchanteur du bord du lac et de La R\u00e9serve, combin\u00e9 \u00e0 la douce lumi\u00e8re apr\u00e8s la pluie, a permis de capturer des souvenirs magnifiques et uniques de cette belle journ\u00e9e.<\/p>\n<p>Ce mariage, marqu\u00e9 par la pluie et l&rsquo;amour, restera grav\u00e9 dans les m\u00e9moires de tous ceux qui y ont particip\u00e9, t\u00e9moignant de la force et de la beaut\u00e9 de l&rsquo;amour qui unit nos deux mari\u00e9s.<\/p>\n<p>&nbsp;<\/p>\n\t\t\t\t\t\t\t\t<\/div>\n\t\t\t\t<\/div>\n\t\t\t\t<\/div>\n\t\t\t\t<div class=\"elementor-element elementor-element-a936e0e elementor-widget__width-inherit elementor-widget elementor-widget-heading\" data-id=\"a936e0e\" data-element_type=\"widget\" data-e-type=\"widget\" data-widget_type=\"heading.default\">\n\t\t\t\t<div class=\"elementor-widget-container\">\n\t\t\t\t\t<h3 class=\"elementor-heading-title elementor-size-default\">Quelques photos de leur mariage<\/h3>\t\t\t\t<\/div>\n\t\t\t\t<\/div>\n\t\t\t\t<div class=\"elementor-element elementor-element-2b1bea4 elementor-widget__width-inherit elementor-widget elementor-widget-text-editor\" data-id=\"2b1bea4\" data-element_type=\"widget\" data-e-type=\"widget\" data-widget_type=\"text-editor.default\">\n\t\t\t\t<div class=\"elementor-widget-container\">\n\t\t\t\t\t\t\t\t\tAfin de pr\u00e9server l&rsquo;anonymat des invit\u00e9s, nous ne publions que quelques photos du mariage.\t\t\t\t\t\t\t\t<\/div>\n\t\t\t\t<\/div>\n\t\t\t\t<div class=\"elementor-element elementor-element-b959edf elementor-widget__width-inherit elementor-widget elementor-widget-gallery\" data-id=\"b959edf\" data-element_type=\"widget\" data-e-type=\"widget\" data-settings=\"{&quot;gap&quot;:{&quot;unit&quot;:&quot;px&quot;,&quot;size&quot;:20,&quot;sizes&quot;:[]},&quot;columns_mobile&quot;:3,&quot;gallery_layout&quot;:&quot;masonry&quot;,&quot;columns_tablet&quot;:3,&quot;lazyload&quot;:&quot;yes&quot;,&quot;columns&quot;:4,&quot;gap_tablet&quot;:{&quot;unit&quot;:&quot;px&quot;,&quot;size&quot;:10,&quot;sizes&quot;:[]},&quot;gap_mobile&quot;:{&quot;unit&quot;:&quot;px&quot;,&quot;size&quot;:10,&quot;sizes&quot;:[]},&quot;link_to&quot;:&quot;file&quot;,&quot;content_hover_animation&quot;:&quot;fade-in&quot;}\" data-widget_type=\"gallery.default\">\n\t\t\t\t<div class=\"elementor-widget-container\">\n\t\t\t\t\t\t\t<div class=\"elementor-gallery__container\">\n\t\t\t\t\t\t\t<a class=\"e-gallery-item elementor-gallery-item elementor-animated-content\" href=\"https:\/\/aigal.ch\/wp-content\/uploads\/2024\/05\/Aigal_0011_07903.jpg\" data-elementor-open-lightbox=\"yes\" data-elementor-lightbox-slideshow=\"b959edf\" data-elementor-lightbox-title=\"Aigal_0011_07903\" data-e-action-hash=\"#elementor-action%3Aaction%3Dlightbox%26settings%3DeyJpZCI6NDIwMzAsInVybCI6Imh0dHBzOlwvXC9haWdhbC5jaFwvd3AtY29udGVudFwvdXBsb2Fkc1wvMjAyNFwvMDVcL0FpZ2FsXzAwMTFfMDc5MDMuanBnIiwic2xpZGVzaG93IjoiYjk1OWVkZiJ9\">\n\t\t\t\t\t<div class=\"e-gallery-image elementor-gallery-item__image\" data-thumbnail=\"https:\/\/aigal.ch\/wp-content\/uploads\/2024\/05\/Aigal_0011_07903-768x512.jpg\" data-width=\"768\" data-height=\"512\" aria-label=\"Wedding at the Eaux-Vives town hall in Geneva\" role=\"img\" ><\/div>\n\t\t\t\t\t\t\t\t\t\t\t\t\t\t<\/a>\n\t\t\t\t\t\t\t<a class=\"e-gallery-item elementor-gallery-item elementor-animated-content\" href=\"https:\/\/aigal.ch\/wp-content\/uploads\/2024\/05\/Aigal_0014_07912.jpg\" data-elementor-open-lightbox=\"yes\" data-elementor-lightbox-slideshow=\"b959edf\" data-elementor-lightbox-title=\"Aigal_0014_07912\" data-e-action-hash=\"#elementor-action%3Aaction%3Dlightbox%26settings%3DeyJpZCI6NDIwMzEsInVybCI6Imh0dHBzOlwvXC9haWdhbC5jaFwvd3AtY29udGVudFwvdXBsb2Fkc1wvMjAyNFwvMDVcL0FpZ2FsXzAwMTRfMDc5MTIuanBnIiwic2xpZGVzaG93IjoiYjk1OWVkZiJ9\">\n\t\t\t\t\t<div class=\"e-gallery-image elementor-gallery-item__image\" data-thumbnail=\"https:\/\/aigal.ch\/wp-content\/uploads\/2024\/05\/Aigal_0014_07912-768x512.jpg\" data-width=\"768\" data-height=\"512\" aria-label=\"Wedding at the Eaux-Vives town hall in Geneva\" role=\"img\" ><\/div>\n\t\t\t\t\t\t\t\t\t\t\t\t\t\t<\/a>\n\t\t\t\t\t\t\t<a class=\"e-gallery-item elementor-gallery-item elementor-animated-content\" href=\"https:\/\/aigal.ch\/wp-content\/uploads\/2024\/05\/Aigal_0030_07982.jpg\" data-elementor-open-lightbox=\"yes\" data-elementor-lightbox-slideshow=\"b959edf\" data-elementor-lightbox-title=\"Aigal_0030_07982\" data-e-action-hash=\"#elementor-action%3Aaction%3Dlightbox%26settings%3DeyJpZCI6NDIwMzQsInVybCI6Imh0dHBzOlwvXC9haWdhbC5jaFwvd3AtY29udGVudFwvdXBsb2Fkc1wvMjAyNFwvMDVcL0FpZ2FsXzAwMzBfMDc5ODIuanBnIiwic2xpZGVzaG93IjoiYjk1OWVkZiJ9\">\n\t\t\t\t\t<div class=\"e-gallery-image elementor-gallery-item__image\" data-thumbnail=\"https:\/\/aigal.ch\/wp-content\/uploads\/2024\/05\/Aigal_0030_07982-768x1151.jpg\" data-width=\"768\" data-height=\"1151\" aria-label=\"Wedding at the Eaux-Vives town hall in Geneva\" role=\"img\" ><\/div>\n\t\t\t\t\t\t\t\t\t\t\t\t\t\t<\/a>\n\t\t\t\t\t\t\t<a class=\"e-gallery-item elementor-gallery-item elementor-animated-content\" href=\"https:\/\/aigal.ch\/wp-content\/uploads\/2024\/05\/Aigal_0033_07996.jpg\" data-elementor-open-lightbox=\"yes\" data-elementor-lightbox-slideshow=\"b959edf\" data-elementor-lightbox-title=\"Aigal_0033_07996\" data-e-action-hash=\"#elementor-action%3Aaction%3Dlightbox%26settings%3DeyJpZCI6NDIwMzUsInVybCI6Imh0dHBzOlwvXC9haWdhbC5jaFwvd3AtY29udGVudFwvdXBsb2Fkc1wvMjAyNFwvMDVcL0FpZ2FsXzAwMzNfMDc5OTYuanBnIiwic2xpZGVzaG93IjoiYjk1OWVkZiJ9\">\n\t\t\t\t\t<div class=\"e-gallery-image elementor-gallery-item__image\" data-thumbnail=\"https:\/\/aigal.ch\/wp-content\/uploads\/2024\/05\/Aigal_0033_07996-768x512.jpg\" data-width=\"768\" data-height=\"512\" aria-label=\"Wedding at the Eaux-Vives town hall in Geneva\" role=\"img\" ><\/div>\n\t\t\t\t\t\t\t\t\t\t\t\t\t\t<\/a>\n\t\t\t\t\t\t\t<a class=\"e-gallery-item elementor-gallery-item elementor-animated-content\" href=\"https:\/\/aigal.ch\/wp-content\/uploads\/2024\/05\/Aigal_0037_08010.jpg\" data-elementor-open-lightbox=\"yes\" data-elementor-lightbox-slideshow=\"b959edf\" data-elementor-lightbox-title=\"Aigal_0037_08010\" data-e-action-hash=\"#elementor-action%3Aaction%3Dlightbox%26settings%3DeyJpZCI6NDIwMzYsInVybCI6Imh0dHBzOlwvXC9haWdhbC5jaFwvd3AtY29udGVudFwvdXBsb2Fkc1wvMjAyNFwvMDVcL0FpZ2FsXzAwMzdfMDgwMTAuanBnIiwic2xpZGVzaG93IjoiYjk1OWVkZiJ9\">\n\t\t\t\t\t<div class=\"e-gallery-image elementor-gallery-item__image\" data-thumbnail=\"https:\/\/aigal.ch\/wp-content\/uploads\/2024\/05\/Aigal_0037_08010-768x512.jpg\" data-width=\"768\" data-height=\"512\" aria-label=\"Wedding at the Eaux-Vives town hall in Geneva\" role=\"img\" ><\/div>\n\t\t\t\t\t\t\t\t\t\t\t\t\t\t<\/a>\n\t\t\t\t\t\t\t<a class=\"e-gallery-item elementor-gallery-item elementor-animated-content\" href=\"https:\/\/aigal.ch\/wp-content\/uploads\/2024\/05\/Aigal_0047_08048.jpg\" data-elementor-open-lightbox=\"yes\" data-elementor-lightbox-slideshow=\"b959edf\" data-elementor-lightbox-title=\"Aigal_0047_08048\" data-e-action-hash=\"#elementor-action%3Aaction%3Dlightbox%26settings%3DeyJpZCI6NDIwMzgsInVybCI6Imh0dHBzOlwvXC9haWdhbC5jaFwvd3AtY29udGVudFwvdXBsb2Fkc1wvMjAyNFwvMDVcL0FpZ2FsXzAwNDdfMDgwNDguanBnIiwic2xpZGVzaG93IjoiYjk1OWVkZiJ9\">\n\t\t\t\t\t<div class=\"e-gallery-image elementor-gallery-item__image\" data-thumbnail=\"https:\/\/aigal.ch\/wp-content\/uploads\/2024\/05\/Aigal_0047_08048-768x1151.jpg\" data-width=\"768\" data-height=\"1151\" aria-label=\"Wedding at the Eaux-Vives town hall in Geneva\" role=\"img\" ><\/div>\n\t\t\t\t\t\t\t\t\t\t\t\t\t\t<\/a>\n\t\t\t\t\t\t\t<a class=\"e-gallery-item elementor-gallery-item elementor-animated-content\" href=\"https:\/\/aigal.ch\/wp-content\/uploads\/2024\/05\/Aigal_0053_08086.jpg\" data-elementor-open-lightbox=\"yes\" data-elementor-lightbox-slideshow=\"b959edf\" data-elementor-lightbox-title=\"Aigal_0053_08086\" data-e-action-hash=\"#elementor-action%3Aaction%3Dlightbox%26settings%3DeyJpZCI6NDIwMzksInVybCI6Imh0dHBzOlwvXC9haWdhbC5jaFwvd3AtY29udGVudFwvdXBsb2Fkc1wvMjAyNFwvMDVcL0FpZ2FsXzAwNTNfMDgwODYuanBnIiwic2xpZGVzaG93IjoiYjk1OWVkZiJ9\">\n\t\t\t\t\t<div class=\"e-gallery-image elementor-gallery-item__image\" data-thumbnail=\"https:\/\/aigal.ch\/wp-content\/uploads\/2024\/05\/Aigal_0053_08086-768x512.jpg\" data-width=\"768\" data-height=\"512\" aria-label=\"Wedding at the Eaux-Vives town hall in Geneva\" role=\"img\" ><\/div>\n\t\t\t\t\t\t\t\t\t\t\t\t\t\t<\/a>\n\t\t\t\t\t\t\t<a class=\"e-gallery-item elementor-gallery-item elementor-animated-content\" href=\"https:\/\/aigal.ch\/wp-content\/uploads\/2024\/05\/Aigal_0062_08140.jpg\" data-elementor-open-lightbox=\"yes\" data-elementor-lightbox-slideshow=\"b959edf\" data-elementor-lightbox-title=\"Aigal_0062_08140\" data-e-action-hash=\"#elementor-action%3Aaction%3Dlightbox%26settings%3DeyJpZCI6NDIwNDEsInVybCI6Imh0dHBzOlwvXC9haWdhbC5jaFwvd3AtY29udGVudFwvdXBsb2Fkc1wvMjAyNFwvMDVcL0FpZ2FsXzAwNjJfMDgxNDAuanBnIiwic2xpZGVzaG93IjoiYjk1OWVkZiJ9\">\n\t\t\t\t\t<div class=\"e-gallery-image elementor-gallery-item__image\" data-thumbnail=\"https:\/\/aigal.ch\/wp-content\/uploads\/2024\/05\/Aigal_0062_08140-768x512.jpg\" data-width=\"768\" data-height=\"512\" aria-label=\"Wedding at the Eaux-Vives town hall in Geneva\" role=\"img\" ><\/div>\n\t\t\t\t\t\t\t\t\t\t\t\t\t\t<\/a>\n\t\t\t\t\t\t\t<a class=\"e-gallery-item elementor-gallery-item elementor-animated-content\" href=\"https:\/\/aigal.ch\/wp-content\/uploads\/2024\/05\/Aigal_0089_08262.jpg\" data-elementor-open-lightbox=\"yes\" data-elementor-lightbox-slideshow=\"b959edf\" data-elementor-lightbox-title=\"Aigal_0089_08262\" data-e-action-hash=\"#elementor-action%3Aaction%3Dlightbox%26settings%3DeyJpZCI6NDIwNDMsInVybCI6Imh0dHBzOlwvXC9haWdhbC5jaFwvd3AtY29udGVudFwvdXBsb2Fkc1wvMjAyNFwvMDVcL0FpZ2FsXzAwODlfMDgyNjIuanBnIiwic2xpZGVzaG93IjoiYjk1OWVkZiJ9\">\n\t\t\t\t\t<div class=\"e-gallery-image elementor-gallery-item__image\" data-thumbnail=\"https:\/\/aigal.ch\/wp-content\/uploads\/2024\/05\/Aigal_0089_08262-768x512.jpg\" data-width=\"768\" data-height=\"512\" aria-label=\"Wedding at the Eaux-Vives town hall in Geneva\" role=\"img\" ><\/div>\n\t\t\t\t\t\t\t\t\t\t\t\t\t\t<\/a>\n\t\t\t\t\t\t\t<a class=\"e-gallery-item elementor-gallery-item elementor-animated-content\" href=\"https:\/\/aigal.ch\/wp-content\/uploads\/2024\/05\/Aigal_0098_08298.jpg\" data-elementor-open-lightbox=\"yes\" data-elementor-lightbox-slideshow=\"b959edf\" data-elementor-lightbox-title=\"Aigal_0098_08298\" data-e-action-hash=\"#elementor-action%3Aaction%3Dlightbox%26settings%3DeyJpZCI6NDIwNDQsInVybCI6Imh0dHBzOlwvXC9haWdhbC5jaFwvd3AtY29udGVudFwvdXBsb2Fkc1wvMjAyNFwvMDVcL0FpZ2FsXzAwOThfMDgyOTguanBnIiwic2xpZGVzaG93IjoiYjk1OWVkZiJ9\">\n\t\t\t\t\t<div class=\"e-gallery-image elementor-gallery-item__image\" data-thumbnail=\"https:\/\/aigal.ch\/wp-content\/uploads\/2024\/05\/Aigal_0098_08298-768x512.jpg\" data-width=\"768\" data-height=\"512\" aria-label=\"Wedding at the Eaux-Vives town hall in Geneva\" role=\"img\" ><\/div>\n\t\t\t\t\t\t\t\t\t\t\t\t\t\t<\/a>\n\t\t\t\t\t\t\t<a class=\"e-gallery-item elementor-gallery-item elementor-animated-content\" href=\"https:\/\/aigal.ch\/wp-content\/uploads\/2024\/05\/Aigal_0103_08311.jpg\" data-elementor-open-lightbox=\"yes\" data-elementor-lightbox-slideshow=\"b959edf\" data-elementor-lightbox-title=\"Aigal_0103_08311\" data-e-action-hash=\"#elementor-action%3Aaction%3Dlightbox%26settings%3DeyJpZCI6NDIwNDUsInVybCI6Imh0dHBzOlwvXC9haWdhbC5jaFwvd3AtY29udGVudFwvdXBsb2Fkc1wvMjAyNFwvMDVcL0FpZ2FsXzAxMDNfMDgzMTEuanBnIiwic2xpZGVzaG93IjoiYjk1OWVkZiJ9\">\n\t\t\t\t\t<div class=\"e-gallery-image elementor-gallery-item__image\" data-thumbnail=\"https:\/\/aigal.ch\/wp-content\/uploads\/2024\/05\/Aigal_0103_08311-768x512.jpg\" data-width=\"768\" data-height=\"512\" aria-label=\"Wedding at the Eaux-Vives town hall in Geneva\" role=\"img\" ><\/div>\n\t\t\t\t\t\t\t\t\t\t\t\t\t\t<\/a>\n\t\t\t\t\t\t\t<a class=\"e-gallery-item elementor-gallery-item elementor-animated-content\" href=\"https:\/\/aigal.ch\/wp-content\/uploads\/2024\/05\/Aigal_0109_08343.jpg\" data-elementor-open-lightbox=\"yes\" data-elementor-lightbox-slideshow=\"b959edf\" data-elementor-lightbox-title=\"Aigal_0109_08343\" data-e-action-hash=\"#elementor-action%3Aaction%3Dlightbox%26settings%3DeyJpZCI6NDIwNDYsInVybCI6Imh0dHBzOlwvXC9haWdhbC5jaFwvd3AtY29udGVudFwvdXBsb2Fkc1wvMjAyNFwvMDVcL0FpZ2FsXzAxMDlfMDgzNDMuanBnIiwic2xpZGVzaG93IjoiYjk1OWVkZiJ9\">\n\t\t\t\t\t<div class=\"e-gallery-image elementor-gallery-item__image\" data-thumbnail=\"https:\/\/aigal.ch\/wp-content\/uploads\/2024\/05\/Aigal_0109_08343-768x1151.jpg\" data-width=\"768\" data-height=\"1151\" aria-label=\"Wedding at the Eaux-Vives town hall in Geneva\" role=\"img\" ><\/div>\n\t\t\t\t\t\t\t\t\t\t\t\t\t\t<\/a>\n\t\t\t\t\t\t\t<a class=\"e-gallery-item elementor-gallery-item elementor-animated-content\" href=\"https:\/\/aigal.ch\/wp-content\/uploads\/2024\/05\/Aigal_0118_08373.jpg\" data-elementor-open-lightbox=\"yes\" data-elementor-lightbox-slideshow=\"b959edf\" data-elementor-lightbox-title=\"Aigal_0118_08373\" data-e-action-hash=\"#elementor-action%3Aaction%3Dlightbox%26settings%3DeyJpZCI6NDIwNDcsInVybCI6Imh0dHBzOlwvXC9haWdhbC5jaFwvd3AtY29udGVudFwvdXBsb2Fkc1wvMjAyNFwvMDVcL0FpZ2FsXzAxMThfMDgzNzMuanBnIiwic2xpZGVzaG93IjoiYjk1OWVkZiJ9\">\n\t\t\t\t\t<div class=\"e-gallery-image elementor-gallery-item__image\" data-thumbnail=\"https:\/\/aigal.ch\/wp-content\/uploads\/2024\/05\/Aigal_0118_08373-768x512.jpg\" data-width=\"768\" data-height=\"512\" aria-label=\"Wedding at the Eaux-Vives town hall in Geneva\" role=\"img\" ><\/div>\n\t\t\t\t\t\t\t\t\t\t\t\t\t\t<\/a>\n\t\t\t\t\t\t\t<a class=\"e-gallery-item elementor-gallery-item elementor-animated-content\" href=\"https:\/\/aigal.ch\/wp-content\/uploads\/2024\/05\/Aigal_0139_08468.jpg\" data-elementor-open-lightbox=\"yes\" data-elementor-lightbox-slideshow=\"b959edf\" data-elementor-lightbox-title=\"Aigal_0139_08468\" data-e-action-hash=\"#elementor-action%3Aaction%3Dlightbox%26settings%3DeyJpZCI6NDIwNDgsInVybCI6Imh0dHBzOlwvXC9haWdhbC5jaFwvd3AtY29udGVudFwvdXBsb2Fkc1wvMjAyNFwvMDVcL0FpZ2FsXzAxMzlfMDg0NjguanBnIiwic2xpZGVzaG93IjoiYjk1OWVkZiJ9\">\n\t\t\t\t\t<div class=\"e-gallery-image elementor-gallery-item__image\" data-thumbnail=\"https:\/\/aigal.ch\/wp-content\/uploads\/2024\/05\/Aigal_0139_08468-768x1151.jpg\" data-width=\"768\" data-height=\"1151\" aria-label=\"Wedding at the Eaux-Vives town hall in Geneva\" role=\"img\" ><\/div>\n\t\t\t\t\t\t\t\t\t\t\t\t\t\t<\/a>\n\t\t\t\t\t\t\t<a class=\"e-gallery-item elementor-gallery-item elementor-animated-content\" href=\"https:\/\/aigal.ch\/wp-content\/uploads\/2024\/05\/Aigal_0144_08488.jpg\" data-elementor-open-lightbox=\"yes\" data-elementor-lightbox-slideshow=\"b959edf\" data-elementor-lightbox-title=\"Aigal_0144_08488\" data-e-action-hash=\"#elementor-action%3Aaction%3Dlightbox%26settings%3DeyJpZCI6NDIwNTAsInVybCI6Imh0dHBzOlwvXC9haWdhbC5jaFwvd3AtY29udGVudFwvdXBsb2Fkc1wvMjAyNFwvMDVcL0FpZ2FsXzAxNDRfMDg0ODguanBnIiwic2xpZGVzaG93IjoiYjk1OWVkZiJ9\">\n\t\t\t\t\t<div class=\"e-gallery-image elementor-gallery-item__image\" data-thumbnail=\"https:\/\/aigal.ch\/wp-content\/uploads\/2024\/05\/Aigal_0144_08488-768x512.jpg\" data-width=\"768\" data-height=\"512\" aria-label=\"Wedding at the Eaux-Vives town hall in Geneva\" role=\"img\" ><\/div>\n\t\t\t\t\t\t\t\t\t\t\t\t\t\t<\/a>\n\t\t\t\t\t\t\t<a class=\"e-gallery-item elementor-gallery-item elementor-animated-content\" href=\"https:\/\/aigal.ch\/wp-content\/uploads\/2024\/05\/Aigal_0222_08847.jpg\" data-elementor-open-lightbox=\"yes\" data-elementor-lightbox-slideshow=\"b959edf\" data-elementor-lightbox-title=\"Aigal_0222_08847\" data-e-action-hash=\"#elementor-action%3Aaction%3Dlightbox%26settings%3DeyJpZCI6NDIwNTEsInVybCI6Imh0dHBzOlwvXC9haWdhbC5jaFwvd3AtY29udGVudFwvdXBsb2Fkc1wvMjAyNFwvMDVcL0FpZ2FsXzAyMjJfMDg4NDcuanBnIiwic2xpZGVzaG93IjoiYjk1OWVkZiJ9\">\n\t\t\t\t\t<div class=\"e-gallery-image elementor-gallery-item__image\" data-thumbnail=\"https:\/\/aigal.ch\/wp-content\/uploads\/2024\/05\/Aigal_0222_08847-768x1151.jpg\" data-width=\"768\" data-height=\"1151\" aria-label=\"Wedding at the Eaux-Vives town hall in Geneva\" role=\"img\" ><\/div>\n\t\t\t\t\t\t\t\t\t\t\t\t\t\t<\/a>\n\t\t\t\t\t\t\t<a class=\"e-gallery-item elementor-gallery-item elementor-animated-content\" href=\"https:\/\/aigal.ch\/wp-content\/uploads\/2024\/05\/Aigal_0224_08858.jpg\" data-elementor-open-lightbox=\"yes\" data-elementor-lightbox-slideshow=\"b959edf\" data-elementor-lightbox-title=\"Aigal_0224_08858\" data-e-action-hash=\"#elementor-action%3Aaction%3Dlightbox%26settings%3DeyJpZCI6NDIwNTIsInVybCI6Imh0dHBzOlwvXC9haWdhbC5jaFwvd3AtY29udGVudFwvdXBsb2Fkc1wvMjAyNFwvMDVcL0FpZ2FsXzAyMjRfMDg4NTguanBnIiwic2xpZGVzaG93IjoiYjk1OWVkZiJ9\">\n\t\t\t\t\t<div class=\"e-gallery-image elementor-gallery-item__image\" data-thumbnail=\"https:\/\/aigal.ch\/wp-content\/uploads\/2024\/05\/Aigal_0224_08858-768x1151.jpg\" data-width=\"768\" data-height=\"1151\" aria-label=\"Wedding at the Eaux-Vives town hall in Geneva\" role=\"img\" ><\/div>\n\t\t\t\t\t\t\t\t\t\t\t\t\t\t<\/a>\n\t\t\t\t\t\t\t<a class=\"e-gallery-item elementor-gallery-item elementor-animated-content\" href=\"https:\/\/aigal.ch\/wp-content\/uploads\/2024\/05\/Aigal_0228_08892.jpg\" data-elementor-open-lightbox=\"yes\" data-elementor-lightbox-slideshow=\"b959edf\" data-elementor-lightbox-title=\"Aigal_0228_08892\" data-e-action-hash=\"#elementor-action%3Aaction%3Dlightbox%26settings%3DeyJpZCI6NDIwNTMsInVybCI6Imh0dHBzOlwvXC9haWdhbC5jaFwvd3AtY29udGVudFwvdXBsb2Fkc1wvMjAyNFwvMDVcL0FpZ2FsXzAyMjhfMDg4OTIuanBnIiwic2xpZGVzaG93IjoiYjk1OWVkZiJ9\">\n\t\t\t\t\t<div class=\"e-gallery-image elementor-gallery-item__image\" data-thumbnail=\"https:\/\/aigal.ch\/wp-content\/uploads\/2024\/05\/Aigal_0228_08892-768x1151.jpg\" data-width=\"768\" data-height=\"1151\" aria-label=\"Wedding at the Eaux-Vives town hall in Geneva\" role=\"img\" ><\/div>\n\t\t\t\t\t\t\t\t\t\t\t\t\t\t<\/a>\n\t\t\t\t\t\t\t<a class=\"e-gallery-item elementor-gallery-item elementor-animated-content\" href=\"https:\/\/aigal.ch\/wp-content\/uploads\/2024\/05\/Aigal_0230_08901.jpg\" data-elementor-open-lightbox=\"yes\" data-elementor-lightbox-slideshow=\"b959edf\" data-elementor-lightbox-title=\"Aigal_0230_08901\" data-e-action-hash=\"#elementor-action%3Aaction%3Dlightbox%26settings%3DeyJpZCI6NDIwNTQsInVybCI6Imh0dHBzOlwvXC9haWdhbC5jaFwvd3AtY29udGVudFwvdXBsb2Fkc1wvMjAyNFwvMDVcL0FpZ2FsXzAyMzBfMDg5MDEuanBnIiwic2xpZGVzaG93IjoiYjk1OWVkZiJ9\">\n\t\t\t\t\t<div class=\"e-gallery-image elementor-gallery-item__image\" data-thumbnail=\"https:\/\/aigal.ch\/wp-content\/uploads\/2024\/05\/Aigal_0230_08901-768x1151.jpg\" data-width=\"768\" data-height=\"1151\" aria-label=\"Wedding at the Eaux-Vives town hall in Geneva\" role=\"img\" ><\/div>\n\t\t\t\t\t\t\t\t\t\t\t\t\t\t<\/a>\n\t\t\t\t\t\t\t<a class=\"e-gallery-item elementor-gallery-item elementor-animated-content\" href=\"https:\/\/aigal.ch\/wp-content\/uploads\/2024\/05\/Aigal_0236_08940.jpg\" data-elementor-open-lightbox=\"yes\" data-elementor-lightbox-slideshow=\"b959edf\" data-elementor-lightbox-title=\"Aigal_0236_08940\" data-e-action-hash=\"#elementor-action%3Aaction%3Dlightbox%26settings%3DeyJpZCI6NDIwNTYsInVybCI6Imh0dHBzOlwvXC9haWdhbC5jaFwvd3AtY29udGVudFwvdXBsb2Fkc1wvMjAyNFwvMDVcL0FpZ2FsXzAyMzZfMDg5NDAuanBnIiwic2xpZGVzaG93IjoiYjk1OWVkZiJ9\">\n\t\t\t\t\t<div class=\"e-gallery-image elementor-gallery-item__image\" data-thumbnail=\"https:\/\/aigal.ch\/wp-content\/uploads\/2024\/05\/Aigal_0236_08940-768x1151.jpg\" data-width=\"768\" data-height=\"1151\" aria-label=\"Wedding at the Eaux-Vives town hall in Geneva\" role=\"img\" ><\/div>\n\t\t\t\t\t\t\t\t\t\t\t\t\t\t<\/a>\n\t\t\t\t\t\t\t<a class=\"e-gallery-item elementor-gallery-item elementor-animated-content\" href=\"https:\/\/aigal.ch\/wp-content\/uploads\/2024\/05\/Aigal_0246_08980.jpg\" data-elementor-open-lightbox=\"yes\" data-elementor-lightbox-slideshow=\"b959edf\" data-elementor-lightbox-title=\"Aigal_0246_08980\" data-e-action-hash=\"#elementor-action%3Aaction%3Dlightbox%26settings%3DeyJpZCI6NDIwNTgsInVybCI6Imh0dHBzOlwvXC9haWdhbC5jaFwvd3AtY29udGVudFwvdXBsb2Fkc1wvMjAyNFwvMDVcL0FpZ2FsXzAyNDZfMDg5ODAuanBnIiwic2xpZGVzaG93IjoiYjk1OWVkZiJ9\">\n\t\t\t\t\t<div class=\"e-gallery-image elementor-gallery-item__image\" data-thumbnail=\"https:\/\/aigal.ch\/wp-content\/uploads\/2024\/05\/Aigal_0246_08980-768x512.jpg\" data-width=\"768\" data-height=\"512\" aria-label=\"Wedding at the Eaux-Vives town hall in Geneva\" role=\"img\" ><\/div>\n\t\t\t\t\t\t\t\t\t\t\t\t\t\t<\/a>\n\t\t\t\t\t\t\t<a class=\"e-gallery-item elementor-gallery-item elementor-animated-content\" href=\"https:\/\/aigal.ch\/wp-content\/uploads\/2024\/05\/Aigal_0251_09010.jpg\" data-elementor-open-lightbox=\"yes\" data-elementor-lightbox-slideshow=\"b959edf\" data-elementor-lightbox-title=\"Aigal_0251_09010\" data-e-action-hash=\"#elementor-action%3Aaction%3Dlightbox%26settings%3DeyJpZCI6NDIwNTksInVybCI6Imh0dHBzOlwvXC9haWdhbC5jaFwvd3AtY29udGVudFwvdXBsb2Fkc1wvMjAyNFwvMDVcL0FpZ2FsXzAyNTFfMDkwMTAuanBnIiwic2xpZGVzaG93IjoiYjk1OWVkZiJ9\">\n\t\t\t\t\t<div class=\"e-gallery-image elementor-gallery-item__image\" data-thumbnail=\"https:\/\/aigal.ch\/wp-content\/uploads\/2024\/05\/Aigal_0251_09010-768x1151.jpg\" data-width=\"768\" data-height=\"1151\" aria-label=\"Wedding at the Eaux-Vives town hall in Geneva\" role=\"img\" ><\/div>\n\t\t\t\t\t\t\t\t\t\t\t\t\t\t<\/a>\n\t\t\t\t\t\t\t<a class=\"e-gallery-item elementor-gallery-item elementor-animated-content\" href=\"https:\/\/aigal.ch\/wp-content\/uploads\/2024\/05\/Aigal_0255_09032.jpg\" data-elementor-open-lightbox=\"yes\" data-elementor-lightbox-slideshow=\"b959edf\" data-elementor-lightbox-title=\"Aigal_0255_09032\" data-e-action-hash=\"#elementor-action%3Aaction%3Dlightbox%26settings%3DeyJpZCI6NDIwNjEsInVybCI6Imh0dHBzOlwvXC9haWdhbC5jaFwvd3AtY29udGVudFwvdXBsb2Fkc1wvMjAyNFwvMDVcL0FpZ2FsXzAyNTVfMDkwMzIuanBnIiwic2xpZGVzaG93IjoiYjk1OWVkZiJ9\">\n\t\t\t\t\t<div class=\"e-gallery-image elementor-gallery-item__image\" data-thumbnail=\"https:\/\/aigal.ch\/wp-content\/uploads\/2024\/05\/Aigal_0255_09032-768x1151.jpg\" data-width=\"768\" data-height=\"1151\" aria-label=\"Wedding at the Eaux-Vives town hall in Geneva\" role=\"img\" ><\/div>\n\t\t\t\t\t\t\t\t\t\t\t\t\t\t<\/a>\n\t\t\t\t\t\t\t<a class=\"e-gallery-item elementor-gallery-item elementor-animated-content\" href=\"https:\/\/aigal.ch\/wp-content\/uploads\/2024\/05\/Aigal_0318_09319.jpg\" data-elementor-open-lightbox=\"yes\" data-elementor-lightbox-slideshow=\"b959edf\" data-elementor-lightbox-title=\"Aigal_0318_09319\" data-e-action-hash=\"#elementor-action%3Aaction%3Dlightbox%26settings%3DeyJpZCI6NDIwNjIsInVybCI6Imh0dHBzOlwvXC9haWdhbC5jaFwvd3AtY29udGVudFwvdXBsb2Fkc1wvMjAyNFwvMDVcL0FpZ2FsXzAzMThfMDkzMTkuanBnIiwic2xpZGVzaG93IjoiYjk1OWVkZiJ9\">\n\t\t\t\t\t<div class=\"e-gallery-image elementor-gallery-item__image\" data-thumbnail=\"https:\/\/aigal.ch\/wp-content\/uploads\/2024\/05\/Aigal_0318_09319-768x1151.jpg\" data-width=\"768\" data-height=\"1151\" aria-label=\"Mariage \u00e0 La R\u00e9serve Gen\u00e8ve Hotel and Spa\" role=\"img\" ><\/div>\n\t\t\t\t\t\t\t\t\t\t\t\t\t\t<\/a>\n\t\t\t\t\t\t\t<a class=\"e-gallery-item elementor-gallery-item elementor-animated-content\" href=\"https:\/\/aigal.ch\/wp-content\/uploads\/2024\/05\/Aigal_0320_09325.jpg\" data-elementor-open-lightbox=\"yes\" data-elementor-lightbox-slideshow=\"b959edf\" data-elementor-lightbox-title=\"Aigal_0320_09325\" data-e-action-hash=\"#elementor-action%3Aaction%3Dlightbox%26settings%3DeyJpZCI6NDIwNjMsInVybCI6Imh0dHBzOlwvXC9haWdhbC5jaFwvd3AtY29udGVudFwvdXBsb2Fkc1wvMjAyNFwvMDVcL0FpZ2FsXzAzMjBfMDkzMjUuanBnIiwic2xpZGVzaG93IjoiYjk1OWVkZiJ9\">\n\t\t\t\t\t<div class=\"e-gallery-image elementor-gallery-item__image\" data-thumbnail=\"https:\/\/aigal.ch\/wp-content\/uploads\/2024\/05\/Aigal_0320_09325-768x512.jpg\" data-width=\"768\" data-height=\"512\" aria-label=\"Mariage \u00e0 La R\u00e9serve Gen\u00e8ve Hotel and Spa\" role=\"img\" ><\/div>\n\t\t\t\t\t\t\t\t\t\t\t\t\t\t<\/a>\n\t\t\t\t\t\t\t<a class=\"e-gallery-item elementor-gallery-item elementor-animated-content\" href=\"https:\/\/aigal.ch\/wp-content\/uploads\/2024\/05\/Aigal_0322_09333.jpg\" data-elementor-open-lightbox=\"yes\" data-elementor-lightbox-slideshow=\"b959edf\" data-elementor-lightbox-title=\"Aigal_0322_09333\" data-e-action-hash=\"#elementor-action%3Aaction%3Dlightbox%26settings%3DeyJpZCI6NDIwNjQsInVybCI6Imh0dHBzOlwvXC9haWdhbC5jaFwvd3AtY29udGVudFwvdXBsb2Fkc1wvMjAyNFwvMDVcL0FpZ2FsXzAzMjJfMDkzMzMuanBnIiwic2xpZGVzaG93IjoiYjk1OWVkZiJ9\">\n\t\t\t\t\t<div class=\"e-gallery-image elementor-gallery-item__image\" data-thumbnail=\"https:\/\/aigal.ch\/wp-content\/uploads\/2024\/05\/Aigal_0322_09333-768x512.jpg\" data-width=\"768\" data-height=\"512\" aria-label=\"Mariage \u00e0 La R\u00e9serve Gen\u00e8ve Hotel and Spa\" role=\"img\" ><\/div>\n\t\t\t\t\t\t\t\t\t\t\t\t\t\t<\/a>\n\t\t\t\t\t\t\t<a class=\"e-gallery-item elementor-gallery-item elementor-animated-content\" href=\"https:\/\/aigal.ch\/wp-content\/uploads\/2024\/05\/Aigal_0342_09459.jpg\" data-elementor-open-lightbox=\"yes\" data-elementor-lightbox-slideshow=\"b959edf\" data-elementor-lightbox-title=\"Aigal_0342_09459\" data-e-action-hash=\"#elementor-action%3Aaction%3Dlightbox%26settings%3DeyJpZCI6NDIwNjUsInVybCI6Imh0dHBzOlwvXC9haWdhbC5jaFwvd3AtY29udGVudFwvdXBsb2Fkc1wvMjAyNFwvMDVcL0FpZ2FsXzAzNDJfMDk0NTkuanBnIiwic2xpZGVzaG93IjoiYjk1OWVkZiJ9\">\n\t\t\t\t\t<div class=\"e-gallery-image elementor-gallery-item__image\" data-thumbnail=\"https:\/\/aigal.ch\/wp-content\/uploads\/2024\/05\/Aigal_0342_09459-768x512.jpg\" data-width=\"768\" data-height=\"512\" aria-label=\"Mariage \u00e0 La R\u00e9serve Gen\u00e8ve Hotel and Spa\" role=\"img\" ><\/div>\n\t\t\t\t\t\t\t\t\t\t\t\t\t\t<\/a>\n\t\t\t\t\t\t\t<a class=\"e-gallery-item elementor-gallery-item elementor-animated-content\" href=\"https:\/\/aigal.ch\/wp-content\/uploads\/2024\/05\/Aigal_0347_09484.jpg\" data-elementor-open-lightbox=\"yes\" data-elementor-lightbox-slideshow=\"b959edf\" data-elementor-lightbox-title=\"Aigal_0347_09484\" data-e-action-hash=\"#elementor-action%3Aaction%3Dlightbox%26settings%3DeyJpZCI6NDIwNjYsInVybCI6Imh0dHBzOlwvXC9haWdhbC5jaFwvd3AtY29udGVudFwvdXBsb2Fkc1wvMjAyNFwvMDVcL0FpZ2FsXzAzNDdfMDk0ODQuanBnIiwic2xpZGVzaG93IjoiYjk1OWVkZiJ9\">\n\t\t\t\t\t<div class=\"e-gallery-image elementor-gallery-item__image\" data-thumbnail=\"https:\/\/aigal.ch\/wp-content\/uploads\/2024\/05\/Aigal_0347_09484-768x512.jpg\" data-width=\"768\" data-height=\"512\" aria-label=\"Mariage \u00e0 La R\u00e9serve Gen\u00e8ve Hotel and Spa\" role=\"img\" ><\/div>\n\t\t\t\t\t\t\t\t\t\t\t\t\t\t<\/a>\n\t\t\t\t\t\t\t<a class=\"e-gallery-item elementor-gallery-item elementor-animated-content\" href=\"https:\/\/aigal.ch\/wp-content\/uploads\/2024\/05\/Aigal_0349_09497.jpg\" data-elementor-open-lightbox=\"yes\" data-elementor-lightbox-slideshow=\"b959edf\" data-elementor-lightbox-title=\"Aigal_0349_09497\" data-e-action-hash=\"#elementor-action%3Aaction%3Dlightbox%26settings%3DeyJpZCI6NDIwNjcsInVybCI6Imh0dHBzOlwvXC9haWdhbC5jaFwvd3AtY29udGVudFwvdXBsb2Fkc1wvMjAyNFwvMDVcL0FpZ2FsXzAzNDlfMDk0OTcuanBnIiwic2xpZGVzaG93IjoiYjk1OWVkZiJ9\">\n\t\t\t\t\t<div class=\"e-gallery-image elementor-gallery-item__image\" data-thumbnail=\"https:\/\/aigal.ch\/wp-content\/uploads\/2024\/05\/Aigal_0349_09497-768x1151.jpg\" data-width=\"768\" data-height=\"1151\" aria-label=\"Mariage \u00e0 La R\u00e9serve Gen\u00e8ve Hotel and Spa\" role=\"img\" ><\/div>\n\t\t\t\t\t\t\t\t\t\t\t\t\t\t<\/a>\n\t\t\t\t\t\t\t<a class=\"e-gallery-item elementor-gallery-item elementor-animated-content\" href=\"https:\/\/aigal.ch\/wp-content\/uploads\/2024\/05\/Aigal_0350_09506.jpg\" data-elementor-open-lightbox=\"yes\" data-elementor-lightbox-slideshow=\"b959edf\" data-elementor-lightbox-title=\"Aigal_0350_09506\" data-e-action-hash=\"#elementor-action%3Aaction%3Dlightbox%26settings%3DeyJpZCI6NDIwNjgsInVybCI6Imh0dHBzOlwvXC9haWdhbC5jaFwvd3AtY29udGVudFwvdXBsb2Fkc1wvMjAyNFwvMDVcL0FpZ2FsXzAzNTBfMDk1MDYuanBnIiwic2xpZGVzaG93IjoiYjk1OWVkZiJ9\">\n\t\t\t\t\t<div class=\"e-gallery-image elementor-gallery-item__image\" data-thumbnail=\"https:\/\/aigal.ch\/wp-content\/uploads\/2024\/05\/Aigal_0350_09506-768x1151.jpg\" data-width=\"768\" data-height=\"1151\" aria-label=\"Mariage \u00e0 La R\u00e9serve Gen\u00e8ve Hotel and Spa\" role=\"img\" ><\/div>\n\t\t\t\t\t\t\t\t\t\t\t\t\t\t<\/a>\n\t\t\t\t\t\t\t<a class=\"e-gallery-item elementor-gallery-item elementor-animated-content\" href=\"https:\/\/aigal.ch\/wp-content\/uploads\/2024\/05\/Aigal_0363_09594.jpg\" data-elementor-open-lightbox=\"yes\" data-elementor-lightbox-slideshow=\"b959edf\" data-elementor-lightbox-title=\"Aigal_0363_09594\" data-e-action-hash=\"#elementor-action%3Aaction%3Dlightbox%26settings%3DeyJpZCI6NDIwNjksInVybCI6Imh0dHBzOlwvXC9haWdhbC5jaFwvd3AtY29udGVudFwvdXBsb2Fkc1wvMjAyNFwvMDVcL0FpZ2FsXzAzNjNfMDk1OTQuanBnIiwic2xpZGVzaG93IjoiYjk1OWVkZiJ9\">\n\t\t\t\t\t<div class=\"e-gallery-image elementor-gallery-item__image\" data-thumbnail=\"https:\/\/aigal.ch\/wp-content\/uploads\/2024\/05\/Aigal_0363_09594-768x1151.jpg\" data-width=\"768\" data-height=\"1151\" aria-label=\"Mariage \u00e0 La R\u00e9serve Gen\u00e8ve Hotel and Spa\" role=\"img\" ><\/div>\n\t\t\t\t\t\t\t\t\t\t\t\t\t\t<\/a>\n\t\t\t\t\t\t\t<a class=\"e-gallery-item elementor-gallery-item elementor-animated-content\" href=\"https:\/\/aigal.ch\/wp-content\/uploads\/2024\/05\/Aigal_0376_09643.jpg\" data-elementor-open-lightbox=\"yes\" data-elementor-lightbox-slideshow=\"b959edf\" data-elementor-lightbox-title=\"Aigal_0376_09643\" data-e-action-hash=\"#elementor-action%3Aaction%3Dlightbox%26settings%3DeyJpZCI6NDIwNzAsInVybCI6Imh0dHBzOlwvXC9haWdhbC5jaFwvd3AtY29udGVudFwvdXBsb2Fkc1wvMjAyNFwvMDVcL0FpZ2FsXzAzNzZfMDk2NDMuanBnIiwic2xpZGVzaG93IjoiYjk1OWVkZiJ9\">\n\t\t\t\t\t<div class=\"e-gallery-image elementor-gallery-item__image\" data-thumbnail=\"https:\/\/aigal.ch\/wp-content\/uploads\/2024\/05\/Aigal_0376_09643-768x1151.jpg\" data-width=\"768\" data-height=\"1151\" aria-label=\"Mariage \u00e0 La R\u00e9serve Gen\u00e8ve Hotel and Spa\" role=\"img\" ><\/div>\n\t\t\t\t\t\t\t\t\t\t\t\t\t\t<\/a>\n\t\t\t\t\t\t\t<a class=\"e-gallery-item elementor-gallery-item elementor-animated-content\" href=\"https:\/\/aigal.ch\/wp-content\/uploads\/2024\/05\/Aigal_0385_09680.jpg\" data-elementor-open-lightbox=\"yes\" data-elementor-lightbox-slideshow=\"b959edf\" data-elementor-lightbox-title=\"Aigal_0385_09680\" data-e-action-hash=\"#elementor-action%3Aaction%3Dlightbox%26settings%3DeyJpZCI6NDIwNzIsInVybCI6Imh0dHBzOlwvXC9haWdhbC5jaFwvd3AtY29udGVudFwvdXBsb2Fkc1wvMjAyNFwvMDVcL0FpZ2FsXzAzODVfMDk2ODAuanBnIiwic2xpZGVzaG93IjoiYjk1OWVkZiJ9\">\n\t\t\t\t\t<div class=\"e-gallery-image elementor-gallery-item__image\" data-thumbnail=\"https:\/\/aigal.ch\/wp-content\/uploads\/2024\/05\/Aigal_0385_09680-768x1151.jpg\" data-width=\"768\" data-height=\"1151\" aria-label=\"Mariage \u00e0 La R\u00e9serve Gen\u00e8ve Hotel and Spa\" role=\"img\" ><\/div>\n\t\t\t\t\t\t\t\t\t\t\t\t\t\t<\/a>\n\t\t\t\t\t\t\t<a class=\"e-gallery-item elementor-gallery-item elementor-animated-content\" href=\"https:\/\/aigal.ch\/wp-content\/uploads\/2024\/05\/Aigal_0387_09685.jpg\" data-elementor-open-lightbox=\"yes\" data-elementor-lightbox-slideshow=\"b959edf\" data-elementor-lightbox-title=\"Aigal_0387_09685\" data-e-action-hash=\"#elementor-action%3Aaction%3Dlightbox%26settings%3DeyJpZCI6NDIwNzMsInVybCI6Imh0dHBzOlwvXC9haWdhbC5jaFwvd3AtY29udGVudFwvdXBsb2Fkc1wvMjAyNFwvMDVcL0FpZ2FsXzAzODdfMDk2ODUuanBnIiwic2xpZGVzaG93IjoiYjk1OWVkZiJ9\">\n\t\t\t\t\t<div class=\"e-gallery-image elementor-gallery-item__image\" data-thumbnail=\"https:\/\/aigal.ch\/wp-content\/uploads\/2024\/05\/Aigal_0387_09685-768x1151.jpg\" data-width=\"768\" data-height=\"1151\" aria-label=\"Mariage \u00e0 La R\u00e9serve Gen\u00e8ve Hotel and Spa\" role=\"img\" ><\/div>\n\t\t\t\t\t\t\t\t\t\t\t\t\t\t<\/a>\n\t\t\t\t\t\t\t<a class=\"e-gallery-item elementor-gallery-item elementor-animated-content\" href=\"https:\/\/aigal.ch\/wp-content\/uploads\/2024\/05\/Aigal_0395_09713.jpg\" data-elementor-open-lightbox=\"yes\" data-elementor-lightbox-slideshow=\"b959edf\" data-elementor-lightbox-title=\"Aigal_0395_09713\" data-e-action-hash=\"#elementor-action%3Aaction%3Dlightbox%26settings%3DeyJpZCI6NDIwNzUsInVybCI6Imh0dHBzOlwvXC9haWdhbC5jaFwvd3AtY29udGVudFwvdXBsb2Fkc1wvMjAyNFwvMDVcL0FpZ2FsXzAzOTVfMDk3MTMuanBnIiwic2xpZGVzaG93IjoiYjk1OWVkZiJ9\">\n\t\t\t\t\t<div class=\"e-gallery-image elementor-gallery-item__image\" data-thumbnail=\"https:\/\/aigal.ch\/wp-content\/uploads\/2024\/05\/Aigal_0395_09713-768x1151.jpg\" data-width=\"768\" data-height=\"1151\" aria-label=\"Mariage \u00e0 La R\u00e9serve Gen\u00e8ve Hotel and Spa\" role=\"img\" ><\/div>\n\t\t\t\t\t\t\t\t\t\t\t\t\t\t<\/a>\n\t\t\t\t\t\t\t<a class=\"e-gallery-item elementor-gallery-item elementor-animated-content\" href=\"https:\/\/aigal.ch\/wp-content\/uploads\/2024\/05\/Aigal_0423_09851.jpg\" data-elementor-open-lightbox=\"yes\" data-elementor-lightbox-slideshow=\"b959edf\" data-elementor-lightbox-title=\"Aigal_0423_09851\" data-e-action-hash=\"#elementor-action%3Aaction%3Dlightbox%26settings%3DeyJpZCI6NDIwNzYsInVybCI6Imh0dHBzOlwvXC9haWdhbC5jaFwvd3AtY29udGVudFwvdXBsb2Fkc1wvMjAyNFwvMDVcL0FpZ2FsXzA0MjNfMDk4NTEuanBnIiwic2xpZGVzaG93IjoiYjk1OWVkZiJ9\">\n\t\t\t\t\t<div class=\"e-gallery-image elementor-gallery-item__image\" data-thumbnail=\"https:\/\/aigal.ch\/wp-content\/uploads\/2024\/05\/Aigal_0423_09851-768x1151.jpg\" data-width=\"768\" data-height=\"1151\" aria-label=\"Mariage \u00e0 La R\u00e9serve Gen\u00e8ve Hotel and Spa\" role=\"img\" ><\/div>\n\t\t\t\t\t\t\t\t\t\t\t\t\t\t<\/a>\n\t\t\t\t\t\t\t<a class=\"e-gallery-item elementor-gallery-item elementor-animated-content\" href=\"https:\/\/aigal.ch\/wp-content\/uploads\/2024\/05\/Aigal_0437_09909.jpg\" data-elementor-open-lightbox=\"yes\" data-elementor-lightbox-slideshow=\"b959edf\" data-elementor-lightbox-title=\"Aigal_0437_09909\" data-e-action-hash=\"#elementor-action%3Aaction%3Dlightbox%26settings%3DeyJpZCI6NDIwNzcsInVybCI6Imh0dHBzOlwvXC9haWdhbC5jaFwvd3AtY29udGVudFwvdXBsb2Fkc1wvMjAyNFwvMDVcL0FpZ2FsXzA0MzdfMDk5MDkuanBnIiwic2xpZGVzaG93IjoiYjk1OWVkZiJ9\">\n\t\t\t\t\t<div class=\"e-gallery-image elementor-gallery-item__image\" data-thumbnail=\"https:\/\/aigal.ch\/wp-content\/uploads\/2024\/05\/Aigal_0437_09909-768x1151.jpg\" data-width=\"768\" data-height=\"1151\" aria-label=\"Mariage \u00e0 La R\u00e9serve Gen\u00e8ve Hotel and Spa\" role=\"img\" ><\/div>\n\t\t\t\t\t\t\t\t\t\t\t\t\t\t<\/a>\n\t\t\t\t\t\t\t<a class=\"e-gallery-item elementor-gallery-item elementor-animated-content\" href=\"https:\/\/aigal.ch\/wp-content\/uploads\/2024\/05\/Aigal_0441_09923.jpg\" data-elementor-open-lightbox=\"yes\" data-elementor-lightbox-slideshow=\"b959edf\" data-elementor-lightbox-title=\"Aigal_0441_09923\" data-e-action-hash=\"#elementor-action%3Aaction%3Dlightbox%26settings%3DeyJpZCI6NDIwNzgsInVybCI6Imh0dHBzOlwvXC9haWdhbC5jaFwvd3AtY29udGVudFwvdXBsb2Fkc1wvMjAyNFwvMDVcL0FpZ2FsXzA0NDFfMDk5MjMuanBnIiwic2xpZGVzaG93IjoiYjk1OWVkZiJ9\">\n\t\t\t\t\t<div class=\"e-gallery-image elementor-gallery-item__image\" data-thumbnail=\"https:\/\/aigal.ch\/wp-content\/uploads\/2024\/05\/Aigal_0441_09923-768x1151.jpg\" data-width=\"768\" data-height=\"1151\" aria-label=\"Mariage \u00e0 La R\u00e9serve Gen\u00e8ve Hotel and Spa\" role=\"img\" ><\/div>\n\t\t\t\t\t\t\t\t\t\t\t\t\t\t<\/a>\n\t\t\t\t\t\t\t<a class=\"e-gallery-item elementor-gallery-item elementor-animated-content\" href=\"https:\/\/aigal.ch\/wp-content\/uploads\/2024\/05\/Aigal_0443_09931.jpg\" data-elementor-open-lightbox=\"yes\" data-elementor-lightbox-slideshow=\"b959edf\" data-elementor-lightbox-title=\"Aigal_0443_09931\" data-e-action-hash=\"#elementor-action%3Aaction%3Dlightbox%26settings%3DeyJpZCI6NDIwNzksInVybCI6Imh0dHBzOlwvXC9haWdhbC5jaFwvd3AtY29udGVudFwvdXBsb2Fkc1wvMjAyNFwvMDVcL0FpZ2FsXzA0NDNfMDk5MzEuanBnIiwic2xpZGVzaG93IjoiYjk1OWVkZiJ9\">\n\t\t\t\t\t<div class=\"e-gallery-image elementor-gallery-item__image\" data-thumbnail=\"https:\/\/aigal.ch\/wp-content\/uploads\/2024\/05\/Aigal_0443_09931-768x1151.jpg\" data-width=\"768\" data-height=\"1151\" aria-label=\"Mariage \u00e0 La R\u00e9serve Gen\u00e8ve Hotel and Spa\" role=\"img\" ><\/div>\n\t\t\t\t\t\t\t\t\t\t\t\t\t\t<\/a>\n\t\t\t\t\t\t\t<a class=\"e-gallery-item elementor-gallery-item elementor-animated-content\" href=\"https:\/\/aigal.ch\/wp-content\/uploads\/2024\/05\/Aigal_0448_09965.jpg\" data-elementor-open-lightbox=\"yes\" data-elementor-lightbox-slideshow=\"b959edf\" data-elementor-lightbox-title=\"Aigal_0448_09965\" data-e-action-hash=\"#elementor-action%3Aaction%3Dlightbox%26settings%3DeyJpZCI6NDIwODEsInVybCI6Imh0dHBzOlwvXC9haWdhbC5jaFwvd3AtY29udGVudFwvdXBsb2Fkc1wvMjAyNFwvMDVcL0FpZ2FsXzA0NDhfMDk5NjUuanBnIiwic2xpZGVzaG93IjoiYjk1OWVkZiJ9\">\n\t\t\t\t\t<div class=\"e-gallery-image elementor-gallery-item__image\" data-thumbnail=\"https:\/\/aigal.ch\/wp-content\/uploads\/2024\/05\/Aigal_0448_09965-768x1151.jpg\" data-width=\"768\" data-height=\"1151\" aria-label=\"Mariage \u00e0 La R\u00e9serve Gen\u00e8ve Hotel and Spa\" role=\"img\" ><\/div>\n\t\t\t\t\t\t\t\t\t\t\t\t\t\t<\/a>\n\t\t\t\t\t\t\t<a class=\"e-gallery-item elementor-gallery-item elementor-animated-content\" href=\"https:\/\/aigal.ch\/wp-content\/uploads\/2024\/05\/Aigal_0497_00188.jpg\" data-elementor-open-lightbox=\"yes\" data-elementor-lightbox-slideshow=\"b959edf\" data-elementor-lightbox-title=\"Aigal_0497_00188\" data-e-action-hash=\"#elementor-action%3Aaction%3Dlightbox%26settings%3DeyJpZCI6NDIwODIsInVybCI6Imh0dHBzOlwvXC9haWdhbC5jaFwvd3AtY29udGVudFwvdXBsb2Fkc1wvMjAyNFwvMDVcL0FpZ2FsXzA0OTdfMDAxODguanBnIiwic2xpZGVzaG93IjoiYjk1OWVkZiJ9\">\n\t\t\t\t\t<div class=\"e-gallery-image elementor-gallery-item__image\" data-thumbnail=\"https:\/\/aigal.ch\/wp-content\/uploads\/2024\/05\/Aigal_0497_00188-768x512.jpg\" data-width=\"768\" data-height=\"512\" aria-label=\"D\u00e9tails de l&#039;invitation et des aliances\" role=\"img\" ><\/div>\n\t\t\t\t\t\t\t\t\t\t\t\t\t\t<\/a>\n\t\t\t\t\t<\/div>\n\t\t\t\t\t<\/div>\n\t\t\t\t<\/div>\n\t\t\t\t<div class=\"elementor-element elementor-element-1d5e202 elementor-widget__width-inherit elementor-widget elementor-widget-post-info\" data-id=\"1d5e202\" data-element_type=\"widget\" data-e-type=\"widget\" data-widget_type=\"post-info.default\">\n\t\t\t\t<div class=\"elementor-widget-container\">\n\t\t\t\t\t\t\t<ul class=\"elementor-inline-items elementor-icon-list-items elementor-post-info\">\n\t\t\t\t\t\t\t\t<li class=\"elementor-icon-list-item elementor-repeater-item-0e4b037 elementor-inline-item\" itemprop=\"author\">\n\t\t\t\t\t\t<a href=\"https:\/\/aigal.ch\/en\/author\/emeric\/\">\n\t\t\t\t\t\t\t\t\t\t\t\t\t\t<span class=\"elementor-icon-list-text elementor-post-info__item elementor-post-info__item--type-author\">\n\t\t\t\t\t\t\t<span class=\"elementor-post-info__item-prefix\">Par <\/span>\n\t\t\t\t\t\t\t\t\t\tEmeric\t\t\t\t\t<\/span>\n\t\t\t\t\t\t\t\t\t<\/a>\n\t\t\t\t<\/li>\n\t\t\t\t<li class=\"elementor-icon-list-item elementor-repeater-item-a6868c4 elementor-inline-item\" itemprop=\"datePublished\">\n\t\t\t\t\t\t\t\t\t\t\t\t\t<span class=\"elementor-icon-list-text elementor-post-info__item elementor-post-info__item--type-date\">\n\t\t\t\t\t\t\t<span class=\"elementor-post-info__item-prefix\">, le<\/span>\n\t\t\t\t\t\t\t\t\t\t<time>22.05.24<\/time>\t\t\t\t\t<\/span>\n\t\t\t\t\t\t\t\t<\/li>\n\t\t\t\t<li class=\"elementor-icon-list-item elementor-repeater-item-c3234bb elementor-inline-item\" itemprop=\"about\">\n\t\t\t\t\t\t\t\t\t\t\t\t\t<span class=\"elementor-icon-list-text elementor-post-info__item elementor-post-info__item--type-terms\">\n\t\t\t\t\t\t\t<span class=\"elementor-post-info__item-prefix\">, dans la cat\u00e9gorie :<\/span>\n\t\t\t\t\t\t\t\t\t\t<span class=\"elementor-post-info__terms-list\">\n\t\t\t\t<a href=\"https:\/\/aigal.ch\/en\/category\/mariage\/\" class=\"elementor-post-info__terms-list-item\">Mariage<\/a>, <a href=\"https:\/\/aigal.ch\/en\/category\/mariage\/civil\/\" class=\"elementor-post-info__terms-list-item\">Mariage Civil<\/a>\t\t\t\t<\/span>\n\t\t\t\t\t<\/span>\n\t\t\t\t\t\t\t\t<\/li>\n\t\t\t\t<li class=\"elementor-icon-list-item elementor-repeater-item-b2b036f elementor-inline-item\" itemprop=\"about\">\n\t\t\t\t\t\t\t\t\t\t\t\t\t<span class=\"elementor-icon-list-text elementor-post-info__item elementor-post-info__item--type-terms\">\n\t\t\t\t\t\t\t<span class=\"elementor-post-info__item-prefix\">, mots cl\u00e9s :<\/span>\n\t\t\t\t\t\t\t\t\t\t<span class=\"elementor-post-info__terms-list\">\n\t\t\t\t<a href=\"https:\/\/aigal.ch\/en\/tag\/geneve\/\" class=\"elementor-post-info__terms-list-item\">Geneva<\/a>, <a href=\"https:\/\/aigal.ch\/en\/tag\/la-reserve\/\" class=\"elementor-post-info__terms-list-item\">La R\u00e9serve<\/a>, <a href=\"https:\/\/aigal.ch\/en\/tag\/mairie-des-eaux-vives\/\" class=\"elementor-post-info__terms-list-item\">Mairie des Eaux-Vives<\/a>, <a href=\"https:\/\/aigal.ch\/en\/tag\/mariage-civil\/\" class=\"elementor-post-info__terms-list-item\">Mariage civil<\/a>\t\t\t\t<\/span>\n\t\t\t\t\t<\/span>\n\t\t\t\t\t\t\t\t<\/li>\n\t\t\t\t<\/ul>\n\t\t\t\t\t\t<\/div>\n\t\t\t\t<\/div>\n\t\t\t\t<div class=\"elementor-element elementor-element-093587b elementor-widget__width-inherit elementor-widget elementor-widget-heading\" data-id=\"093587b\" data-element_type=\"widget\" data-e-type=\"widget\" data-widget_type=\"heading.default\">\n\t\t\t\t<div class=\"elementor-widget-container\">\n\t\t\t\t\t<h3 class=\"elementor-heading-title elementor-size-default\">D\u00e9couvrez d'autres mariages<\/h3>\t\t\t\t<\/div>\n\t\t\t\t<\/div>\n\t\t\t\t<div class=\"elementor-element elementor-element-3c314d6 elementor-widget__width-inherit elementor-arrows-position-inside elementor-widget elementor-widget-loop-carousel\" data-id=\"3c314d6\" data-element_type=\"widget\" data-e-type=\"widget\" data-settings=\"{&quot;template_id&quot;:&quot;37252&quot;,&quot;slides_to_show_tablet&quot;:&quot;3&quot;,&quot;slides_to_show_mobile&quot;:&quot;2&quot;,&quot;image_spacing_custom&quot;:{&quot;unit&quot;:&quot;px&quot;,&quot;size&quot;:30,&quot;sizes&quot;:[]},&quot;image_spacing_custom_mobile&quot;:{&quot;unit&quot;:&quot;px&quot;,&quot;size&quot;:2,&quot;sizes&quot;:[]},&quot;_skin&quot;:&quot;post&quot;,&quot;slides_to_show&quot;:&quot;3&quot;,&quot;edit_handle_selector&quot;:&quot;.elementor-loop-container&quot;,&quot;autoplay&quot;:&quot;yes&quot;,&quot;autoplay_speed&quot;:5000,&quot;pause_on_hover&quot;:&quot;yes&quot;,&quot;pause_on_interaction&quot;:&quot;yes&quot;,&quot;infinite&quot;:&quot;yes&quot;,&quot;speed&quot;:500,&quot;offset_sides&quot;:&quot;none&quot;,&quot;arrows&quot;:&quot;yes&quot;,&quot;image_spacing_custom_tablet&quot;:{&quot;unit&quot;:&quot;px&quot;,&quot;size&quot;:&quot;&quot;,&quot;sizes&quot;:[]}}\" data-widget_type=\"loop-carousel.post\">\n\t\t\t\t<div class=\"elementor-widget-container\">\n\t\t\t\t\t\t\t<div class=\"e-loop-nothing-found-message\">\n\t\t<\/div>\n\t\t\t\t\t\t<\/div>\n\t\t\t\t<\/div>\n\t\t\t\t\t<\/div>\n\t\t\t\t<\/div>\n\t\t\t\t<\/div>\n\t\t\t\t<\/div>\n\t\t\t\t\t\t<\/div>\n\t\t\t\t<\/div>\n\t\t\t\t<\/div>\n\t\t\t\t<\/div>","protected":false},"excerpt":{"rendered":"","protected":false},"author":1,"featured_media":42066,"comment_status":"closed","ping_status":"closed","sticky":false,"template":"","format":"standard","meta":{"_acf_changed":false,"footnotes":""},"categories":[115,1],"tags":[117,143,131,114],"class_list":["post-42027","post","type-post","status-publish","format-standard","has-post-thumbnail","hentry","category-mariage","category-civil","tag-geneve","tag-la-reserve","tag-mairie-des-eaux-vives","tag-mariage-civil"],"acf":[],"_links":{"self":[{"href":"https:\/\/aigal.ch\/en\/wp-json\/wp\/v2\/posts\/42027","targetHints":{"allow":["GET"]}}],"collection":[{"href":"https:\/\/aigal.ch\/en\/wp-json\/wp\/v2\/posts"}],"about":[{"href":"https:\/\/aigal.ch\/en\/wp-json\/wp\/v2\/types\/post"}],"author":[{"embeddable":true,"href":"https:\/\/aigal.ch\/en\/wp-json\/wp\/v2\/users\/1"}],"replies":[{"embeddable":true,"href":"https:\/\/aigal.ch\/en\/wp-json\/wp\/v2\/comments?post=42027"}],"version-history":[{"count":0,"href":"https:\/\/aigal.ch\/en\/wp-json\/wp\/v2\/posts\/42027\/revisions"}],"wp:featuredmedia":[{"embeddable":true,"href":"https:\/\/aigal.ch\/en\/wp-json\/wp\/v2\/media\/42066"}],"wp:attachment":[{"href":"https:\/\/aigal.ch\/en\/wp-json\/wp\/v2\/media?parent=42027"}],"wp:term":[{"taxonomy":"category","embeddable":true,"href":"https:\/\/aigal.ch\/en\/wp-json\/wp\/v2\/categories?post=42027"},{"taxonomy":"post_tag","embeddable":true,"href":"https:\/\/aigal.ch\/en\/wp-json\/wp\/v2\/tags?post=42027"}],"curies":[{"name":"wp","href":"https:\/\/api.w.org\/{rel}","templated":true}]}}