{"id":46363,"date":"2024-08-31T17:08:00","date_gmt":"2024-08-31T15:08:00","guid":{"rendered":"https:\/\/aigal.ch\/?p=46363"},"modified":"2025-02-06T17:12:42","modified_gmt":"2025-02-06T16:12:42","slug":"mariage-hotel-des-trois-couronnes-a-vevey","status":"publish","type":"post","link":"https:\/\/aigal.ch\/en\/mariage-hotel-des-trois-couronnes-a-vevey\/","title":{"rendered":"Val\u00e9rie and Fr\u00e9d\u00e9ric\u2019s wedding at the H\u00f4tel des Trois Couronnes in Vevey"},"content":{"rendered":"<div data-elementor-type=\"wp-post\" data-elementor-id=\"46363\" class=\"elementor elementor-46363\" data-elementor-post-type=\"post\">\n\t\t\t\t<div class=\"elementor-element elementor-element-e76d44a e-con-full e-flex e-con e-parent\" data-id=\"e76d44a\" data-element_type=\"container\" data-e-type=\"container\">\n\t\t\t\t<div class=\"elementor-element elementor-element-fad076a elementor-widget elementor-widget-template\" data-id=\"fad076a\" data-element_type=\"widget\" data-e-type=\"widget\" data-widget_type=\"template.default\">\n\t\t\t\t<div class=\"elementor-widget-container\">\n\t\t\t\t\t\t\t<div class=\"elementor-template\">\n\t\t\t\t\t<div data-elementor-type=\"page\" data-elementor-id=\"36238\" class=\"elementor elementor-36238\" data-elementor-post-type=\"elementor_library\">\n\t\t\t\t<div class=\"elementor-element elementor-element-37e4718 e-con-full e-flex e-con e-parent\" data-id=\"37e4718\" data-element_type=\"container\" data-e-type=\"container\" data-settings=\"{&quot;background_background&quot;:&quot;classic&quot;}\">\n\t\t\t\t<div class=\"elementor-element elementor-element-1c5c428 elementor-widget__width-inherit elementor-widget elementor-widget-text-editor\" data-id=\"1c5c428\" data-element_type=\"widget\" data-e-type=\"widget\" data-widget_type=\"text-editor.default\">\n\t\t\t\t<div class=\"elementor-widget-container\">\n\t\t\t\t\t\t\t\t\t<nav aria-label=\"breadcrumbs\" class=\"rank-math-breadcrumb\"><p><span class=\"last\">Aigal Wedding<\/span><\/p><\/nav>\t\t\t\t\t\t\t\t<\/div>\n\t\t\t\t<\/div>\n\t\t\t\t<\/div>\n\t\t<div class=\"elementor-element elementor-element-31ee0de e-flex e-con-boxed e-con e-parent\" data-id=\"31ee0de\" data-element_type=\"container\" data-e-type=\"container\">\n\t\t\t\t\t<div class=\"e-con-inner\">\n\t\t\t\t<div class=\"elementor-element elementor-element-715053b elementor-widget__width-inherit elementor-widget elementor-widget-heading\" data-id=\"715053b\" data-element_type=\"widget\" data-e-type=\"widget\" data-widget_type=\"heading.default\">\n\t\t\t\t<div class=\"elementor-widget-container\">\n\t\t\t\t\t<h1 class=\"elementor-heading-title elementor-size-default\">Un mariage rayonnant \u00e0 l\u2019H\u00f4tel Trois Couronnes<\/h1>\t\t\t\t<\/div>\n\t\t\t\t<\/div>\n\t\t<div class=\"elementor-element elementor-element-c4f3c9d e-con-full e-flex e-con e-child\" data-id=\"c4f3c9d\" data-element_type=\"container\" data-e-type=\"container\">\n\t\t<div class=\"elementor-element elementor-element-8aeaa66 e-con-full e-flex e-con e-child\" data-id=\"8aeaa66\" data-element_type=\"container\" data-e-type=\"container\" data-settings=\"{&quot;background_background&quot;:&quot;classic&quot;}\">\n\t\t\t\t<\/div>\n\t\t\t\t<div class=\"elementor-element elementor-element-eff9517 elementor-widget__width-initial elementor-widget-mobile__width-inherit elementor-widget elementor-widget-text-editor\" data-id=\"eff9517\" data-element_type=\"widget\" data-e-type=\"widget\" data-widget_type=\"text-editor.default\">\n\t\t\t\t<div class=\"elementor-widget-container\">\n\t\t\t\t\t\t\t\t\t<h3>Des pr\u00e9paratifs \u00e9l\u00e9gants dans un cadre prestigieux<\/h3>\n<p>Le 31 ao\u00fbt, sous un soleil \u00e9clatant, Val\u00e9rie et Fr\u00e9d\u00e9ric ont c\u00e9l\u00e9br\u00e9 leur mariage dans l\u2019\u00e9l\u00e9gant cadre de l\u2019<a href=\"https:\/\/aigal.ch\/mariage\">h\u00f4tel Trois Couronnes<\/a> \u00e0 Vevey. La journ\u00e9e a commenc\u00e9 en douceur avec leurs pr\u00e9paratifs au sein de cet \u00e9tablissement embl\u00e9matique bordant dans le lac L\u00e9man, offrant un cadre \u00e0 la fois raffin\u00e9 et m\u00e9diterran\u00e9en.<\/p>\n<h3>Une c\u00e9r\u00e9monie civile au c\u0153ur de Vevey<\/h3>\n<p>Les futurs (pour encore quelques minutes !) mari\u00e9s se sont ensuite dirig\u00e9s vers la <a href=\"https:\/\/aigal.ch\/mariage\">mairie de Vevey<\/a> pour officialiser leur union lors d\u2019une c\u00e9r\u00e9monie civile remplie d\u2019\u00e9motion. Entour\u00e9s de leurs proches, ils ont \u00e9chang\u00e9 leurs v\u0153ux avant de profiter du charme de la ville pour une s\u00e9ance photo de couple.<\/p>\n<h3>Des instants magiques entre ville et lac<\/h3>\n<p>Apr\u00e8s quelques clich\u00e9s captur\u00e9s dans les ruelles pittoresques de Vevey, nous avons rejoint la terrasse de l\u2019h\u00f4tel Trois Couronnes pour une session photo avec une vue imprenable sur le lac L\u00e9man. Entre lumi\u00e8re dor\u00e9e et reflets scintillants sur l\u2019eau, ce moment a \u00e9t\u00e9 un v\u00e9ritable \u00e9crin de romantisme.<\/p>\n<h3>Une r\u00e9ception \u00e9l\u00e9gante \u00e0 l\u2019H\u00f4tel Trois Couronnes<\/h3>\n<p>L\u2019ensemble des festivit\u00e9s s\u2019est poursuivi dans ce lieu prestigieux, o\u00f9 les invit\u00e9s ont partag\u00e9 un cocktail raffin\u00e9 et un d\u00eener d\u2019exception. Entre discours \u00e9mouvants et ambiance festive, la soir\u00e9e s\u2019est d\u00e9roul\u00e9e sous le signe de la joie et de l\u2019\u00e9l\u00e9gance.<\/p>\n\t\t\t\t\t\t\t\t<\/div>\n\t\t\t\t<\/div>\n\t\t\t\t<\/div>\n\t\t\t\t<div class=\"elementor-element elementor-element-b79fcd4 elementor-widget__width-inherit elementor-widget elementor-widget-heading\" data-id=\"b79fcd4\" data-element_type=\"widget\" data-e-type=\"widget\" data-widget_type=\"heading.default\">\n\t\t\t\t<div class=\"elementor-widget-container\">\n\t\t\t\t\t<h3 class=\"elementor-heading-title elementor-size-default\">Immortalisez votre mariage avec Aigal Studio<\/h3>\t\t\t\t<\/div>\n\t\t\t\t<\/div>\n\t\t\t\t<div class=\"elementor-element elementor-element-ebb0c71 elementor-widget__width-inherit elementor-widget-mobile__width-inherit elementor-widget elementor-widget-text-editor\" data-id=\"ebb0c71\" data-element_type=\"widget\" data-e-type=\"widget\" data-widget_type=\"text-editor.default\">\n\t\t\t\t<div class=\"elementor-widget-container\">\n\t\t\t\t\t\t\t\t\t<p>Nous capturons chaque d\u00e9tail de votre journ\u00e9e pour en pr\u00e9server l\u2019\u00e9motion et l\u2019authenticit\u00e9. D\u00e9couvrez nos prestations sur <a href=\"https:\/\/aigal.ch\/photographe-mariage\/\">aigal.ch\/photographe-mariage<\/a> et confiez-nous vos souvenirs pour un rendu fid\u00e8le et intemporel.<\/p>\n\t\t\t\t\t\t\t\t<\/div>\n\t\t\t\t<\/div>\n\t\t\t\t<div class=\"elementor-element elementor-element-a936e0e elementor-widget__width-inherit elementor-widget elementor-widget-heading\" data-id=\"a936e0e\" data-element_type=\"widget\" data-e-type=\"widget\" data-widget_type=\"heading.default\">\n\t\t\t\t<div class=\"elementor-widget-container\">\n\t\t\t\t\t<h3 class=\"elementor-heading-title elementor-size-default\">Quelques photos de leur mariage<\/h3>\t\t\t\t<\/div>\n\t\t\t\t<\/div>\n\t\t\t\t<div class=\"elementor-element elementor-element-2b1bea4 elementor-widget__width-inherit elementor-widget elementor-widget-text-editor\" data-id=\"2b1bea4\" data-element_type=\"widget\" data-e-type=\"widget\" data-widget_type=\"text-editor.default\">\n\t\t\t\t<div class=\"elementor-widget-container\">\n\t\t\t\t\t\t\t\t\tNous avons veill\u00e9 \u00e0 ne publier que des photos qui respectent la confidentialit\u00e9 et les souhaits de nos clients.\t\t\t\t\t\t\t\t<\/div>\n\t\t\t\t<\/div>\n\t\t\t\t<div class=\"elementor-element elementor-element-b959edf elementor-widget__width-inherit elementor-widget elementor-widget-gallery\" data-id=\"b959edf\" data-element_type=\"widget\" data-e-type=\"widget\" data-settings=\"{&quot;gap&quot;:{&quot;unit&quot;:&quot;px&quot;,&quot;size&quot;:20,&quot;sizes&quot;:[]},&quot;columns_mobile&quot;:3,&quot;gallery_layout&quot;:&quot;masonry&quot;,&quot;columns_tablet&quot;:3,&quot;lazyload&quot;:&quot;yes&quot;,&quot;columns&quot;:4,&quot;gap_tablet&quot;:{&quot;unit&quot;:&quot;px&quot;,&quot;size&quot;:10,&quot;sizes&quot;:[]},&quot;gap_mobile&quot;:{&quot;unit&quot;:&quot;px&quot;,&quot;size&quot;:10,&quot;sizes&quot;:[]},&quot;link_to&quot;:&quot;file&quot;,&quot;content_hover_animation&quot;:&quot;fade-in&quot;}\" data-widget_type=\"gallery.default\">\n\t\t\t\t<div class=\"elementor-widget-container\">\n\t\t\t\t\t\t\t<div class=\"elementor-gallery__container\">\n\t\t\t\t\t\t\t<a class=\"e-gallery-item elementor-gallery-item elementor-animated-content\" href=\"https:\/\/aigal.ch\/wp-content\/uploads\/2025\/02\/Aigal_301327_04774-scaled.jpg\" data-elementor-open-lightbox=\"yes\" data-elementor-lightbox-slideshow=\"b959edf\" data-elementor-lightbox-title=\"Mariage de Val\u00e9rie et Fr\u00e9d\u00e9ric \u00e0 l&#039;H\u00f4tel des Trois Couronnes \u00e0 Vevey\" data-elementor-lightbox-description=\"Mariage de Val\u00e9rie et Fr\u00e9d\u00e9ric \u00e0 l&#039;H\u00f4tel des Trois Couronnes \u00e0 Vevey\" data-e-action-hash=\"#elementor-action%3Aaction%3Dlightbox%26settings%3DeyJpZCI6NDU5NDQsInVybCI6Imh0dHBzOlwvXC9haWdhbC5jaFwvd3AtY29udGVudFwvdXBsb2Fkc1wvMjAyNVwvMDJcL0FpZ2FsXzMwMTMyN18wNDc3NC1zY2FsZWQuanBnIiwic2xpZGVzaG93IjoiYjk1OWVkZiJ9\">\n\t\t\t\t\t<div class=\"e-gallery-image elementor-gallery-item__image\" data-thumbnail=\"https:\/\/aigal.ch\/wp-content\/uploads\/2025\/02\/Aigal_301327_04774-768x1152.jpg\" data-width=\"768\" data-height=\"1152\" aria-label=\"Photographe mariage Vevey\" role=\"img\" ><\/div>\n\t\t\t\t\t\t\t\t\t\t\t\t\t\t<\/a>\n\t\t\t\t\t\t\t<a class=\"e-gallery-item elementor-gallery-item elementor-animated-content\" href=\"https:\/\/aigal.ch\/wp-content\/uploads\/2025\/02\/Aigal_301328_04796-scaled.jpg\" data-elementor-open-lightbox=\"yes\" data-elementor-lightbox-slideshow=\"b959edf\" data-elementor-lightbox-title=\"Mariage de Val\u00e9rie et Fr\u00e9d\u00e9ric \u00e0 l&#039;H\u00f4tel des Trois Couronnes \u00e0 Vevey\" data-elementor-lightbox-description=\"Mariage de Val\u00e9rie et Fr\u00e9d\u00e9ric \u00e0 l&#039;H\u00f4tel des Trois Couronnes \u00e0 Vevey\" data-e-action-hash=\"#elementor-action%3Aaction%3Dlightbox%26settings%3DeyJpZCI6NDU5NDUsInVybCI6Imh0dHBzOlwvXC9haWdhbC5jaFwvd3AtY29udGVudFwvdXBsb2Fkc1wvMjAyNVwvMDJcL0FpZ2FsXzMwMTMyOF8wNDc5Ni1zY2FsZWQuanBnIiwic2xpZGVzaG93IjoiYjk1OWVkZiJ9\">\n\t\t\t\t\t<div class=\"e-gallery-image elementor-gallery-item__image\" data-thumbnail=\"https:\/\/aigal.ch\/wp-content\/uploads\/2025\/02\/Aigal_301328_04796-768x1152.jpg\" data-width=\"768\" data-height=\"1152\" aria-label=\"Photographe mariage Vevey\" role=\"img\" ><\/div>\n\t\t\t\t\t\t\t\t\t\t\t\t\t\t<\/a>\n\t\t\t\t\t\t\t<a class=\"e-gallery-item elementor-gallery-item elementor-animated-content\" href=\"https:\/\/aigal.ch\/wp-content\/uploads\/2025\/02\/Aigal_301330_04842-scaled.jpg\" data-elementor-open-lightbox=\"yes\" data-elementor-lightbox-slideshow=\"b959edf\" data-elementor-lightbox-title=\"Mariage de Val\u00e9rie et Fr\u00e9d\u00e9ric \u00e0 l&#039;H\u00f4tel des Trois Couronnes \u00e0 Vevey\" data-elementor-lightbox-description=\"Mariage de Val\u00e9rie et Fr\u00e9d\u00e9ric \u00e0 l&#039;H\u00f4tel des Trois Couronnes \u00e0 Vevey\" data-e-action-hash=\"#elementor-action%3Aaction%3Dlightbox%26settings%3DeyJpZCI6NDU5NDYsInVybCI6Imh0dHBzOlwvXC9haWdhbC5jaFwvd3AtY29udGVudFwvdXBsb2Fkc1wvMjAyNVwvMDJcL0FpZ2FsXzMwMTMzMF8wNDg0Mi1zY2FsZWQuanBnIiwic2xpZGVzaG93IjoiYjk1OWVkZiJ9\">\n\t\t\t\t\t<div class=\"e-gallery-image elementor-gallery-item__image\" data-thumbnail=\"https:\/\/aigal.ch\/wp-content\/uploads\/2025\/02\/Aigal_301330_04842-768x1152.jpg\" data-width=\"768\" data-height=\"1152\" aria-label=\"Photographe mariage Vevey\" role=\"img\" ><\/div>\n\t\t\t\t\t\t\t\t\t\t\t\t\t\t<\/a>\n\t\t\t\t\t\t\t<a class=\"e-gallery-item elementor-gallery-item elementor-animated-content\" href=\"https:\/\/aigal.ch\/wp-content\/uploads\/2025\/02\/Aigal_301331_04852-scaled.jpg\" data-elementor-open-lightbox=\"yes\" data-elementor-lightbox-slideshow=\"b959edf\" data-elementor-lightbox-title=\"Mariage de Val\u00e9rie et Fr\u00e9d\u00e9ric \u00e0 l&#039;H\u00f4tel des Trois Couronnes \u00e0 Vevey\" data-elementor-lightbox-description=\"Mariage de Val\u00e9rie et Fr\u00e9d\u00e9ric \u00e0 l&#039;H\u00f4tel des Trois Couronnes \u00e0 Vevey\" data-e-action-hash=\"#elementor-action%3Aaction%3Dlightbox%26settings%3DeyJpZCI6NDU5NDcsInVybCI6Imh0dHBzOlwvXC9haWdhbC5jaFwvd3AtY29udGVudFwvdXBsb2Fkc1wvMjAyNVwvMDJcL0FpZ2FsXzMwMTMzMV8wNDg1Mi1zY2FsZWQuanBnIiwic2xpZGVzaG93IjoiYjk1OWVkZiJ9\">\n\t\t\t\t\t<div class=\"e-gallery-image elementor-gallery-item__image\" data-thumbnail=\"https:\/\/aigal.ch\/wp-content\/uploads\/2025\/02\/Aigal_301331_04852-768x1152.jpg\" data-width=\"768\" data-height=\"1152\" aria-label=\"Photographe mariage Vevey\" role=\"img\" ><\/div>\n\t\t\t\t\t\t\t\t\t\t\t\t\t\t<\/a>\n\t\t\t\t\t\t\t<a class=\"e-gallery-item elementor-gallery-item elementor-animated-content\" href=\"https:\/\/aigal.ch\/wp-content\/uploads\/2025\/02\/Aigal_301332_04864-scaled.jpg\" data-elementor-open-lightbox=\"yes\" data-elementor-lightbox-slideshow=\"b959edf\" data-elementor-lightbox-title=\"Mariage de Val\u00e9rie et Fr\u00e9d\u00e9ric \u00e0 l&#039;H\u00f4tel des Trois Couronnes \u00e0 Vevey\" data-elementor-lightbox-description=\"Mariage de Val\u00e9rie et Fr\u00e9d\u00e9ric \u00e0 l&#039;H\u00f4tel des Trois Couronnes \u00e0 Vevey\" data-e-action-hash=\"#elementor-action%3Aaction%3Dlightbox%26settings%3DeyJpZCI6NDU5NDgsInVybCI6Imh0dHBzOlwvXC9haWdhbC5jaFwvd3AtY29udGVudFwvdXBsb2Fkc1wvMjAyNVwvMDJcL0FpZ2FsXzMwMTMzMl8wNDg2NC1zY2FsZWQuanBnIiwic2xpZGVzaG93IjoiYjk1OWVkZiJ9\">\n\t\t\t\t\t<div class=\"e-gallery-image elementor-gallery-item__image\" data-thumbnail=\"https:\/\/aigal.ch\/wp-content\/uploads\/2025\/02\/Aigal_301332_04864-768x1152.jpg\" data-width=\"768\" data-height=\"1152\" aria-label=\"Photographe mariage Vevey\" role=\"img\" ><\/div>\n\t\t\t\t\t\t\t\t\t\t\t\t\t\t<\/a>\n\t\t\t\t\t\t\t<a class=\"e-gallery-item elementor-gallery-item elementor-animated-content\" href=\"https:\/\/aigal.ch\/wp-content\/uploads\/2025\/02\/Aigal_301404_05326-scaled.jpg\" data-elementor-open-lightbox=\"yes\" data-elementor-lightbox-slideshow=\"b959edf\" data-elementor-lightbox-title=\"Mariage de Val\u00e9rie et Fr\u00e9d\u00e9ric \u00e0 l&#039;H\u00f4tel des Trois Couronnes \u00e0 Vevey\" data-elementor-lightbox-description=\"Mariage de Val\u00e9rie et Fr\u00e9d\u00e9ric \u00e0 l&#039;H\u00f4tel des Trois Couronnes \u00e0 Vevey\" data-e-action-hash=\"#elementor-action%3Aaction%3Dlightbox%26settings%3DeyJpZCI6NDU5NTAsInVybCI6Imh0dHBzOlwvXC9haWdhbC5jaFwvd3AtY29udGVudFwvdXBsb2Fkc1wvMjAyNVwvMDJcL0FpZ2FsXzMwMTQwNF8wNTMyNi1zY2FsZWQuanBnIiwic2xpZGVzaG93IjoiYjk1OWVkZiJ9\">\n\t\t\t\t\t<div class=\"e-gallery-image elementor-gallery-item__image\" data-thumbnail=\"https:\/\/aigal.ch\/wp-content\/uploads\/2025\/02\/Aigal_301404_05326-768x1152.jpg\" data-width=\"768\" data-height=\"1152\" aria-label=\"Photographe mariage Vevey\" role=\"img\" ><\/div>\n\t\t\t\t\t\t\t\t\t\t\t\t\t\t<\/a>\n\t\t\t\t\t\t\t<a class=\"e-gallery-item elementor-gallery-item elementor-animated-content\" href=\"https:\/\/aigal.ch\/wp-content\/uploads\/2025\/02\/Aigal_301405_05353-scaled.jpg\" data-elementor-open-lightbox=\"yes\" data-elementor-lightbox-slideshow=\"b959edf\" data-elementor-lightbox-title=\"Mariage de Val\u00e9rie et Fr\u00e9d\u00e9ric \u00e0 l&#039;H\u00f4tel des Trois Couronnes \u00e0 Vevey\" data-elementor-lightbox-description=\"Mariage de Val\u00e9rie et Fr\u00e9d\u00e9ric \u00e0 l&#039;H\u00f4tel des Trois Couronnes \u00e0 Vevey\" data-e-action-hash=\"#elementor-action%3Aaction%3Dlightbox%26settings%3DeyJpZCI6NDU5NTEsInVybCI6Imh0dHBzOlwvXC9haWdhbC5jaFwvd3AtY29udGVudFwvdXBsb2Fkc1wvMjAyNVwvMDJcL0FpZ2FsXzMwMTQwNV8wNTM1My1zY2FsZWQuanBnIiwic2xpZGVzaG93IjoiYjk1OWVkZiJ9\">\n\t\t\t\t\t<div class=\"e-gallery-image elementor-gallery-item__image\" data-thumbnail=\"https:\/\/aigal.ch\/wp-content\/uploads\/2025\/02\/Aigal_301405_05353-768x1152.jpg\" data-width=\"768\" data-height=\"1152\" aria-label=\"Photographe mariage Vevey\" role=\"img\" ><\/div>\n\t\t\t\t\t\t\t\t\t\t\t\t\t\t<\/a>\n\t\t\t\t\t\t\t<a class=\"e-gallery-item elementor-gallery-item elementor-animated-content\" href=\"https:\/\/aigal.ch\/wp-content\/uploads\/2025\/02\/Aigal_301405_05357-scaled.jpg\" data-elementor-open-lightbox=\"yes\" data-elementor-lightbox-slideshow=\"b959edf\" data-elementor-lightbox-title=\"Mariage de Val\u00e9rie et Fr\u00e9d\u00e9ric \u00e0 l&#039;H\u00f4tel des Trois Couronnes \u00e0 Vevey\" data-elementor-lightbox-description=\"Mariage de Val\u00e9rie et Fr\u00e9d\u00e9ric \u00e0 l&#039;H\u00f4tel des Trois Couronnes \u00e0 Vevey\" data-e-action-hash=\"#elementor-action%3Aaction%3Dlightbox%26settings%3DeyJpZCI6NDU5NTIsInVybCI6Imh0dHBzOlwvXC9haWdhbC5jaFwvd3AtY29udGVudFwvdXBsb2Fkc1wvMjAyNVwvMDJcL0FpZ2FsXzMwMTQwNV8wNTM1Ny1zY2FsZWQuanBnIiwic2xpZGVzaG93IjoiYjk1OWVkZiJ9\">\n\t\t\t\t\t<div class=\"e-gallery-image elementor-gallery-item__image\" data-thumbnail=\"https:\/\/aigal.ch\/wp-content\/uploads\/2025\/02\/Aigal_301405_05357-768x1152.jpg\" data-width=\"768\" data-height=\"1152\" aria-label=\"Photographe mariage Vevey\" role=\"img\" ><\/div>\n\t\t\t\t\t\t\t\t\t\t\t\t\t\t<\/a>\n\t\t\t\t\t\t\t<a class=\"e-gallery-item elementor-gallery-item elementor-animated-content\" href=\"https:\/\/aigal.ch\/wp-content\/uploads\/2025\/02\/Aigal_301405_05362-scaled.jpg\" data-elementor-open-lightbox=\"yes\" data-elementor-lightbox-slideshow=\"b959edf\" data-elementor-lightbox-title=\"Mariage de Val\u00e9rie et Fr\u00e9d\u00e9ric \u00e0 l&#039;H\u00f4tel des Trois Couronnes \u00e0 Vevey\" data-elementor-lightbox-description=\"Mariage de Val\u00e9rie et Fr\u00e9d\u00e9ric \u00e0 l&#039;H\u00f4tel des Trois Couronnes \u00e0 Vevey\" data-e-action-hash=\"#elementor-action%3Aaction%3Dlightbox%26settings%3DeyJpZCI6NDU5NTMsInVybCI6Imh0dHBzOlwvXC9haWdhbC5jaFwvd3AtY29udGVudFwvdXBsb2Fkc1wvMjAyNVwvMDJcL0FpZ2FsXzMwMTQwNV8wNTM2Mi1zY2FsZWQuanBnIiwic2xpZGVzaG93IjoiYjk1OWVkZiJ9\">\n\t\t\t\t\t<div class=\"e-gallery-image elementor-gallery-item__image\" data-thumbnail=\"https:\/\/aigal.ch\/wp-content\/uploads\/2025\/02\/Aigal_301405_05362-768x1152.jpg\" data-width=\"768\" data-height=\"1152\" aria-label=\"Photographe mariage Vevey\" role=\"img\" ><\/div>\n\t\t\t\t\t\t\t\t\t\t\t\t\t\t<\/a>\n\t\t\t\t\t\t\t<a class=\"e-gallery-item elementor-gallery-item elementor-animated-content\" href=\"https:\/\/aigal.ch\/wp-content\/uploads\/2025\/02\/Aigal_301405_05370-scaled.jpg\" data-elementor-open-lightbox=\"yes\" data-elementor-lightbox-slideshow=\"b959edf\" data-elementor-lightbox-title=\"Mariage de Val\u00e9rie et Fr\u00e9d\u00e9ric \u00e0 l&#039;H\u00f4tel des Trois Couronnes \u00e0 Vevey\" data-elementor-lightbox-description=\"Mariage de Val\u00e9rie et Fr\u00e9d\u00e9ric \u00e0 l&#039;H\u00f4tel des Trois Couronnes \u00e0 Vevey\" data-e-action-hash=\"#elementor-action%3Aaction%3Dlightbox%26settings%3DeyJpZCI6NDU5NTQsInVybCI6Imh0dHBzOlwvXC9haWdhbC5jaFwvd3AtY29udGVudFwvdXBsb2Fkc1wvMjAyNVwvMDJcL0FpZ2FsXzMwMTQwNV8wNTM3MC1zY2FsZWQuanBnIiwic2xpZGVzaG93IjoiYjk1OWVkZiJ9\">\n\t\t\t\t\t<div class=\"e-gallery-image elementor-gallery-item__image\" data-thumbnail=\"https:\/\/aigal.ch\/wp-content\/uploads\/2025\/02\/Aigal_301405_05370-768x1152.jpg\" data-width=\"768\" data-height=\"1152\" aria-label=\"Photographe mariage Vevey\" role=\"img\" ><\/div>\n\t\t\t\t\t\t\t\t\t\t\t\t\t\t<\/a>\n\t\t\t\t\t\t\t<a class=\"e-gallery-item elementor-gallery-item elementor-animated-content\" href=\"https:\/\/aigal.ch\/wp-content\/uploads\/2025\/02\/Aigal_301405_05372-scaled.jpg\" data-elementor-open-lightbox=\"yes\" data-elementor-lightbox-slideshow=\"b959edf\" data-elementor-lightbox-title=\"Mariage de Val\u00e9rie et Fr\u00e9d\u00e9ric \u00e0 l&#039;H\u00f4tel des Trois Couronnes \u00e0 Vevey\" data-elementor-lightbox-description=\"Mariage de Val\u00e9rie et Fr\u00e9d\u00e9ric \u00e0 l&#039;H\u00f4tel des Trois Couronnes \u00e0 Vevey\" data-e-action-hash=\"#elementor-action%3Aaction%3Dlightbox%26settings%3DeyJpZCI6NDU5NTUsInVybCI6Imh0dHBzOlwvXC9haWdhbC5jaFwvd3AtY29udGVudFwvdXBsb2Fkc1wvMjAyNVwvMDJcL0FpZ2FsXzMwMTQwNV8wNTM3Mi1zY2FsZWQuanBnIiwic2xpZGVzaG93IjoiYjk1OWVkZiJ9\">\n\t\t\t\t\t<div class=\"e-gallery-image elementor-gallery-item__image\" data-thumbnail=\"https:\/\/aigal.ch\/wp-content\/uploads\/2025\/02\/Aigal_301405_05372-768x1152.jpg\" data-width=\"768\" data-height=\"1152\" aria-label=\"Photographe mariage Vevey\" role=\"img\" ><\/div>\n\t\t\t\t\t\t\t\t\t\t\t\t\t\t<\/a>\n\t\t\t\t\t\t\t<a class=\"e-gallery-item elementor-gallery-item elementor-animated-content\" href=\"https:\/\/aigal.ch\/wp-content\/uploads\/2025\/02\/Aigal_301405_05375-scaled.jpg\" data-elementor-open-lightbox=\"yes\" data-elementor-lightbox-slideshow=\"b959edf\" data-elementor-lightbox-title=\"Mariage de Val\u00e9rie et Fr\u00e9d\u00e9ric \u00e0 l&#039;H\u00f4tel des Trois Couronnes \u00e0 Vevey\" data-elementor-lightbox-description=\"Mariage de Val\u00e9rie et Fr\u00e9d\u00e9ric \u00e0 l&#039;H\u00f4tel des Trois Couronnes \u00e0 Vevey\" data-e-action-hash=\"#elementor-action%3Aaction%3Dlightbox%26settings%3DeyJpZCI6NDU5NTYsInVybCI6Imh0dHBzOlwvXC9haWdhbC5jaFwvd3AtY29udGVudFwvdXBsb2Fkc1wvMjAyNVwvMDJcL0FpZ2FsXzMwMTQwNV8wNTM3NS1zY2FsZWQuanBnIiwic2xpZGVzaG93IjoiYjk1OWVkZiJ9\">\n\t\t\t\t\t<div class=\"e-gallery-image elementor-gallery-item__image\" data-thumbnail=\"https:\/\/aigal.ch\/wp-content\/uploads\/2025\/02\/Aigal_301405_05375-768x1152.jpg\" data-width=\"768\" data-height=\"1152\" aria-label=\"Photographe mariage Vevey\" role=\"img\" ><\/div>\n\t\t\t\t\t\t\t\t\t\t\t\t\t\t<\/a>\n\t\t\t\t\t\t\t<a class=\"e-gallery-item elementor-gallery-item elementor-animated-content\" href=\"https:\/\/aigal.ch\/wp-content\/uploads\/2025\/02\/Aigal_301407_05411-scaled.jpg\" data-elementor-open-lightbox=\"yes\" data-elementor-lightbox-slideshow=\"b959edf\" data-elementor-lightbox-title=\"Mariage de Val\u00e9rie et Fr\u00e9d\u00e9ric \u00e0 l&#039;H\u00f4tel des Trois Couronnes \u00e0 Vevey\" data-elementor-lightbox-description=\"Mariage de Val\u00e9rie et Fr\u00e9d\u00e9ric \u00e0 l&#039;H\u00f4tel des Trois Couronnes \u00e0 Vevey\" data-e-action-hash=\"#elementor-action%3Aaction%3Dlightbox%26settings%3DeyJpZCI6NDU5NTcsInVybCI6Imh0dHBzOlwvXC9haWdhbC5jaFwvd3AtY29udGVudFwvdXBsb2Fkc1wvMjAyNVwvMDJcL0FpZ2FsXzMwMTQwN18wNTQxMS1zY2FsZWQuanBnIiwic2xpZGVzaG93IjoiYjk1OWVkZiJ9\">\n\t\t\t\t\t<div class=\"e-gallery-image elementor-gallery-item__image\" data-thumbnail=\"https:\/\/aigal.ch\/wp-content\/uploads\/2025\/02\/Aigal_301407_05411-768x1152.jpg\" data-width=\"768\" data-height=\"1152\" aria-label=\"Photographe mariage Vevey\" role=\"img\" ><\/div>\n\t\t\t\t\t\t\t\t\t\t\t\t\t\t<\/a>\n\t\t\t\t\t\t\t<a class=\"e-gallery-item elementor-gallery-item elementor-animated-content\" href=\"https:\/\/aigal.ch\/wp-content\/uploads\/2025\/02\/Aigal_301407_05412-scaled.jpg\" data-elementor-open-lightbox=\"yes\" data-elementor-lightbox-slideshow=\"b959edf\" data-elementor-lightbox-title=\"Mariage de Val\u00e9rie et Fr\u00e9d\u00e9ric \u00e0 l&#039;H\u00f4tel des Trois Couronnes \u00e0 Vevey\" data-elementor-lightbox-description=\"Mariage de Val\u00e9rie et Fr\u00e9d\u00e9ric \u00e0 l&#039;H\u00f4tel des Trois Couronnes \u00e0 Vevey\" data-e-action-hash=\"#elementor-action%3Aaction%3Dlightbox%26settings%3DeyJpZCI6NDU5NTksInVybCI6Imh0dHBzOlwvXC9haWdhbC5jaFwvd3AtY29udGVudFwvdXBsb2Fkc1wvMjAyNVwvMDJcL0FpZ2FsXzMwMTQwN18wNTQxMi1zY2FsZWQuanBnIiwic2xpZGVzaG93IjoiYjk1OWVkZiJ9\">\n\t\t\t\t\t<div class=\"e-gallery-image elementor-gallery-item__image\" data-thumbnail=\"https:\/\/aigal.ch\/wp-content\/uploads\/2025\/02\/Aigal_301407_05412-768x1152.jpg\" data-width=\"768\" data-height=\"1152\" aria-label=\"Photographe mariage Vevey\" role=\"img\" ><\/div>\n\t\t\t\t\t\t\t\t\t\t\t\t\t\t<\/a>\n\t\t\t\t\t\t\t<a class=\"e-gallery-item elementor-gallery-item elementor-animated-content\" href=\"https:\/\/aigal.ch\/wp-content\/uploads\/2025\/02\/Aigal_301407_05422-scaled.jpg\" data-elementor-open-lightbox=\"yes\" data-elementor-lightbox-slideshow=\"b959edf\" data-elementor-lightbox-title=\"Mariage de Val\u00e9rie et Fr\u00e9d\u00e9ric \u00e0 l&#039;H\u00f4tel des Trois Couronnes \u00e0 Vevey\" data-elementor-lightbox-description=\"Mariage de Val\u00e9rie et Fr\u00e9d\u00e9ric \u00e0 l&#039;H\u00f4tel des Trois Couronnes \u00e0 Vevey\" data-e-action-hash=\"#elementor-action%3Aaction%3Dlightbox%26settings%3DeyJpZCI6NDU5NjAsInVybCI6Imh0dHBzOlwvXC9haWdhbC5jaFwvd3AtY29udGVudFwvdXBsb2Fkc1wvMjAyNVwvMDJcL0FpZ2FsXzMwMTQwN18wNTQyMi1zY2FsZWQuanBnIiwic2xpZGVzaG93IjoiYjk1OWVkZiJ9\">\n\t\t\t\t\t<div class=\"e-gallery-image elementor-gallery-item__image\" data-thumbnail=\"https:\/\/aigal.ch\/wp-content\/uploads\/2025\/02\/Aigal_301407_05422-768x1152.jpg\" data-width=\"768\" data-height=\"1152\" aria-label=\"Photographe mariage Vevey\" role=\"img\" ><\/div>\n\t\t\t\t\t\t\t\t\t\t\t\t\t\t<\/a>\n\t\t\t\t\t\t\t<a class=\"e-gallery-item elementor-gallery-item elementor-animated-content\" href=\"https:\/\/aigal.ch\/wp-content\/uploads\/2025\/02\/Aigal_301433_05787-scaled.jpg\" data-elementor-open-lightbox=\"yes\" data-elementor-lightbox-slideshow=\"b959edf\" data-elementor-lightbox-title=\"Mariage de Val\u00e9rie et Fr\u00e9d\u00e9ric \u00e0 l&#039;H\u00f4tel des Trois Couronnes \u00e0 Vevey\" data-elementor-lightbox-description=\"Mariage de Val\u00e9rie et Fr\u00e9d\u00e9ric \u00e0 l&#039;H\u00f4tel des Trois Couronnes \u00e0 Vevey\" data-e-action-hash=\"#elementor-action%3Aaction%3Dlightbox%26settings%3DeyJpZCI6NDU5NjEsInVybCI6Imh0dHBzOlwvXC9haWdhbC5jaFwvd3AtY29udGVudFwvdXBsb2Fkc1wvMjAyNVwvMDJcL0FpZ2FsXzMwMTQzM18wNTc4Ny1zY2FsZWQuanBnIiwic2xpZGVzaG93IjoiYjk1OWVkZiJ9\">\n\t\t\t\t\t<div class=\"e-gallery-image elementor-gallery-item__image\" data-thumbnail=\"https:\/\/aigal.ch\/wp-content\/uploads\/2025\/02\/Aigal_301433_05787-768x1152.jpg\" data-width=\"768\" data-height=\"1152\" aria-label=\"Photographe mariage Vevey\" role=\"img\" ><\/div>\n\t\t\t\t\t\t\t\t\t\t\t\t\t\t<\/a>\n\t\t\t\t\t\t\t<a class=\"e-gallery-item elementor-gallery-item elementor-animated-content\" href=\"https:\/\/aigal.ch\/wp-content\/uploads\/2025\/02\/Aigal_301434_05805-scaled.jpg\" data-elementor-open-lightbox=\"yes\" data-elementor-lightbox-slideshow=\"b959edf\" data-elementor-lightbox-title=\"Mariage de Val\u00e9rie et Fr\u00e9d\u00e9ric \u00e0 l&#039;H\u00f4tel des Trois Couronnes \u00e0 Vevey\" data-elementor-lightbox-description=\"Mariage de Val\u00e9rie et Fr\u00e9d\u00e9ric \u00e0 l&#039;H\u00f4tel des Trois Couronnes \u00e0 Vevey\" data-e-action-hash=\"#elementor-action%3Aaction%3Dlightbox%26settings%3DeyJpZCI6NDU5NjIsInVybCI6Imh0dHBzOlwvXC9haWdhbC5jaFwvd3AtY29udGVudFwvdXBsb2Fkc1wvMjAyNVwvMDJcL0FpZ2FsXzMwMTQzNF8wNTgwNS1zY2FsZWQuanBnIiwic2xpZGVzaG93IjoiYjk1OWVkZiJ9\">\n\t\t\t\t\t<div class=\"e-gallery-image elementor-gallery-item__image\" data-thumbnail=\"https:\/\/aigal.ch\/wp-content\/uploads\/2025\/02\/Aigal_301434_05805-768x1152.jpg\" data-width=\"768\" data-height=\"1152\" aria-label=\"Photographe mariage Vevey\" role=\"img\" ><\/div>\n\t\t\t\t\t\t\t\t\t\t\t\t\t\t<\/a>\n\t\t\t\t\t\t\t<a class=\"e-gallery-item elementor-gallery-item elementor-animated-content\" href=\"https:\/\/aigal.ch\/wp-content\/uploads\/2025\/02\/Aigal_301434_05811-scaled.jpg\" data-elementor-open-lightbox=\"yes\" data-elementor-lightbox-slideshow=\"b959edf\" data-elementor-lightbox-title=\"Mariage de Val\u00e9rie et Fr\u00e9d\u00e9ric \u00e0 l&#039;H\u00f4tel des Trois Couronnes \u00e0 Vevey\" data-elementor-lightbox-description=\"Mariage de Val\u00e9rie et Fr\u00e9d\u00e9ric \u00e0 l&#039;H\u00f4tel des Trois Couronnes \u00e0 Vevey\" data-e-action-hash=\"#elementor-action%3Aaction%3Dlightbox%26settings%3DeyJpZCI6NDU5NjMsInVybCI6Imh0dHBzOlwvXC9haWdhbC5jaFwvd3AtY29udGVudFwvdXBsb2Fkc1wvMjAyNVwvMDJcL0FpZ2FsXzMwMTQzNF8wNTgxMS1zY2FsZWQuanBnIiwic2xpZGVzaG93IjoiYjk1OWVkZiJ9\">\n\t\t\t\t\t<div class=\"e-gallery-image elementor-gallery-item__image\" data-thumbnail=\"https:\/\/aigal.ch\/wp-content\/uploads\/2025\/02\/Aigal_301434_05811-768x1152.jpg\" data-width=\"768\" data-height=\"1152\" aria-label=\"Photographe mariage Vevey\" role=\"img\" ><\/div>\n\t\t\t\t\t\t\t\t\t\t\t\t\t\t<\/a>\n\t\t\t\t\t\t\t<a class=\"e-gallery-item elementor-gallery-item elementor-animated-content\" href=\"https:\/\/aigal.ch\/wp-content\/uploads\/2025\/02\/Aigal_301950_07362-scaled.jpg\" data-elementor-open-lightbox=\"yes\" data-elementor-lightbox-slideshow=\"b959edf\" data-elementor-lightbox-title=\"Mariage de Val\u00e9rie et Fr\u00e9d\u00e9ric \u00e0 l&#039;H\u00f4tel des Trois Couronnes \u00e0 Vevey\" data-elementor-lightbox-description=\"Mariage de Val\u00e9rie et Fr\u00e9d\u00e9ric \u00e0 l&#039;H\u00f4tel des Trois Couronnes \u00e0 Vevey\" data-e-action-hash=\"#elementor-action%3Aaction%3Dlightbox%26settings%3DeyJpZCI6NDU5NjQsInVybCI6Imh0dHBzOlwvXC9haWdhbC5jaFwvd3AtY29udGVudFwvdXBsb2Fkc1wvMjAyNVwvMDJcL0FpZ2FsXzMwMTk1MF8wNzM2Mi1zY2FsZWQuanBnIiwic2xpZGVzaG93IjoiYjk1OWVkZiJ9\">\n\t\t\t\t\t<div class=\"e-gallery-image elementor-gallery-item__image\" data-thumbnail=\"https:\/\/aigal.ch\/wp-content\/uploads\/2025\/02\/Aigal_301950_07362-768x1152.jpg\" data-width=\"768\" data-height=\"1152\" aria-label=\"Photographe mariage Vevey\" role=\"img\" ><\/div>\n\t\t\t\t\t\t\t\t\t\t\t\t\t\t<\/a>\n\t\t\t\t\t\t\t<a class=\"e-gallery-item elementor-gallery-item elementor-animated-content\" href=\"https:\/\/aigal.ch\/wp-content\/uploads\/2025\/02\/Aigal_301950_07375-scaled.jpg\" data-elementor-open-lightbox=\"yes\" data-elementor-lightbox-slideshow=\"b959edf\" data-elementor-lightbox-title=\"Mariage de Val\u00e9rie et Fr\u00e9d\u00e9ric \u00e0 l&#039;H\u00f4tel des Trois Couronnes \u00e0 Vevey\" data-elementor-lightbox-description=\"Mariage de Val\u00e9rie et Fr\u00e9d\u00e9ric \u00e0 l&#039;H\u00f4tel des Trois Couronnes \u00e0 Vevey\" data-e-action-hash=\"#elementor-action%3Aaction%3Dlightbox%26settings%3DeyJpZCI6NDU5NjUsInVybCI6Imh0dHBzOlwvXC9haWdhbC5jaFwvd3AtY29udGVudFwvdXBsb2Fkc1wvMjAyNVwvMDJcL0FpZ2FsXzMwMTk1MF8wNzM3NS1zY2FsZWQuanBnIiwic2xpZGVzaG93IjoiYjk1OWVkZiJ9\">\n\t\t\t\t\t<div class=\"e-gallery-image elementor-gallery-item__image\" data-thumbnail=\"https:\/\/aigal.ch\/wp-content\/uploads\/2025\/02\/Aigal_301950_07375-768x1152.jpg\" data-width=\"768\" data-height=\"1152\" aria-label=\"Photographe mariage Vevey\" role=\"img\" ><\/div>\n\t\t\t\t\t\t\t\t\t\t\t\t\t\t<\/a>\n\t\t\t\t\t\t\t<a class=\"e-gallery-item elementor-gallery-item elementor-animated-content\" href=\"https:\/\/aigal.ch\/wp-content\/uploads\/2025\/02\/Aigal_301951_07409-scaled.jpg\" data-elementor-open-lightbox=\"yes\" data-elementor-lightbox-slideshow=\"b959edf\" data-elementor-lightbox-title=\"Mariage de Val\u00e9rie et Fr\u00e9d\u00e9ric \u00e0 l&#039;H\u00f4tel des Trois Couronnes \u00e0 Vevey\" data-elementor-lightbox-description=\"Mariage de Val\u00e9rie et Fr\u00e9d\u00e9ric \u00e0 l&#039;H\u00f4tel des Trois Couronnes \u00e0 Vevey\" data-e-action-hash=\"#elementor-action%3Aaction%3Dlightbox%26settings%3DeyJpZCI6NDU5NjYsInVybCI6Imh0dHBzOlwvXC9haWdhbC5jaFwvd3AtY29udGVudFwvdXBsb2Fkc1wvMjAyNVwvMDJcL0FpZ2FsXzMwMTk1MV8wNzQwOS1zY2FsZWQuanBnIiwic2xpZGVzaG93IjoiYjk1OWVkZiJ9\">\n\t\t\t\t\t<div class=\"e-gallery-image elementor-gallery-item__image\" data-thumbnail=\"https:\/\/aigal.ch\/wp-content\/uploads\/2025\/02\/Aigal_301951_07409-768x1152.jpg\" data-width=\"768\" data-height=\"1152\" aria-label=\"Photographe mariage Vevey\" role=\"img\" ><\/div>\n\t\t\t\t\t\t\t\t\t\t\t\t\t\t<\/a>\n\t\t\t\t\t\t\t<a class=\"e-gallery-item elementor-gallery-item elementor-animated-content\" href=\"https:\/\/aigal.ch\/wp-content\/uploads\/2025\/02\/Aigal_302000_07462-scaled.jpg\" data-elementor-open-lightbox=\"yes\" data-elementor-lightbox-slideshow=\"b959edf\" data-elementor-lightbox-title=\"Mariage de Val\u00e9rie et Fr\u00e9d\u00e9ric \u00e0 l&#039;H\u00f4tel des Trois Couronnes \u00e0 Vevey\" data-elementor-lightbox-description=\"Mariage de Val\u00e9rie et Fr\u00e9d\u00e9ric \u00e0 l&#039;H\u00f4tel des Trois Couronnes \u00e0 Vevey\" data-e-action-hash=\"#elementor-action%3Aaction%3Dlightbox%26settings%3DeyJpZCI6NDU5NjcsInVybCI6Imh0dHBzOlwvXC9haWdhbC5jaFwvd3AtY29udGVudFwvdXBsb2Fkc1wvMjAyNVwvMDJcL0FpZ2FsXzMwMjAwMF8wNzQ2Mi1zY2FsZWQuanBnIiwic2xpZGVzaG93IjoiYjk1OWVkZiJ9\">\n\t\t\t\t\t<div class=\"e-gallery-image elementor-gallery-item__image\" data-thumbnail=\"https:\/\/aigal.ch\/wp-content\/uploads\/2025\/02\/Aigal_302000_07462-768x1152.jpg\" data-width=\"768\" data-height=\"1152\" aria-label=\"Photographe mariage Vevey\" role=\"img\" ><\/div>\n\t\t\t\t\t\t\t\t\t\t\t\t\t\t<\/a>\n\t\t\t\t\t\t\t<a class=\"e-gallery-item elementor-gallery-item elementor-animated-content\" href=\"https:\/\/aigal.ch\/wp-content\/uploads\/2025\/02\/Aigal_302015_07789-scaled.jpg\" data-elementor-open-lightbox=\"yes\" data-elementor-lightbox-slideshow=\"b959edf\" data-elementor-lightbox-title=\"Mariage de Val\u00e9rie et Fr\u00e9d\u00e9ric \u00e0 l&#039;H\u00f4tel des Trois Couronnes \u00e0 Vevey\" data-elementor-lightbox-description=\"Mariage de Val\u00e9rie et Fr\u00e9d\u00e9ric \u00e0 l&#039;H\u00f4tel des Trois Couronnes \u00e0 Vevey\" data-e-action-hash=\"#elementor-action%3Aaction%3Dlightbox%26settings%3DeyJpZCI6NDU5NjgsInVybCI6Imh0dHBzOlwvXC9haWdhbC5jaFwvd3AtY29udGVudFwvdXBsb2Fkc1wvMjAyNVwvMDJcL0FpZ2FsXzMwMjAxNV8wNzc4OS1zY2FsZWQuanBnIiwic2xpZGVzaG93IjoiYjk1OWVkZiJ9\">\n\t\t\t\t\t<div class=\"e-gallery-image elementor-gallery-item__image\" data-thumbnail=\"https:\/\/aigal.ch\/wp-content\/uploads\/2025\/02\/Aigal_302015_07789-768x512.jpg\" data-width=\"768\" data-height=\"512\" aria-label=\"Photographe mariage Vevey\" role=\"img\" ><\/div>\n\t\t\t\t\t\t\t\t\t\t\t\t\t\t<\/a>\n\t\t\t\t\t<\/div>\n\t\t\t\t\t<\/div>\n\t\t\t\t<\/div>\n\t\t\t\t<div class=\"elementor-element elementor-element-1d5e202 elementor-widget__width-inherit elementor-widget elementor-widget-post-info\" data-id=\"1d5e202\" data-element_type=\"widget\" data-e-type=\"widget\" data-widget_type=\"post-info.default\">\n\t\t\t\t<div class=\"elementor-widget-container\">\n\t\t\t\t\t\t\t<ul class=\"elementor-inline-items elementor-icon-list-items elementor-post-info\">\n\t\t\t\t\t\t\t\t<li class=\"elementor-icon-list-item elementor-repeater-item-0e4b037 elementor-inline-item\" itemprop=\"author\">\n\t\t\t\t\t\t<a href=\"https:\/\/aigal.ch\/en\/author\/emeric\/\">\n\t\t\t\t\t\t\t\t\t\t\t\t\t\t<span class=\"elementor-icon-list-text elementor-post-info__item elementor-post-info__item--type-author\">\n\t\t\t\t\t\t\t<span class=\"elementor-post-info__item-prefix\">Par <\/span>\n\t\t\t\t\t\t\t\t\t\tEmeric\t\t\t\t\t<\/span>\n\t\t\t\t\t\t\t\t\t<\/a>\n\t\t\t\t<\/li>\n\t\t\t\t<li class=\"elementor-icon-list-item elementor-repeater-item-a6868c4 elementor-inline-item\" itemprop=\"datePublished\">\n\t\t\t\t\t\t\t\t\t\t\t\t\t<span class=\"elementor-icon-list-text elementor-post-info__item elementor-post-info__item--type-date\">\n\t\t\t\t\t\t\t<span class=\"elementor-post-info__item-prefix\">, le<\/span>\n\t\t\t\t\t\t\t\t\t\t<time>31.08.24<\/time>\t\t\t\t\t<\/span>\n\t\t\t\t\t\t\t\t<\/li>\n\t\t\t\t<li class=\"elementor-icon-list-item elementor-repeater-item-c3234bb elementor-inline-item\" itemprop=\"about\">\n\t\t\t\t\t\t\t\t\t\t\t\t\t<span class=\"elementor-icon-list-text elementor-post-info__item elementor-post-info__item--type-terms\">\n\t\t\t\t\t\t\t<span class=\"elementor-post-info__item-prefix\">, dans la cat\u00e9gorie :<\/span>\n\t\t\t\t\t\t\t\t\t\t<span class=\"elementor-post-info__terms-list\">\n\t\t\t\t<a href=\"https:\/\/aigal.ch\/en\/category\/mariage\/\" class=\"elementor-post-info__terms-list-item\">Mariage<\/a>, <a href=\"https:\/\/aigal.ch\/en\/category\/mariage\/civil\/\" class=\"elementor-post-info__terms-list-item\">Mariage Civil<\/a>\t\t\t\t<\/span>\n\t\t\t\t\t<\/span>\n\t\t\t\t\t\t\t\t<\/li>\n\t\t\t\t<li class=\"elementor-icon-list-item elementor-repeater-item-b2b036f elementor-inline-item\" itemprop=\"about\">\n\t\t\t\t\t\t\t\t\t\t\t\t\t<span class=\"elementor-icon-list-text elementor-post-info__item elementor-post-info__item--type-terms\">\n\t\t\t\t\t\t\t<span class=\"elementor-post-info__item-prefix\">, mots cl\u00e9s :<\/span>\n\t\t\t\t\t\t\t\t\t\t<span class=\"elementor-post-info__terms-list\">\n\t\t\t\t<a href=\"https:\/\/aigal.ch\/en\/tag\/lac-leman\/\" class=\"elementor-post-info__terms-list-item\">Lac L\u00e9man<\/a>, <a href=\"https:\/\/aigal.ch\/en\/tag\/mariage-civil\/\" class=\"elementor-post-info__terms-list-item\">Mariage civil<\/a>, <a href=\"https:\/\/aigal.ch\/en\/tag\/suisse\/\" class=\"elementor-post-info__terms-list-item\">Switzerland<\/a>, <a href=\"https:\/\/aigal.ch\/en\/tag\/vevey\/\" class=\"elementor-post-info__terms-list-item\">Vevey<\/a>\t\t\t\t<\/span>\n\t\t\t\t\t<\/span>\n\t\t\t\t\t\t\t\t<\/li>\n\t\t\t\t<\/ul>\n\t\t\t\t\t\t<\/div>\n\t\t\t\t<\/div>\n\t\t\t\t<div class=\"elementor-element elementor-element-093587b elementor-widget__width-inherit elementor-widget elementor-widget-heading\" data-id=\"093587b\" data-element_type=\"widget\" data-e-type=\"widget\" data-widget_type=\"heading.default\">\n\t\t\t\t<div class=\"elementor-widget-container\">\n\t\t\t\t\t<h3 class=\"elementor-heading-title elementor-size-default\">D\u00e9couvrez nos autres mariages<\/h3>\t\t\t\t<\/div>\n\t\t\t\t<\/div>\n\t\t\t\t<div class=\"elementor-element elementor-element-3c314d6 elementor-widget__width-inherit elementor-arrows-position-inside elementor-widget elementor-widget-loop-carousel\" data-id=\"3c314d6\" data-element_type=\"widget\" data-e-type=\"widget\" data-settings=\"{&quot;template_id&quot;:&quot;37252&quot;,&quot;slides_to_show_tablet&quot;:&quot;3&quot;,&quot;slides_to_show_mobile&quot;:&quot;2&quot;,&quot;image_spacing_custom&quot;:{&quot;unit&quot;:&quot;px&quot;,&quot;size&quot;:30,&quot;sizes&quot;:[]},&quot;image_spacing_custom_mobile&quot;:{&quot;unit&quot;:&quot;px&quot;,&quot;size&quot;:2,&quot;sizes&quot;:[]},&quot;_skin&quot;:&quot;post&quot;,&quot;slides_to_show&quot;:&quot;3&quot;,&quot;edit_handle_selector&quot;:&quot;.elementor-loop-container&quot;,&quot;autoplay&quot;:&quot;yes&quot;,&quot;autoplay_speed&quot;:5000,&quot;pause_on_hover&quot;:&quot;yes&quot;,&quot;pause_on_interaction&quot;:&quot;yes&quot;,&quot;infinite&quot;:&quot;yes&quot;,&quot;speed&quot;:500,&quot;offset_sides&quot;:&quot;none&quot;,&quot;arrows&quot;:&quot;yes&quot;,&quot;image_spacing_custom_tablet&quot;:{&quot;unit&quot;:&quot;px&quot;,&quot;size&quot;:&quot;&quot;,&quot;sizes&quot;:[]}}\" data-widget_type=\"loop-carousel.post\">\n\t\t\t\t<div class=\"elementor-widget-container\">\n\t\t\t\t\t\t\t<div class=\"e-loop-nothing-found-message\">\n\t\t<\/div>\n\t\t\t\t\t\t<\/div>\n\t\t\t\t<\/div>\n\t\t\t\t\t<\/div>\n\t\t\t\t<\/div>\n\t\t\t\t<\/div>\n\t\t\t\t<\/div>\n\t\t\t\t\t\t<\/div>\n\t\t\t\t<\/div>\n\t\t\t\t<\/div>\n\t\t\t\t<\/div>","protected":false},"excerpt":{"rendered":"<p>Le 31 ao\u00fbt, sous un soleil \u00e9clatant, Val\u00e9rie et Fr\u00e9d\u00e9ric ont c\u00e9l\u00e9br\u00e9 leur mariage dans l\u2019\u00e9l\u00e9gant cadre de l\u2019h\u00f4tel Trois Couronnes \u00e0 Vevey. La journ\u00e9e a commenc\u00e9 en douceur avec leurs pr\u00e9paratifs au sein de cet \u00e9tablissement embl\u00e9matique, offrant un cadre \u00e0 la fois raffin\u00e9 et chaleureux.<\/p>","protected":false},"author":1,"featured_media":45964,"comment_status":"closed","ping_status":"closed","sticky":false,"template":"","format":"standard","meta":{"_acf_changed":false,"footnotes":""},"categories":[115,1],"tags":[134,114,128,314],"class_list":["post-46363","post","type-post","status-publish","format-standard","has-post-thumbnail","hentry","category-mariage","category-civil","tag-lac-leman","tag-mariage-civil","tag-suisse","tag-vevey"],"acf":[],"_links":{"self":[{"href":"https:\/\/aigal.ch\/en\/wp-json\/wp\/v2\/posts\/46363","targetHints":{"allow":["GET"]}}],"collection":[{"href":"https:\/\/aigal.ch\/en\/wp-json\/wp\/v2\/posts"}],"about":[{"href":"https:\/\/aigal.ch\/en\/wp-json\/wp\/v2\/types\/post"}],"author":[{"embeddable":true,"href":"https:\/\/aigal.ch\/en\/wp-json\/wp\/v2\/users\/1"}],"replies":[{"embeddable":true,"href":"https:\/\/aigal.ch\/en\/wp-json\/wp\/v2\/comments?post=46363"}],"version-history":[{"count":0,"href":"https:\/\/aigal.ch\/en\/wp-json\/wp\/v2\/posts\/46363\/revisions"}],"wp:featuredmedia":[{"embeddable":true,"href":"https:\/\/aigal.ch\/en\/wp-json\/wp\/v2\/media\/45964"}],"wp:attachment":[{"href":"https:\/\/aigal.ch\/en\/wp-json\/wp\/v2\/media?parent=46363"}],"wp:term":[{"taxonomy":"category","embeddable":true,"href":"https:\/\/aigal.ch\/en\/wp-json\/wp\/v2\/categories?post=46363"},{"taxonomy":"post_tag","embeddable":true,"href":"https:\/\/aigal.ch\/en\/wp-json\/wp\/v2\/tags?post=46363"}],"curies":[{"name":"wp","href":"https:\/\/api.w.org\/{rel}","templated":true}]}}