{"id":46993,"date":"2024-09-21T16:19:22","date_gmt":"2024-09-21T14:19:22","guid":{"rendered":"https:\/\/aigal.ch\/?p=46993"},"modified":"2025-08-30T17:52:29","modified_gmt":"2025-08-30T15:52:29","slug":"mariage-au-castel-de-bois-genoud-a-crissier","status":"publish","type":"post","link":"https:\/\/aigal.ch\/en\/mariage-au-castel-de-bois-genoud-a-crissier\/","title":{"rendered":"Wedding at Castel de Bois Genoud in Crissier"},"content":{"rendered":"<div data-elementor-type=\"wp-post\" data-elementor-id=\"46993\" class=\"elementor elementor-46993\" data-elementor-post-type=\"post\">\n\t\t\t\t<div class=\"elementor-element elementor-element-e76d44a e-con-full e-flex e-con e-parent\" data-id=\"e76d44a\" data-element_type=\"container\" data-e-type=\"container\">\n\t\t\t\t<div class=\"elementor-element elementor-element-fad076a elementor-widget elementor-widget-template\" data-id=\"fad076a\" data-element_type=\"widget\" data-e-type=\"widget\" data-widget_type=\"template.default\">\n\t\t\t\t<div class=\"elementor-widget-container\">\n\t\t\t\t\t\t\t<div class=\"elementor-template\">\n\t\t\t\t\t<div data-elementor-type=\"page\" data-elementor-id=\"36238\" class=\"elementor elementor-36238\" data-elementor-post-type=\"elementor_library\">\n\t\t\t\t<div class=\"elementor-element elementor-element-37e4718 e-con-full e-flex e-con e-parent\" data-id=\"37e4718\" data-element_type=\"container\" data-e-type=\"container\" data-settings=\"{&quot;background_background&quot;:&quot;classic&quot;}\">\n\t\t\t\t<div class=\"elementor-element elementor-element-1c5c428 elementor-widget__width-inherit elementor-widget elementor-widget-text-editor\" data-id=\"1c5c428\" data-element_type=\"widget\" data-e-type=\"widget\" data-widget_type=\"text-editor.default\">\n\t\t\t\t<div class=\"elementor-widget-container\">\n\t\t\t\t\t\t\t\t\t<nav aria-label=\"breadcrumbs\" class=\"rank-math-breadcrumb\"><p><span class=\"last\">Aigal Wedding<\/span><\/p><\/nav>\t\t\t\t\t\t\t\t<\/div>\n\t\t\t\t<\/div>\n\t\t\t\t<\/div>\n\t\t<div class=\"elementor-element elementor-element-31ee0de e-flex e-con-boxed e-con e-parent\" data-id=\"31ee0de\" data-element_type=\"container\" data-e-type=\"container\">\n\t\t\t\t\t<div class=\"e-con-inner\">\n\t\t\t\t<div class=\"elementor-element elementor-element-715053b elementor-widget__width-inherit elementor-widget elementor-widget-heading\" data-id=\"715053b\" data-element_type=\"widget\" data-e-type=\"widget\" data-widget_type=\"heading.default\">\n\t\t\t\t<div class=\"elementor-widget-container\">\n\t\t\t\t\t<h1 class=\"elementor-heading-title elementor-size-default\">Un mariage automnal \u00e9l\u00e9gant au Castel Bois Genoud<\/h1>\t\t\t\t<\/div>\n\t\t\t\t<\/div>\n\t\t<div class=\"elementor-element elementor-element-c4f3c9d e-con-full e-flex e-con e-child\" data-id=\"c4f3c9d\" data-element_type=\"container\" data-e-type=\"container\">\n\t\t<div class=\"elementor-element elementor-element-8aeaa66 e-con-full e-flex e-con e-child\" data-id=\"8aeaa66\" data-element_type=\"container\" data-e-type=\"container\" data-settings=\"{&quot;background_background&quot;:&quot;classic&quot;}\">\n\t\t\t\t<\/div>\n\t\t\t\t<div class=\"elementor-element elementor-element-eff9517 elementor-widget__width-initial elementor-widget-mobile__width-inherit elementor-widget elementor-widget-text-editor\" data-id=\"eff9517\" data-element_type=\"widget\" data-e-type=\"widget\" data-widget_type=\"text-editor.default\">\n\t\t\t\t<div class=\"elementor-widget-container\">\n\t\t\t\t\t\t\t\t\t<h2>Un cadre enchanteur pour une union inoubliable<\/h2>\n<p>Le 21 septembre 2024, Sarah et Medhi ont c\u00e9l\u00e9br\u00e9 leur amour dans l\u2019atmosph\u00e8re intime et naturelle du Castel Bois Genoud. \u00c0 l\u2019aube de l\u2019automne, le domaine s\u2019est par\u00e9 de ses plus belles couleurs, offrant un d\u00e9cor chaleureux et romantique pour cette journ\u00e9e exceptionnelle.<\/p>\n<h3>Des pr\u00e9paratifs empreints de douceur<\/h3>\n<p>La journ\u00e9e a commenc\u00e9 par des pr\u00e9paratifs dans une ambiance paisible et joyeuse. Entour\u00e9s de leurs proches, Sarah et Medhi ont savour\u00e9 chaque instant avant de se d\u00e9couvrir lors de la c\u00e9r\u00e9monie.<\/p>\n<h3>Une c\u00e9r\u00e9monie authentique et \u00e9mouvante<\/h3>\n<p>La c\u00e9r\u00e9monie s\u2019est tenue en ext\u00e9rieur, sous une lumi\u00e8re dor\u00e9e qui sublimait l\u2019instant. Les mari\u00e9s ont \u00e9chang\u00e9 leurs v\u0153ux entour\u00e9s de leurs familles et amis, dans une atmosph\u00e8re \u00e0 la fois solennelle et chaleureuse.<\/p>\n<h3>Une r\u00e9ception festive et raffin\u00e9e<\/h3>\n<p>Apr\u00e8s la c\u00e9r\u00e9monie, les invit\u00e9s ont profit\u00e9 d\u2019un cocktail convivial dans le magnifique jardin du domaine, avant de rejoindre la salle de r\u00e9ception pour un d\u00eener savoureux. La soir\u00e9e s\u2019est poursuivie par une f\u00eate anim\u00e9e, o\u00f9 rires et danses ont rythm\u00e9 les festivit\u00e9s jusque tard dans la nuit.<\/p>\n<h3>Une organisation et une d\u00e9coration sign\u00e9es Moyra Events<\/h3>\n<p>Pour sublimer cette journ\u00e9e unique, <a href=\"https:\/\/moyra-events.ch\" target=\"_blank\" rel=\"noopener\">Moyra Events<\/a> a pris en charge l\u2019organisation et la d\u00e9coration du mariage. Chaque d\u00e9tail a \u00e9t\u00e9 soigneusement pens\u00e9 pour cr\u00e9er une ambiance \u00e9l\u00e9gante et harmonieuse, \u00e0 l\u2019image des mari\u00e9s.<\/p>\n<h3>Immortalisez votre mariage avec Aigal Studio<\/h3>\n<p>Chez Aigal Wedding, nous capturons chaque instant avec passion pour cr\u00e9er des souvenirs intemporels. D\u00e9couvrez nos prestations de mariage pour une couverture compl\u00e8te de votre grand jour.<\/p>\n\t\t\t\t\t\t\t\t<\/div>\n\t\t\t\t<\/div>\n\t\t\t\t<\/div>\n\t\t\t\t<div class=\"elementor-element elementor-element-b79fcd4 elementor-widget__width-inherit elementor-widget elementor-widget-heading\" data-id=\"b79fcd4\" data-element_type=\"widget\" data-e-type=\"widget\" data-widget_type=\"heading.default\">\n\t\t\t\t<div class=\"elementor-widget-container\">\n\t\t\t\t\t<h3 class=\"elementor-heading-title elementor-size-default\">Immortalisez votre union avec un photographe de mariage \u00e0 Crissier<\/h3>\t\t\t\t<\/div>\n\t\t\t\t<\/div>\n\t\t\t\t<div class=\"elementor-element elementor-element-ebb0c71 elementor-widget__width-inherit elementor-widget-mobile__width-inherit elementor-widget elementor-widget-text-editor\" data-id=\"ebb0c71\" data-element_type=\"widget\" data-e-type=\"widget\" data-widget_type=\"text-editor.default\">\n\t\t\t\t<div class=\"elementor-widget-container\">\n\t\t\t\t\t\t\t\t\t<p>Que ce soit dans un cadre naturel, urbain ou prestigieux, nous capturons chaque moment de votre mariage avec authenticit\u00e9 et sensibilit\u00e9. D\u00e9couvrez nos prestations sur <a href=\"https:\/\/aigal.ch\/photographe-mariage\/\" target=\"_blank\" rel=\"noopener\">aigal.ch\/photographe-mariage<\/a> et laissez-nous raconter votre histoire en images.<\/p>\n\t\t\t\t\t\t\t\t<\/div>\n\t\t\t\t<\/div>\n\t\t\t\t<div class=\"elementor-element elementor-element-a936e0e elementor-widget__width-inherit elementor-widget elementor-widget-heading\" data-id=\"a936e0e\" data-element_type=\"widget\" data-e-type=\"widget\" data-widget_type=\"heading.default\">\n\t\t\t\t<div class=\"elementor-widget-container\">\n\t\t\t\t\t<h3 class=\"elementor-heading-title elementor-size-default\">Quelques photos de leur mariage<\/h3>\t\t\t\t<\/div>\n\t\t\t\t<\/div>\n\t\t\t\t<div class=\"elementor-element elementor-element-2b1bea4 elementor-widget__width-inherit elementor-widget elementor-widget-text-editor\" data-id=\"2b1bea4\" data-element_type=\"widget\" data-e-type=\"widget\" data-widget_type=\"text-editor.default\">\n\t\t\t\t<div class=\"elementor-widget-container\">\n\t\t\t\t\t\t\t\t\tNous avons veill\u00e9 \u00e0 ne publier que des photos qui respectent la confidentialit\u00e9 et les souhaits de nos clients.\t\t\t\t\t\t\t\t<\/div>\n\t\t\t\t<\/div>\n\t\t\t\t<div class=\"elementor-element elementor-element-b959edf elementor-widget__width-inherit elementor-widget elementor-widget-gallery\" data-id=\"b959edf\" data-element_type=\"widget\" data-e-type=\"widget\" data-settings=\"{&quot;gap&quot;:{&quot;unit&quot;:&quot;px&quot;,&quot;size&quot;:20,&quot;sizes&quot;:[]},&quot;columns_mobile&quot;:3,&quot;gallery_layout&quot;:&quot;masonry&quot;,&quot;columns_tablet&quot;:3,&quot;lazyload&quot;:&quot;yes&quot;,&quot;columns&quot;:4,&quot;gap_tablet&quot;:{&quot;unit&quot;:&quot;px&quot;,&quot;size&quot;:10,&quot;sizes&quot;:[]},&quot;gap_mobile&quot;:{&quot;unit&quot;:&quot;px&quot;,&quot;size&quot;:10,&quot;sizes&quot;:[]},&quot;link_to&quot;:&quot;file&quot;,&quot;content_hover_animation&quot;:&quot;fade-in&quot;}\" data-widget_type=\"gallery.default\">\n\t\t\t\t<div class=\"elementor-widget-container\">\n\t\t\t\t\t\t\t<div class=\"elementor-gallery__container\">\n\t\t\t\t\t\t\t<a class=\"e-gallery-item elementor-gallery-item elementor-animated-content\" href=\"https:\/\/aigal.ch\/wp-content\/uploads\/2025\/02\/Aigal_211322_05548-scaled.jpg\" data-elementor-open-lightbox=\"yes\" data-elementor-lightbox-slideshow=\"b959edf\" data-elementor-lightbox-title=\"Aigal_211322_05548\" data-elementor-lightbox-description=\"Mariage de Sarah et Medhi au Castel Bois Genoud\" data-e-action-hash=\"#elementor-action%3Aaction%3Dlightbox%26settings%3DeyJpZCI6NDcwMzgsInVybCI6Imh0dHBzOlwvXC9haWdhbC5jaFwvd3AtY29udGVudFwvdXBsb2Fkc1wvMjAyNVwvMDJcL0FpZ2FsXzIxMTMyMl8wNTU0OC1zY2FsZWQuanBnIiwic2xpZGVzaG93IjoiYjk1OWVkZiJ9\">\n\t\t\t\t\t<div class=\"e-gallery-image elementor-gallery-item__image\" data-thumbnail=\"https:\/\/aigal.ch\/wp-content\/uploads\/2025\/02\/Aigal_211322_05548-768x512.jpg\" data-width=\"768\" data-height=\"512\" aria-label=\"Photographe mariage au Castel Bois Genoud Crissier Vaud\" role=\"img\" ><\/div>\n\t\t\t\t\t\t\t\t\t\t\t\t\t\t<\/a>\n\t\t\t\t\t\t\t<a class=\"e-gallery-item elementor-gallery-item elementor-animated-content\" href=\"https:\/\/aigal.ch\/wp-content\/uploads\/2025\/02\/Aigal_211322_05552-scaled.jpg\" data-elementor-open-lightbox=\"yes\" data-elementor-lightbox-slideshow=\"b959edf\" data-elementor-lightbox-title=\"Aigal_211322_05552\" data-elementor-lightbox-description=\"Mariage de Sarah et Medhi au Castel Bois Genoud\" data-e-action-hash=\"#elementor-action%3Aaction%3Dlightbox%26settings%3DeyJpZCI6NDcwNDAsInVybCI6Imh0dHBzOlwvXC9haWdhbC5jaFwvd3AtY29udGVudFwvdXBsb2Fkc1wvMjAyNVwvMDJcL0FpZ2FsXzIxMTMyMl8wNTU1Mi1zY2FsZWQuanBnIiwic2xpZGVzaG93IjoiYjk1OWVkZiJ9\">\n\t\t\t\t\t<div class=\"e-gallery-image elementor-gallery-item__image\" data-thumbnail=\"https:\/\/aigal.ch\/wp-content\/uploads\/2025\/02\/Aigal_211322_05552-768x1152.jpg\" data-width=\"768\" data-height=\"1152\" aria-label=\"Photographe mariage au Castel Bois Genoud Crissier Vaud\" role=\"img\" ><\/div>\n\t\t\t\t\t\t\t\t\t\t\t\t\t\t<\/a>\n\t\t\t\t\t\t\t<a class=\"e-gallery-item elementor-gallery-item elementor-animated-content\" href=\"https:\/\/aigal.ch\/wp-content\/uploads\/2025\/02\/Aigal_211331_05581-scaled.jpg\" data-elementor-open-lightbox=\"yes\" data-elementor-lightbox-slideshow=\"b959edf\" data-elementor-lightbox-title=\"Aigal_211331_05581\" data-elementor-lightbox-description=\"Mariage de Sarah et Medhi au Castel Bois Genoud\" data-e-action-hash=\"#elementor-action%3Aaction%3Dlightbox%26settings%3DeyJpZCI6NDcwNDEsInVybCI6Imh0dHBzOlwvXC9haWdhbC5jaFwvd3AtY29udGVudFwvdXBsb2Fkc1wvMjAyNVwvMDJcL0FpZ2FsXzIxMTMzMV8wNTU4MS1zY2FsZWQuanBnIiwic2xpZGVzaG93IjoiYjk1OWVkZiJ9\">\n\t\t\t\t\t<div class=\"e-gallery-image elementor-gallery-item__image\" data-thumbnail=\"https:\/\/aigal.ch\/wp-content\/uploads\/2025\/02\/Aigal_211331_05581-768x1152.jpg\" data-width=\"768\" data-height=\"1152\" aria-label=\"Photographe mariage au Castel Bois Genoud Crissier Vaud\" role=\"img\" ><\/div>\n\t\t\t\t\t\t\t\t\t\t\t\t\t\t<\/a>\n\t\t\t\t\t\t\t<a class=\"e-gallery-item elementor-gallery-item elementor-animated-content\" href=\"https:\/\/aigal.ch\/wp-content\/uploads\/2025\/02\/Aigal_211333_05617-scaled.jpg\" data-elementor-open-lightbox=\"yes\" data-elementor-lightbox-slideshow=\"b959edf\" data-elementor-lightbox-title=\"Aigal_211333_05617\" data-elementor-lightbox-description=\"Mariage de Sarah et Medhi au Castel Bois Genoud\" data-e-action-hash=\"#elementor-action%3Aaction%3Dlightbox%26settings%3DeyJpZCI6NDcwNDIsInVybCI6Imh0dHBzOlwvXC9haWdhbC5jaFwvd3AtY29udGVudFwvdXBsb2Fkc1wvMjAyNVwvMDJcL0FpZ2FsXzIxMTMzM18wNTYxNy1zY2FsZWQuanBnIiwic2xpZGVzaG93IjoiYjk1OWVkZiJ9\">\n\t\t\t\t\t<div class=\"e-gallery-image elementor-gallery-item__image\" data-thumbnail=\"https:\/\/aigal.ch\/wp-content\/uploads\/2025\/02\/Aigal_211333_05617-768x1152.jpg\" data-width=\"768\" data-height=\"1152\" aria-label=\"Photographe mariage au Castel Bois Genoud Crissier Vaud\" role=\"img\" ><\/div>\n\t\t\t\t\t\t\t\t\t\t\t\t\t\t<\/a>\n\t\t\t\t\t\t\t<a class=\"e-gallery-item elementor-gallery-item elementor-animated-content\" href=\"https:\/\/aigal.ch\/wp-content\/uploads\/2025\/02\/Aigal_211339_05634-scaled.jpg\" data-elementor-open-lightbox=\"yes\" data-elementor-lightbox-slideshow=\"b959edf\" data-elementor-lightbox-title=\"Aigal_211339_05634\" data-elementor-lightbox-description=\"Mariage de Sarah et Medhi au Castel Bois Genoud\" data-e-action-hash=\"#elementor-action%3Aaction%3Dlightbox%26settings%3DeyJpZCI6NDcwNDMsInVybCI6Imh0dHBzOlwvXC9haWdhbC5jaFwvd3AtY29udGVudFwvdXBsb2Fkc1wvMjAyNVwvMDJcL0FpZ2FsXzIxMTMzOV8wNTYzNC1zY2FsZWQuanBnIiwic2xpZGVzaG93IjoiYjk1OWVkZiJ9\">\n\t\t\t\t\t<div class=\"e-gallery-image elementor-gallery-item__image\" data-thumbnail=\"https:\/\/aigal.ch\/wp-content\/uploads\/2025\/02\/Aigal_211339_05634-768x1152.jpg\" data-width=\"768\" data-height=\"1152\" aria-label=\"Photographe mariage au Castel Bois Genoud Crissier Vaud\" role=\"img\" ><\/div>\n\t\t\t\t\t\t\t\t\t\t\t\t\t\t<\/a>\n\t\t\t\t\t\t\t<a class=\"e-gallery-item elementor-gallery-item elementor-animated-content\" href=\"https:\/\/aigal.ch\/wp-content\/uploads\/2025\/02\/Aigal_211350_05760-scaled.jpg\" data-elementor-open-lightbox=\"yes\" data-elementor-lightbox-slideshow=\"b959edf\" data-elementor-lightbox-title=\"Aigal_211350_05760\" data-elementor-lightbox-description=\"Mariage de Sarah et Medhi au Castel Bois Genoud\" data-e-action-hash=\"#elementor-action%3Aaction%3Dlightbox%26settings%3DeyJpZCI6NDcwNDQsInVybCI6Imh0dHBzOlwvXC9haWdhbC5jaFwvd3AtY29udGVudFwvdXBsb2Fkc1wvMjAyNVwvMDJcL0FpZ2FsXzIxMTM1MF8wNTc2MC1zY2FsZWQuanBnIiwic2xpZGVzaG93IjoiYjk1OWVkZiJ9\">\n\t\t\t\t\t<div class=\"e-gallery-image elementor-gallery-item__image\" data-thumbnail=\"https:\/\/aigal.ch\/wp-content\/uploads\/2025\/02\/Aigal_211350_05760-768x1152.jpg\" data-width=\"768\" data-height=\"1152\" aria-label=\"Photographe mariage au Castel Bois Genoud Crissier Vaud\" role=\"img\" ><\/div>\n\t\t\t\t\t\t\t\t\t\t\t\t\t\t<\/a>\n\t\t\t\t\t\t\t<a class=\"e-gallery-item elementor-gallery-item elementor-animated-content\" href=\"https:\/\/aigal.ch\/wp-content\/uploads\/2025\/02\/Aigal_211407_05938-scaled.jpg\" data-elementor-open-lightbox=\"yes\" data-elementor-lightbox-slideshow=\"b959edf\" data-elementor-lightbox-title=\"Aigal_211407_05938\" data-elementor-lightbox-description=\"Mariage de Sarah et Medhi au Castel Bois Genoud\" data-e-action-hash=\"#elementor-action%3Aaction%3Dlightbox%26settings%3DeyJpZCI6NDcwNDUsInVybCI6Imh0dHBzOlwvXC9haWdhbC5jaFwvd3AtY29udGVudFwvdXBsb2Fkc1wvMjAyNVwvMDJcL0FpZ2FsXzIxMTQwN18wNTkzOC1zY2FsZWQuanBnIiwic2xpZGVzaG93IjoiYjk1OWVkZiJ9\">\n\t\t\t\t\t<div class=\"e-gallery-image elementor-gallery-item__image\" data-thumbnail=\"https:\/\/aigal.ch\/wp-content\/uploads\/2025\/02\/Aigal_211407_05938-768x1152.jpg\" data-width=\"768\" data-height=\"1152\" aria-label=\"Photographe mariage au Castel Bois Genoud Crissier Vaud\" role=\"img\" ><\/div>\n\t\t\t\t\t\t\t\t\t\t\t\t\t\t<\/a>\n\t\t\t\t\t\t\t<a class=\"e-gallery-item elementor-gallery-item elementor-animated-content\" href=\"https:\/\/aigal.ch\/wp-content\/uploads\/2025\/02\/Aigal_211414_05962-scaled.jpg\" data-elementor-open-lightbox=\"yes\" data-elementor-lightbox-slideshow=\"b959edf\" data-elementor-lightbox-title=\"Aigal_211414_05962\" data-elementor-lightbox-description=\"Mariage de Sarah et Medhi au Castel Bois Genoud\" data-e-action-hash=\"#elementor-action%3Aaction%3Dlightbox%26settings%3DeyJpZCI6NDcwNDYsInVybCI6Imh0dHBzOlwvXC9haWdhbC5jaFwvd3AtY29udGVudFwvdXBsb2Fkc1wvMjAyNVwvMDJcL0FpZ2FsXzIxMTQxNF8wNTk2Mi1zY2FsZWQuanBnIiwic2xpZGVzaG93IjoiYjk1OWVkZiJ9\">\n\t\t\t\t\t<div class=\"e-gallery-image elementor-gallery-item__image\" data-thumbnail=\"https:\/\/aigal.ch\/wp-content\/uploads\/2025\/02\/Aigal_211414_05962-768x512.jpg\" data-width=\"768\" data-height=\"512\" aria-label=\"Photographe mariage au Castel Bois Genoud Crissier Vaud\" role=\"img\" ><\/div>\n\t\t\t\t\t\t\t\t\t\t\t\t\t\t<\/a>\n\t\t\t\t\t\t\t<a class=\"e-gallery-item elementor-gallery-item elementor-animated-content\" href=\"https:\/\/aigal.ch\/wp-content\/uploads\/2025\/02\/Aigal_211518_06139-scaled.jpg\" data-elementor-open-lightbox=\"yes\" data-elementor-lightbox-slideshow=\"b959edf\" data-elementor-lightbox-title=\"Aigal_211518_06139\" data-elementor-lightbox-description=\"Mariage de Sarah et Medhi au Castel Bois Genoud\" data-e-action-hash=\"#elementor-action%3Aaction%3Dlightbox%26settings%3DeyJpZCI6NDcwNDcsInVybCI6Imh0dHBzOlwvXC9haWdhbC5jaFwvd3AtY29udGVudFwvdXBsb2Fkc1wvMjAyNVwvMDJcL0FpZ2FsXzIxMTUxOF8wNjEzOS1zY2FsZWQuanBnIiwic2xpZGVzaG93IjoiYjk1OWVkZiJ9\">\n\t\t\t\t\t<div class=\"e-gallery-image elementor-gallery-item__image\" data-thumbnail=\"https:\/\/aigal.ch\/wp-content\/uploads\/2025\/02\/Aigal_211518_06139-768x1152.jpg\" data-width=\"768\" data-height=\"1152\" aria-label=\"Photographe mariage au Castel Bois Genoud Crissier Vaud\" role=\"img\" ><\/div>\n\t\t\t\t\t\t\t\t\t\t\t\t\t\t<\/a>\n\t\t\t\t\t\t\t<a class=\"e-gallery-item elementor-gallery-item elementor-animated-content\" href=\"https:\/\/aigal.ch\/wp-content\/uploads\/2025\/02\/Aigal_211521_06172-scaled.jpg\" data-elementor-open-lightbox=\"yes\" data-elementor-lightbox-slideshow=\"b959edf\" data-elementor-lightbox-title=\"Aigal_211521_06172\" data-elementor-lightbox-description=\"Mariage de Sarah et Medhi au Castel Bois Genoud\" data-e-action-hash=\"#elementor-action%3Aaction%3Dlightbox%26settings%3DeyJpZCI6NDcwNDgsInVybCI6Imh0dHBzOlwvXC9haWdhbC5jaFwvd3AtY29udGVudFwvdXBsb2Fkc1wvMjAyNVwvMDJcL0FpZ2FsXzIxMTUyMV8wNjE3Mi1zY2FsZWQuanBnIiwic2xpZGVzaG93IjoiYjk1OWVkZiJ9\">\n\t\t\t\t\t<div class=\"e-gallery-image elementor-gallery-item__image\" data-thumbnail=\"https:\/\/aigal.ch\/wp-content\/uploads\/2025\/02\/Aigal_211521_06172-768x1152.jpg\" data-width=\"768\" data-height=\"1152\" aria-label=\"Photographe mariage au Castel Bois Genoud Crissier Vaud\" role=\"img\" ><\/div>\n\t\t\t\t\t\t\t\t\t\t\t\t\t\t<\/a>\n\t\t\t\t\t\t\t<a class=\"e-gallery-item elementor-gallery-item elementor-animated-content\" href=\"https:\/\/aigal.ch\/wp-content\/uploads\/2025\/02\/Aigal_211522_06204-scaled.jpg\" data-elementor-open-lightbox=\"yes\" data-elementor-lightbox-slideshow=\"b959edf\" data-elementor-lightbox-title=\"Aigal_211522_06204\" data-elementor-lightbox-description=\"Mariage de Sarah et Medhi au Castel Bois Genoud\" data-e-action-hash=\"#elementor-action%3Aaction%3Dlightbox%26settings%3DeyJpZCI6NDcwNDksInVybCI6Imh0dHBzOlwvXC9haWdhbC5jaFwvd3AtY29udGVudFwvdXBsb2Fkc1wvMjAyNVwvMDJcL0FpZ2FsXzIxMTUyMl8wNjIwNC1zY2FsZWQuanBnIiwic2xpZGVzaG93IjoiYjk1OWVkZiJ9\">\n\t\t\t\t\t<div class=\"e-gallery-image elementor-gallery-item__image\" data-thumbnail=\"https:\/\/aigal.ch\/wp-content\/uploads\/2025\/02\/Aigal_211522_06204-768x1152.jpg\" data-width=\"768\" data-height=\"1152\" aria-label=\"Photographe mariage au Castel Bois Genoud Crissier Vaud\" role=\"img\" ><\/div>\n\t\t\t\t\t\t\t\t\t\t\t\t\t\t<\/a>\n\t\t\t\t\t\t\t<a class=\"e-gallery-item elementor-gallery-item elementor-animated-content\" href=\"https:\/\/aigal.ch\/wp-content\/uploads\/2025\/02\/Aigal_211522_06212-scaled.jpg\" data-elementor-open-lightbox=\"yes\" data-elementor-lightbox-slideshow=\"b959edf\" data-elementor-lightbox-title=\"Aigal_211522_06212\" data-elementor-lightbox-description=\"Mariage de Sarah et Medhi au Castel Bois Genoud\" data-e-action-hash=\"#elementor-action%3Aaction%3Dlightbox%26settings%3DeyJpZCI6NDcwNTAsInVybCI6Imh0dHBzOlwvXC9haWdhbC5jaFwvd3AtY29udGVudFwvdXBsb2Fkc1wvMjAyNVwvMDJcL0FpZ2FsXzIxMTUyMl8wNjIxMi1zY2FsZWQuanBnIiwic2xpZGVzaG93IjoiYjk1OWVkZiJ9\">\n\t\t\t\t\t<div class=\"e-gallery-image elementor-gallery-item__image\" data-thumbnail=\"https:\/\/aigal.ch\/wp-content\/uploads\/2025\/02\/Aigal_211522_06212-768x1152.jpg\" data-width=\"768\" data-height=\"1152\" aria-label=\"Photographe mariage au Castel Bois Genoud Crissier Vaud\" role=\"img\" ><\/div>\n\t\t\t\t\t\t\t\t\t\t\t\t\t\t<\/a>\n\t\t\t\t\t\t\t<a class=\"e-gallery-item elementor-gallery-item elementor-animated-content\" href=\"https:\/\/aigal.ch\/wp-content\/uploads\/2025\/02\/Aigal_211522_06216-scaled.jpg\" data-elementor-open-lightbox=\"yes\" data-elementor-lightbox-slideshow=\"b959edf\" data-elementor-lightbox-title=\"Aigal_211522_06216\" data-elementor-lightbox-description=\"Mariage de Sarah et Medhi au Castel Bois Genoud\" data-e-action-hash=\"#elementor-action%3Aaction%3Dlightbox%26settings%3DeyJpZCI6NDcwNTEsInVybCI6Imh0dHBzOlwvXC9haWdhbC5jaFwvd3AtY29udGVudFwvdXBsb2Fkc1wvMjAyNVwvMDJcL0FpZ2FsXzIxMTUyMl8wNjIxNi1zY2FsZWQuanBnIiwic2xpZGVzaG93IjoiYjk1OWVkZiJ9\">\n\t\t\t\t\t<div class=\"e-gallery-image elementor-gallery-item__image\" data-thumbnail=\"https:\/\/aigal.ch\/wp-content\/uploads\/2025\/02\/Aigal_211522_06216-768x1152.jpg\" data-width=\"768\" data-height=\"1152\" aria-label=\"Photographe mariage au Castel Bois Genoud Crissier Vaud\" role=\"img\" ><\/div>\n\t\t\t\t\t\t\t\t\t\t\t\t\t\t<\/a>\n\t\t\t\t\t\t\t<a class=\"e-gallery-item elementor-gallery-item elementor-animated-content\" href=\"https:\/\/aigal.ch\/wp-content\/uploads\/2025\/02\/Aigal_211524_06237-scaled.jpg\" data-elementor-open-lightbox=\"yes\" data-elementor-lightbox-slideshow=\"b959edf\" data-elementor-lightbox-title=\"Aigal_211524_06237\" data-elementor-lightbox-description=\"Mariage de Sarah et Medhi au Castel Bois Genoud\" data-e-action-hash=\"#elementor-action%3Aaction%3Dlightbox%26settings%3DeyJpZCI6NDcwNTIsInVybCI6Imh0dHBzOlwvXC9haWdhbC5jaFwvd3AtY29udGVudFwvdXBsb2Fkc1wvMjAyNVwvMDJcL0FpZ2FsXzIxMTUyNF8wNjIzNy1zY2FsZWQuanBnIiwic2xpZGVzaG93IjoiYjk1OWVkZiJ9\">\n\t\t\t\t\t<div class=\"e-gallery-image elementor-gallery-item__image\" data-thumbnail=\"https:\/\/aigal.ch\/wp-content\/uploads\/2025\/02\/Aigal_211524_06237-768x1152.jpg\" data-width=\"768\" data-height=\"1152\" aria-label=\"Photographe mariage au Castel Bois Genoud Crissier Vaud\" role=\"img\" ><\/div>\n\t\t\t\t\t\t\t\t\t\t\t\t\t\t<\/a>\n\t\t\t\t\t\t\t<a class=\"e-gallery-item elementor-gallery-item elementor-animated-content\" href=\"https:\/\/aigal.ch\/wp-content\/uploads\/2025\/02\/Aigal_211524_06253-scaled.jpg\" data-elementor-open-lightbox=\"yes\" data-elementor-lightbox-slideshow=\"b959edf\" data-elementor-lightbox-title=\"Aigal_211524_06253\" data-elementor-lightbox-description=\"Mariage de Sarah et Medhi au Castel Bois Genoud\" data-e-action-hash=\"#elementor-action%3Aaction%3Dlightbox%26settings%3DeyJpZCI6NDcwNTMsInVybCI6Imh0dHBzOlwvXC9haWdhbC5jaFwvd3AtY29udGVudFwvdXBsb2Fkc1wvMjAyNVwvMDJcL0FpZ2FsXzIxMTUyNF8wNjI1My1zY2FsZWQuanBnIiwic2xpZGVzaG93IjoiYjk1OWVkZiJ9\">\n\t\t\t\t\t<div class=\"e-gallery-image elementor-gallery-item__image\" data-thumbnail=\"https:\/\/aigal.ch\/wp-content\/uploads\/2025\/02\/Aigal_211524_06253-768x1152.jpg\" data-width=\"768\" data-height=\"1152\" aria-label=\"Photographe mariage au Castel Bois Genoud Crissier Vaud\" role=\"img\" ><\/div>\n\t\t\t\t\t\t\t\t\t\t\t\t\t\t<\/a>\n\t\t\t\t\t\t\t<a class=\"e-gallery-item elementor-gallery-item elementor-animated-content\" href=\"https:\/\/aigal.ch\/wp-content\/uploads\/2025\/02\/Aigal_211525_06283-scaled.jpg\" data-elementor-open-lightbox=\"yes\" data-elementor-lightbox-slideshow=\"b959edf\" data-elementor-lightbox-title=\"Aigal_211525_06283\" data-elementor-lightbox-description=\"Mariage de Sarah et Medhi au Castel Bois Genoud\" data-e-action-hash=\"#elementor-action%3Aaction%3Dlightbox%26settings%3DeyJpZCI6NDcwNTQsInVybCI6Imh0dHBzOlwvXC9haWdhbC5jaFwvd3AtY29udGVudFwvdXBsb2Fkc1wvMjAyNVwvMDJcL0FpZ2FsXzIxMTUyNV8wNjI4My1zY2FsZWQuanBnIiwic2xpZGVzaG93IjoiYjk1OWVkZiJ9\">\n\t\t\t\t\t<div class=\"e-gallery-image elementor-gallery-item__image\" data-thumbnail=\"https:\/\/aigal.ch\/wp-content\/uploads\/2025\/02\/Aigal_211525_06283-768x1152.jpg\" data-width=\"768\" data-height=\"1152\" aria-label=\"Photographe mariage au Castel Bois Genoud Crissier Vaud\" role=\"img\" ><\/div>\n\t\t\t\t\t\t\t\t\t\t\t\t\t\t<\/a>\n\t\t\t\t\t\t\t<a class=\"e-gallery-item elementor-gallery-item elementor-animated-content\" href=\"https:\/\/aigal.ch\/wp-content\/uploads\/2025\/02\/Aigal_211556_06559-scaled.jpg\" data-elementor-open-lightbox=\"yes\" data-elementor-lightbox-slideshow=\"b959edf\" data-elementor-lightbox-title=\"Aigal_211556_06559\" data-elementor-lightbox-description=\"Mariage de Sarah et Medhi au Castel Bois Genoud\" data-e-action-hash=\"#elementor-action%3Aaction%3Dlightbox%26settings%3DeyJpZCI6NDcwNTUsInVybCI6Imh0dHBzOlwvXC9haWdhbC5jaFwvd3AtY29udGVudFwvdXBsb2Fkc1wvMjAyNVwvMDJcL0FpZ2FsXzIxMTU1Nl8wNjU1OS1zY2FsZWQuanBnIiwic2xpZGVzaG93IjoiYjk1OWVkZiJ9\">\n\t\t\t\t\t<div class=\"e-gallery-image elementor-gallery-item__image\" data-thumbnail=\"https:\/\/aigal.ch\/wp-content\/uploads\/2025\/02\/Aigal_211556_06559-768x512.jpg\" data-width=\"768\" data-height=\"512\" aria-label=\"Photographe mariage au Castel Bois Genoud Crissier Vaud\" role=\"img\" ><\/div>\n\t\t\t\t\t\t\t\t\t\t\t\t\t\t<\/a>\n\t\t\t\t\t\t\t<a class=\"e-gallery-item elementor-gallery-item elementor-animated-content\" href=\"https:\/\/aigal.ch\/wp-content\/uploads\/2025\/02\/Aigal_211618_06733-scaled.jpg\" data-elementor-open-lightbox=\"yes\" data-elementor-lightbox-slideshow=\"b959edf\" data-elementor-lightbox-title=\"Aigal_211618_06733\" data-elementor-lightbox-description=\"Mariage de Sarah et Medhi au Castel Bois Genoud\" data-e-action-hash=\"#elementor-action%3Aaction%3Dlightbox%26settings%3DeyJpZCI6NDcwNTYsInVybCI6Imh0dHBzOlwvXC9haWdhbC5jaFwvd3AtY29udGVudFwvdXBsb2Fkc1wvMjAyNVwvMDJcL0FpZ2FsXzIxMTYxOF8wNjczMy1zY2FsZWQuanBnIiwic2xpZGVzaG93IjoiYjk1OWVkZiJ9\">\n\t\t\t\t\t<div class=\"e-gallery-image elementor-gallery-item__image\" data-thumbnail=\"https:\/\/aigal.ch\/wp-content\/uploads\/2025\/02\/Aigal_211618_06733-768x512.jpg\" data-width=\"768\" data-height=\"512\" aria-label=\"Photographe mariage au Castel Bois Genoud Crissier Vaud\" role=\"img\" ><\/div>\n\t\t\t\t\t\t\t\t\t\t\t\t\t\t<\/a>\n\t\t\t\t\t\t\t<a class=\"e-gallery-item elementor-gallery-item elementor-animated-content\" href=\"https:\/\/aigal.ch\/wp-content\/uploads\/2025\/02\/Aigal_211619_06761-scaled.jpg\" data-elementor-open-lightbox=\"yes\" data-elementor-lightbox-slideshow=\"b959edf\" data-elementor-lightbox-title=\"Aigal_211619_06761\" data-elementor-lightbox-description=\"Mariage de Sarah et Medhi au Castel Bois Genoud\" data-e-action-hash=\"#elementor-action%3Aaction%3Dlightbox%26settings%3DeyJpZCI6NDcwNTcsInVybCI6Imh0dHBzOlwvXC9haWdhbC5jaFwvd3AtY29udGVudFwvdXBsb2Fkc1wvMjAyNVwvMDJcL0FpZ2FsXzIxMTYxOV8wNjc2MS1zY2FsZWQuanBnIiwic2xpZGVzaG93IjoiYjk1OWVkZiJ9\">\n\t\t\t\t\t<div class=\"e-gallery-image elementor-gallery-item__image\" data-thumbnail=\"https:\/\/aigal.ch\/wp-content\/uploads\/2025\/02\/Aigal_211619_06761-768x1152.jpg\" data-width=\"768\" data-height=\"1152\" aria-label=\"Photographe mariage au Castel Bois Genoud Crissier Vaud\" role=\"img\" ><\/div>\n\t\t\t\t\t\t\t\t\t\t\t\t\t\t<\/a>\n\t\t\t\t\t\t\t<a class=\"e-gallery-item elementor-gallery-item elementor-animated-content\" href=\"https:\/\/aigal.ch\/wp-content\/uploads\/2025\/02\/Aigal_211619_06763-scaled.jpg\" data-elementor-open-lightbox=\"yes\" data-elementor-lightbox-slideshow=\"b959edf\" data-elementor-lightbox-title=\"Aigal_211619_06763\" data-elementor-lightbox-description=\"Mariage de Sarah et Medhi au Castel Bois Genoud\" data-e-action-hash=\"#elementor-action%3Aaction%3Dlightbox%26settings%3DeyJpZCI6NDcwNTgsInVybCI6Imh0dHBzOlwvXC9haWdhbC5jaFwvd3AtY29udGVudFwvdXBsb2Fkc1wvMjAyNVwvMDJcL0FpZ2FsXzIxMTYxOV8wNjc2My1zY2FsZWQuanBnIiwic2xpZGVzaG93IjoiYjk1OWVkZiJ9\">\n\t\t\t\t\t<div class=\"e-gallery-image elementor-gallery-item__image\" data-thumbnail=\"https:\/\/aigal.ch\/wp-content\/uploads\/2025\/02\/Aigal_211619_06763-768x1152.jpg\" data-width=\"768\" data-height=\"1152\" aria-label=\"Photographe mariage au Castel Bois Genoud Crissier Vaud\" role=\"img\" ><\/div>\n\t\t\t\t\t\t\t\t\t\t\t\t\t\t<\/a>\n\t\t\t\t\t\t\t<a class=\"e-gallery-item elementor-gallery-item elementor-animated-content\" href=\"https:\/\/aigal.ch\/wp-content\/uploads\/2025\/02\/Aigal_211637_07144-scaled.jpg\" data-elementor-open-lightbox=\"yes\" data-elementor-lightbox-slideshow=\"b959edf\" data-elementor-lightbox-title=\"Aigal_211637_07144\" data-elementor-lightbox-description=\"Mariage de Sarah et Medhi au Castel Bois Genoud\" data-e-action-hash=\"#elementor-action%3Aaction%3Dlightbox%26settings%3DeyJpZCI6NDcwNTksInVybCI6Imh0dHBzOlwvXC9haWdhbC5jaFwvd3AtY29udGVudFwvdXBsb2Fkc1wvMjAyNVwvMDJcL0FpZ2FsXzIxMTYzN18wNzE0NC1zY2FsZWQuanBnIiwic2xpZGVzaG93IjoiYjk1OWVkZiJ9\">\n\t\t\t\t\t<div class=\"e-gallery-image elementor-gallery-item__image\" data-thumbnail=\"https:\/\/aigal.ch\/wp-content\/uploads\/2025\/02\/Aigal_211637_07144-768x512.jpg\" data-width=\"768\" data-height=\"512\" aria-label=\"Photographe mariage au Castel Bois Genoud Crissier Vaud\" role=\"img\" ><\/div>\n\t\t\t\t\t\t\t\t\t\t\t\t\t\t<\/a>\n\t\t\t\t\t\t\t<a class=\"e-gallery-item elementor-gallery-item elementor-animated-content\" href=\"https:\/\/aigal.ch\/wp-content\/uploads\/2025\/02\/Aigal_211637_07160-scaled.jpg\" data-elementor-open-lightbox=\"yes\" data-elementor-lightbox-slideshow=\"b959edf\" data-elementor-lightbox-title=\"Aigal_211637_07160\" data-elementor-lightbox-description=\"Mariage de Sarah et Medhi au Castel Bois Genoud\" data-e-action-hash=\"#elementor-action%3Aaction%3Dlightbox%26settings%3DeyJpZCI6NDcwNjAsInVybCI6Imh0dHBzOlwvXC9haWdhbC5jaFwvd3AtY29udGVudFwvdXBsb2Fkc1wvMjAyNVwvMDJcL0FpZ2FsXzIxMTYzN18wNzE2MC1zY2FsZWQuanBnIiwic2xpZGVzaG93IjoiYjk1OWVkZiJ9\">\n\t\t\t\t\t<div class=\"e-gallery-image elementor-gallery-item__image\" data-thumbnail=\"https:\/\/aigal.ch\/wp-content\/uploads\/2025\/02\/Aigal_211637_07160-768x1152.jpg\" data-width=\"768\" data-height=\"1152\" aria-label=\"Photographe mariage au Castel Bois Genoud Crissier Vaud\" role=\"img\" ><\/div>\n\t\t\t\t\t\t\t\t\t\t\t\t\t\t<\/a>\n\t\t\t\t\t\t\t<a class=\"e-gallery-item elementor-gallery-item elementor-animated-content\" href=\"https:\/\/aigal.ch\/wp-content\/uploads\/2025\/02\/Aigal_211638_07191-scaled.jpg\" data-elementor-open-lightbox=\"yes\" data-elementor-lightbox-slideshow=\"b959edf\" data-elementor-lightbox-title=\"Aigal_211638_07191\" data-elementor-lightbox-description=\"Mariage de Sarah et Medhi au Castel Bois Genoud\" data-e-action-hash=\"#elementor-action%3Aaction%3Dlightbox%26settings%3DeyJpZCI6NDcwNjEsInVybCI6Imh0dHBzOlwvXC9haWdhbC5jaFwvd3AtY29udGVudFwvdXBsb2Fkc1wvMjAyNVwvMDJcL0FpZ2FsXzIxMTYzOF8wNzE5MS1zY2FsZWQuanBnIiwic2xpZGVzaG93IjoiYjk1OWVkZiJ9\">\n\t\t\t\t\t<div class=\"e-gallery-image elementor-gallery-item__image\" data-thumbnail=\"https:\/\/aigal.ch\/wp-content\/uploads\/2025\/02\/Aigal_211638_07191-768x1152.jpg\" data-width=\"768\" data-height=\"1152\" aria-label=\"Photographe mariage au Castel Bois Genoud Crissier Vaud\" role=\"img\" ><\/div>\n\t\t\t\t\t\t\t\t\t\t\t\t\t\t<\/a>\n\t\t\t\t\t\t\t<a class=\"e-gallery-item elementor-gallery-item elementor-animated-content\" href=\"https:\/\/aigal.ch\/wp-content\/uploads\/2025\/02\/Aigal_211639_07229-scaled.jpg\" data-elementor-open-lightbox=\"yes\" data-elementor-lightbox-slideshow=\"b959edf\" data-elementor-lightbox-title=\"Aigal_211639_07229\" data-elementor-lightbox-description=\"Mariage de Sarah et Medhi au Castel Bois Genoud\" data-e-action-hash=\"#elementor-action%3Aaction%3Dlightbox%26settings%3DeyJpZCI6NDcwNjIsInVybCI6Imh0dHBzOlwvXC9haWdhbC5jaFwvd3AtY29udGVudFwvdXBsb2Fkc1wvMjAyNVwvMDJcL0FpZ2FsXzIxMTYzOV8wNzIyOS1zY2FsZWQuanBnIiwic2xpZGVzaG93IjoiYjk1OWVkZiJ9\">\n\t\t\t\t\t<div class=\"e-gallery-image elementor-gallery-item__image\" data-thumbnail=\"https:\/\/aigal.ch\/wp-content\/uploads\/2025\/02\/Aigal_211639_07229-768x512.jpg\" data-width=\"768\" data-height=\"512\" aria-label=\"Photographe mariage au Castel Bois Genoud Crissier Vaud\" role=\"img\" ><\/div>\n\t\t\t\t\t\t\t\t\t\t\t\t\t\t<\/a>\n\t\t\t\t\t\t\t<a class=\"e-gallery-item elementor-gallery-item elementor-animated-content\" href=\"https:\/\/aigal.ch\/wp-content\/uploads\/2025\/02\/Aigal_211659_07671-scaled.jpg\" data-elementor-open-lightbox=\"yes\" data-elementor-lightbox-slideshow=\"b959edf\" data-elementor-lightbox-title=\"Aigal_211659_07671\" data-elementor-lightbox-description=\"Mariage de Sarah et Medhi au Castel Bois Genoud\" data-e-action-hash=\"#elementor-action%3Aaction%3Dlightbox%26settings%3DeyJpZCI6NDcwNjMsInVybCI6Imh0dHBzOlwvXC9haWdhbC5jaFwvd3AtY29udGVudFwvdXBsb2Fkc1wvMjAyNVwvMDJcL0FpZ2FsXzIxMTY1OV8wNzY3MS1zY2FsZWQuanBnIiwic2xpZGVzaG93IjoiYjk1OWVkZiJ9\">\n\t\t\t\t\t<div class=\"e-gallery-image elementor-gallery-item__image\" data-thumbnail=\"https:\/\/aigal.ch\/wp-content\/uploads\/2025\/02\/Aigal_211659_07671-768x1152.jpg\" data-width=\"768\" data-height=\"1152\" aria-label=\"Photographe mariage au Castel Bois Genoud Crissier Vaud\" role=\"img\" ><\/div>\n\t\t\t\t\t\t\t\t\t\t\t\t\t\t<\/a>\n\t\t\t\t\t\t\t<a class=\"e-gallery-item elementor-gallery-item elementor-animated-content\" href=\"https:\/\/aigal.ch\/wp-content\/uploads\/2025\/02\/Aigal_211706_07722-scaled.jpg\" data-elementor-open-lightbox=\"yes\" data-elementor-lightbox-slideshow=\"b959edf\" data-elementor-lightbox-title=\"Aigal_211706_07722\" data-elementor-lightbox-description=\"Mariage de Sarah et Medhi au Castel Bois Genoud\" data-e-action-hash=\"#elementor-action%3Aaction%3Dlightbox%26settings%3DeyJpZCI6NDcwNjQsInVybCI6Imh0dHBzOlwvXC9haWdhbC5jaFwvd3AtY29udGVudFwvdXBsb2Fkc1wvMjAyNVwvMDJcL0FpZ2FsXzIxMTcwNl8wNzcyMi1zY2FsZWQuanBnIiwic2xpZGVzaG93IjoiYjk1OWVkZiJ9\">\n\t\t\t\t\t<div class=\"e-gallery-image elementor-gallery-item__image\" data-thumbnail=\"https:\/\/aigal.ch\/wp-content\/uploads\/2025\/02\/Aigal_211706_07722-768x512.jpg\" data-width=\"768\" data-height=\"512\" aria-label=\"Photographe mariage au Castel Bois Genoud Crissier Vaud\" role=\"img\" ><\/div>\n\t\t\t\t\t\t\t\t\t\t\t\t\t\t<\/a>\n\t\t\t\t\t\t\t<a class=\"e-gallery-item elementor-gallery-item elementor-animated-content\" href=\"https:\/\/aigal.ch\/wp-content\/uploads\/2025\/02\/Aigal_211707_07730-scaled.jpg\" data-elementor-open-lightbox=\"yes\" data-elementor-lightbox-slideshow=\"b959edf\" data-elementor-lightbox-title=\"Aigal_211707_07730\" data-elementor-lightbox-description=\"Mariage de Sarah et Medhi au Castel Bois Genoud\" data-e-action-hash=\"#elementor-action%3Aaction%3Dlightbox%26settings%3DeyJpZCI6NDcwNjUsInVybCI6Imh0dHBzOlwvXC9haWdhbC5jaFwvd3AtY29udGVudFwvdXBsb2Fkc1wvMjAyNVwvMDJcL0FpZ2FsXzIxMTcwN18wNzczMC1zY2FsZWQuanBnIiwic2xpZGVzaG93IjoiYjk1OWVkZiJ9\">\n\t\t\t\t\t<div class=\"e-gallery-image elementor-gallery-item__image\" data-thumbnail=\"https:\/\/aigal.ch\/wp-content\/uploads\/2025\/02\/Aigal_211707_07730-768x512.jpg\" data-width=\"768\" data-height=\"512\" aria-label=\"Photographe mariage au Castel Bois Genoud Crissier Vaud\" role=\"img\" ><\/div>\n\t\t\t\t\t\t\t\t\t\t\t\t\t\t<\/a>\n\t\t\t\t\t\t\t<a class=\"e-gallery-item elementor-gallery-item elementor-animated-content\" href=\"https:\/\/aigal.ch\/wp-content\/uploads\/2025\/02\/Aigal_211707_07752-scaled.jpg\" data-elementor-open-lightbox=\"yes\" data-elementor-lightbox-slideshow=\"b959edf\" data-elementor-lightbox-title=\"Aigal_211707_07752\" data-elementor-lightbox-description=\"Mariage de Sarah et Medhi au Castel Bois Genoud\" data-e-action-hash=\"#elementor-action%3Aaction%3Dlightbox%26settings%3DeyJpZCI6NDcwNjYsInVybCI6Imh0dHBzOlwvXC9haWdhbC5jaFwvd3AtY29udGVudFwvdXBsb2Fkc1wvMjAyNVwvMDJcL0FpZ2FsXzIxMTcwN18wNzc1Mi1zY2FsZWQuanBnIiwic2xpZGVzaG93IjoiYjk1OWVkZiJ9\">\n\t\t\t\t\t<div class=\"e-gallery-image elementor-gallery-item__image\" data-thumbnail=\"https:\/\/aigal.ch\/wp-content\/uploads\/2025\/02\/Aigal_211707_07752-768x1152.jpg\" data-width=\"768\" data-height=\"1152\" aria-label=\"Photographe mariage au Castel Bois Genoud Crissier Vaud\" role=\"img\" ><\/div>\n\t\t\t\t\t\t\t\t\t\t\t\t\t\t<\/a>\n\t\t\t\t\t\t\t<a class=\"e-gallery-item elementor-gallery-item elementor-animated-content\" href=\"https:\/\/aigal.ch\/wp-content\/uploads\/2025\/02\/Aigal_211710_07804-scaled.jpg\" data-elementor-open-lightbox=\"yes\" data-elementor-lightbox-slideshow=\"b959edf\" data-elementor-lightbox-title=\"Aigal_211710_07804\" data-elementor-lightbox-description=\"Mariage de Sarah et Medhi au Castel Bois Genoud\" data-e-action-hash=\"#elementor-action%3Aaction%3Dlightbox%26settings%3DeyJpZCI6NDcwNjcsInVybCI6Imh0dHBzOlwvXC9haWdhbC5jaFwvd3AtY29udGVudFwvdXBsb2Fkc1wvMjAyNVwvMDJcL0FpZ2FsXzIxMTcxMF8wNzgwNC1zY2FsZWQuanBnIiwic2xpZGVzaG93IjoiYjk1OWVkZiJ9\">\n\t\t\t\t\t<div class=\"e-gallery-image elementor-gallery-item__image\" data-thumbnail=\"https:\/\/aigal.ch\/wp-content\/uploads\/2025\/02\/Aigal_211710_07804-768x1152.jpg\" data-width=\"768\" data-height=\"1152\" aria-label=\"Photographe mariage au Castel Bois Genoud Crissier Vaud\" role=\"img\" ><\/div>\n\t\t\t\t\t\t\t\t\t\t\t\t\t\t<\/a>\n\t\t\t\t\t\t\t<a class=\"e-gallery-item elementor-gallery-item elementor-animated-content\" href=\"https:\/\/aigal.ch\/wp-content\/uploads\/2025\/02\/Aigal_211711_07820-scaled.jpg\" data-elementor-open-lightbox=\"yes\" data-elementor-lightbox-slideshow=\"b959edf\" data-elementor-lightbox-title=\"Aigal_211711_07820\" data-elementor-lightbox-description=\"Mariage de Sarah et Medhi au Castel Bois Genoud\" data-e-action-hash=\"#elementor-action%3Aaction%3Dlightbox%26settings%3DeyJpZCI6NDcwNjgsInVybCI6Imh0dHBzOlwvXC9haWdhbC5jaFwvd3AtY29udGVudFwvdXBsb2Fkc1wvMjAyNVwvMDJcL0FpZ2FsXzIxMTcxMV8wNzgyMC1zY2FsZWQuanBnIiwic2xpZGVzaG93IjoiYjk1OWVkZiJ9\">\n\t\t\t\t\t<div class=\"e-gallery-image elementor-gallery-item__image\" data-thumbnail=\"https:\/\/aigal.ch\/wp-content\/uploads\/2025\/02\/Aigal_211711_07820-768x1152.jpg\" data-width=\"768\" data-height=\"1152\" aria-label=\"Photographe mariage au Castel Bois Genoud Crissier Vaud\" role=\"img\" ><\/div>\n\t\t\t\t\t\t\t\t\t\t\t\t\t\t<\/a>\n\t\t\t\t\t\t\t<a class=\"e-gallery-item elementor-gallery-item elementor-animated-content\" href=\"https:\/\/aigal.ch\/wp-content\/uploads\/2025\/02\/Aigal_211711_07831-scaled.jpg\" data-elementor-open-lightbox=\"yes\" data-elementor-lightbox-slideshow=\"b959edf\" data-elementor-lightbox-title=\"Aigal_211711_07831\" data-elementor-lightbox-description=\"Mariage de Sarah et Medhi au Castel Bois Genoud\" data-e-action-hash=\"#elementor-action%3Aaction%3Dlightbox%26settings%3DeyJpZCI6NDcwNjksInVybCI6Imh0dHBzOlwvXC9haWdhbC5jaFwvd3AtY29udGVudFwvdXBsb2Fkc1wvMjAyNVwvMDJcL0FpZ2FsXzIxMTcxMV8wNzgzMS1zY2FsZWQuanBnIiwic2xpZGVzaG93IjoiYjk1OWVkZiJ9\">\n\t\t\t\t\t<div class=\"e-gallery-image elementor-gallery-item__image\" data-thumbnail=\"https:\/\/aigal.ch\/wp-content\/uploads\/2025\/02\/Aigal_211711_07831-768x1152.jpg\" data-width=\"768\" data-height=\"1152\" aria-label=\"Photographe mariage au Castel Bois Genoud Crissier Vaud\" role=\"img\" ><\/div>\n\t\t\t\t\t\t\t\t\t\t\t\t\t\t<\/a>\n\t\t\t\t\t\t\t<a class=\"e-gallery-item elementor-gallery-item elementor-animated-content\" href=\"https:\/\/aigal.ch\/wp-content\/uploads\/2025\/02\/Aigal_211711_07835-scaled.jpg\" data-elementor-open-lightbox=\"yes\" data-elementor-lightbox-slideshow=\"b959edf\" data-elementor-lightbox-title=\"Aigal_211711_07835\" data-elementor-lightbox-description=\"Mariage de Sarah et Medhi au Castel Bois Genoud\" data-e-action-hash=\"#elementor-action%3Aaction%3Dlightbox%26settings%3DeyJpZCI6NDcwNzAsInVybCI6Imh0dHBzOlwvXC9haWdhbC5jaFwvd3AtY29udGVudFwvdXBsb2Fkc1wvMjAyNVwvMDJcL0FpZ2FsXzIxMTcxMV8wNzgzNS1zY2FsZWQuanBnIiwic2xpZGVzaG93IjoiYjk1OWVkZiJ9\">\n\t\t\t\t\t<div class=\"e-gallery-image elementor-gallery-item__image\" data-thumbnail=\"https:\/\/aigal.ch\/wp-content\/uploads\/2025\/02\/Aigal_211711_07835-768x1152.jpg\" data-width=\"768\" data-height=\"1152\" aria-label=\"Photographe mariage au Castel Bois Genoud Crissier Vaud\" role=\"img\" ><\/div>\n\t\t\t\t\t\t\t\t\t\t\t\t\t\t<\/a>\n\t\t\t\t\t\t\t<a class=\"e-gallery-item elementor-gallery-item elementor-animated-content\" href=\"https:\/\/aigal.ch\/wp-content\/uploads\/2025\/02\/Aigal_211711_07840-scaled.jpg\" data-elementor-open-lightbox=\"yes\" data-elementor-lightbox-slideshow=\"b959edf\" data-elementor-lightbox-title=\"Aigal_211711_07840\" data-elementor-lightbox-description=\"Mariage de Sarah et Medhi au Castel Bois Genoud\" data-e-action-hash=\"#elementor-action%3Aaction%3Dlightbox%26settings%3DeyJpZCI6NDcwNzEsInVybCI6Imh0dHBzOlwvXC9haWdhbC5jaFwvd3AtY29udGVudFwvdXBsb2Fkc1wvMjAyNVwvMDJcL0FpZ2FsXzIxMTcxMV8wNzg0MC1zY2FsZWQuanBnIiwic2xpZGVzaG93IjoiYjk1OWVkZiJ9\">\n\t\t\t\t\t<div class=\"e-gallery-image elementor-gallery-item__image\" data-thumbnail=\"https:\/\/aigal.ch\/wp-content\/uploads\/2025\/02\/Aigal_211711_07840-768x1152.jpg\" data-width=\"768\" data-height=\"1152\" aria-label=\"Photographe mariage au Castel Bois Genoud Crissier Vaud\" role=\"img\" ><\/div>\n\t\t\t\t\t\t\t\t\t\t\t\t\t\t<\/a>\n\t\t\t\t\t\t\t<a class=\"e-gallery-item elementor-gallery-item elementor-animated-content\" href=\"https:\/\/aigal.ch\/wp-content\/uploads\/2025\/02\/Aigal_211712_07858-scaled.jpg\" data-elementor-open-lightbox=\"yes\" data-elementor-lightbox-slideshow=\"b959edf\" data-elementor-lightbox-title=\"Aigal_211712_07858\" data-elementor-lightbox-description=\"Mariage de Sarah et Medhi au Castel Bois Genoud\" data-e-action-hash=\"#elementor-action%3Aaction%3Dlightbox%26settings%3DeyJpZCI6NDcwNzIsInVybCI6Imh0dHBzOlwvXC9haWdhbC5jaFwvd3AtY29udGVudFwvdXBsb2Fkc1wvMjAyNVwvMDJcL0FpZ2FsXzIxMTcxMl8wNzg1OC1zY2FsZWQuanBnIiwic2xpZGVzaG93IjoiYjk1OWVkZiJ9\">\n\t\t\t\t\t<div class=\"e-gallery-image elementor-gallery-item__image\" data-thumbnail=\"https:\/\/aigal.ch\/wp-content\/uploads\/2025\/02\/Aigal_211712_07858-768x1152.jpg\" data-width=\"768\" data-height=\"1152\" aria-label=\"Photographe mariage au Castel Bois Genoud Crissier Vaud\" role=\"img\" ><\/div>\n\t\t\t\t\t\t\t\t\t\t\t\t\t\t<\/a>\n\t\t\t\t\t\t\t<a class=\"e-gallery-item elementor-gallery-item elementor-animated-content\" href=\"https:\/\/aigal.ch\/wp-content\/uploads\/2025\/02\/Aigal_211712_07864-scaled.jpg\" data-elementor-open-lightbox=\"yes\" data-elementor-lightbox-slideshow=\"b959edf\" data-elementor-lightbox-title=\"Aigal_211712_07864\" data-elementor-lightbox-description=\"Mariage de Sarah et Medhi au Castel Bois Genoud\" data-e-action-hash=\"#elementor-action%3Aaction%3Dlightbox%26settings%3DeyJpZCI6NDcwNzMsInVybCI6Imh0dHBzOlwvXC9haWdhbC5jaFwvd3AtY29udGVudFwvdXBsb2Fkc1wvMjAyNVwvMDJcL0FpZ2FsXzIxMTcxMl8wNzg2NC1zY2FsZWQuanBnIiwic2xpZGVzaG93IjoiYjk1OWVkZiJ9\">\n\t\t\t\t\t<div class=\"e-gallery-image elementor-gallery-item__image\" data-thumbnail=\"https:\/\/aigal.ch\/wp-content\/uploads\/2025\/02\/Aigal_211712_07864-768x1152.jpg\" data-width=\"768\" data-height=\"1152\" aria-label=\"Photographe mariage au Castel Bois Genoud Crissier Vaud\" role=\"img\" ><\/div>\n\t\t\t\t\t\t\t\t\t\t\t\t\t\t<\/a>\n\t\t\t\t\t\t\t<a class=\"e-gallery-item elementor-gallery-item elementor-animated-content\" href=\"https:\/\/aigal.ch\/wp-content\/uploads\/2025\/02\/Aigal_211715_07886-scaled.jpg\" data-elementor-open-lightbox=\"yes\" data-elementor-lightbox-slideshow=\"b959edf\" data-elementor-lightbox-title=\"Aigal_211715_07886\" data-elementor-lightbox-description=\"Mariage de Sarah et Medhi au Castel Bois Genoud\" data-e-action-hash=\"#elementor-action%3Aaction%3Dlightbox%26settings%3DeyJpZCI6NDcwNzQsInVybCI6Imh0dHBzOlwvXC9haWdhbC5jaFwvd3AtY29udGVudFwvdXBsb2Fkc1wvMjAyNVwvMDJcL0FpZ2FsXzIxMTcxNV8wNzg4Ni1zY2FsZWQuanBnIiwic2xpZGVzaG93IjoiYjk1OWVkZiJ9\">\n\t\t\t\t\t<div class=\"e-gallery-image elementor-gallery-item__image\" data-thumbnail=\"https:\/\/aigal.ch\/wp-content\/uploads\/2025\/02\/Aigal_211715_07886-768x1152.jpg\" data-width=\"768\" data-height=\"1152\" aria-label=\"Photographe mariage au Castel Bois Genoud Crissier Vaud\" role=\"img\" ><\/div>\n\t\t\t\t\t\t\t\t\t\t\t\t\t\t<\/a>\n\t\t\t\t\t\t\t<a class=\"e-gallery-item elementor-gallery-item elementor-animated-content\" href=\"https:\/\/aigal.ch\/wp-content\/uploads\/2025\/02\/Aigal_211846_08650-scaled.jpg\" data-elementor-open-lightbox=\"yes\" data-elementor-lightbox-slideshow=\"b959edf\" data-elementor-lightbox-title=\"Aigal_211846_08650\" data-elementor-lightbox-description=\"Mariage de Sarah et Medhi au Castel Bois Genoud\" data-e-action-hash=\"#elementor-action%3Aaction%3Dlightbox%26settings%3DeyJpZCI6NDcwNzUsInVybCI6Imh0dHBzOlwvXC9haWdhbC5jaFwvd3AtY29udGVudFwvdXBsb2Fkc1wvMjAyNVwvMDJcL0FpZ2FsXzIxMTg0Nl8wODY1MC1zY2FsZWQuanBnIiwic2xpZGVzaG93IjoiYjk1OWVkZiJ9\">\n\t\t\t\t\t<div class=\"e-gallery-image elementor-gallery-item__image\" data-thumbnail=\"https:\/\/aigal.ch\/wp-content\/uploads\/2025\/02\/Aigal_211846_08650-768x512.jpg\" data-width=\"768\" data-height=\"512\" aria-label=\"Photographe mariage au Castel Bois Genoud Crissier Vaud\" role=\"img\" ><\/div>\n\t\t\t\t\t\t\t\t\t\t\t\t\t\t<\/a>\n\t\t\t\t\t\t\t<a class=\"e-gallery-item elementor-gallery-item elementor-animated-content\" href=\"https:\/\/aigal.ch\/wp-content\/uploads\/2025\/02\/Aigal_211847_08700-scaled.jpg\" data-elementor-open-lightbox=\"yes\" data-elementor-lightbox-slideshow=\"b959edf\" data-elementor-lightbox-title=\"Aigal_211847_08700\" data-elementor-lightbox-description=\"Mariage de Sarah et Medhi au Castel Bois Genoud\" data-e-action-hash=\"#elementor-action%3Aaction%3Dlightbox%26settings%3DeyJpZCI6NDcwNzYsInVybCI6Imh0dHBzOlwvXC9haWdhbC5jaFwvd3AtY29udGVudFwvdXBsb2Fkc1wvMjAyNVwvMDJcL0FpZ2FsXzIxMTg0N18wODcwMC1zY2FsZWQuanBnIiwic2xpZGVzaG93IjoiYjk1OWVkZiJ9\">\n\t\t\t\t\t<div class=\"e-gallery-image elementor-gallery-item__image\" data-thumbnail=\"https:\/\/aigal.ch\/wp-content\/uploads\/2025\/02\/Aigal_211847_08700-768x512.jpg\" data-width=\"768\" data-height=\"512\" aria-label=\"Photographe mariage au Castel Bois Genoud Crissier Vaud\" role=\"img\" ><\/div>\n\t\t\t\t\t\t\t\t\t\t\t\t\t\t<\/a>\n\t\t\t\t\t\t\t<a class=\"e-gallery-item elementor-gallery-item elementor-animated-content\" href=\"https:\/\/aigal.ch\/wp-content\/uploads\/2025\/02\/Aigal_211904_08866-scaled.jpg\" data-elementor-open-lightbox=\"yes\" data-elementor-lightbox-slideshow=\"b959edf\" data-elementor-lightbox-title=\"Aigal_211904_08866\" data-elementor-lightbox-description=\"Mariage de Sarah et Medhi au Castel Bois Genoud\" data-e-action-hash=\"#elementor-action%3Aaction%3Dlightbox%26settings%3DeyJpZCI6NDcwNzcsInVybCI6Imh0dHBzOlwvXC9haWdhbC5jaFwvd3AtY29udGVudFwvdXBsb2Fkc1wvMjAyNVwvMDJcL0FpZ2FsXzIxMTkwNF8wODg2Ni1zY2FsZWQuanBnIiwic2xpZGVzaG93IjoiYjk1OWVkZiJ9\">\n\t\t\t\t\t<div class=\"e-gallery-image elementor-gallery-item__image\" data-thumbnail=\"https:\/\/aigal.ch\/wp-content\/uploads\/2025\/02\/Aigal_211904_08866-768x1152.jpg\" data-width=\"768\" data-height=\"1152\" aria-label=\"Photographe mariage au Castel Bois Genoud Crissier Vaud\" role=\"img\" ><\/div>\n\t\t\t\t\t\t\t\t\t\t\t\t\t\t<\/a>\n\t\t\t\t\t\t\t<a class=\"e-gallery-item elementor-gallery-item elementor-animated-content\" href=\"https:\/\/aigal.ch\/wp-content\/uploads\/2025\/02\/Aigal_212004_09156-scaled.jpg\" data-elementor-open-lightbox=\"yes\" data-elementor-lightbox-slideshow=\"b959edf\" data-elementor-lightbox-title=\"Aigal_212004_09156\" data-elementor-lightbox-description=\"Mariage de Sarah et Medhi au Castel Bois Genoud\" data-e-action-hash=\"#elementor-action%3Aaction%3Dlightbox%26settings%3DeyJpZCI6NDcwNzgsInVybCI6Imh0dHBzOlwvXC9haWdhbC5jaFwvd3AtY29udGVudFwvdXBsb2Fkc1wvMjAyNVwvMDJcL0FpZ2FsXzIxMjAwNF8wOTE1Ni1zY2FsZWQuanBnIiwic2xpZGVzaG93IjoiYjk1OWVkZiJ9\">\n\t\t\t\t\t<div class=\"e-gallery-image elementor-gallery-item__image\" data-thumbnail=\"https:\/\/aigal.ch\/wp-content\/uploads\/2025\/02\/Aigal_212004_09156-768x512.jpg\" data-width=\"768\" data-height=\"512\" aria-label=\"Photographe mariage au Castel Bois Genoud Crissier Vaud\" role=\"img\" ><\/div>\n\t\t\t\t\t\t\t\t\t\t\t\t\t\t<\/a>\n\t\t\t\t\t\t\t<a class=\"e-gallery-item elementor-gallery-item elementor-animated-content\" href=\"https:\/\/aigal.ch\/wp-content\/uploads\/2025\/02\/Aigal_212006_09180-scaled.jpg\" data-elementor-open-lightbox=\"yes\" data-elementor-lightbox-slideshow=\"b959edf\" data-elementor-lightbox-title=\"Aigal_212006_09180\" data-elementor-lightbox-description=\"Mariage de Sarah et Medhi au Castel Bois Genoud\" data-e-action-hash=\"#elementor-action%3Aaction%3Dlightbox%26settings%3DeyJpZCI6NDcwNzksInVybCI6Imh0dHBzOlwvXC9haWdhbC5jaFwvd3AtY29udGVudFwvdXBsb2Fkc1wvMjAyNVwvMDJcL0FpZ2FsXzIxMjAwNl8wOTE4MC1zY2FsZWQuanBnIiwic2xpZGVzaG93IjoiYjk1OWVkZiJ9\">\n\t\t\t\t\t<div class=\"e-gallery-image elementor-gallery-item__image\" data-thumbnail=\"https:\/\/aigal.ch\/wp-content\/uploads\/2025\/02\/Aigal_212006_09180-768x512.jpg\" data-width=\"768\" data-height=\"512\" aria-label=\"Photographe mariage au Castel Bois Genoud Crissier Vaud\" role=\"img\" ><\/div>\n\t\t\t\t\t\t\t\t\t\t\t\t\t\t<\/a>\n\t\t\t\t\t\t\t<a class=\"e-gallery-item elementor-gallery-item elementor-animated-content\" href=\"https:\/\/aigal.ch\/wp-content\/uploads\/2025\/02\/Aigal_212016_09273-scaled.jpg\" data-elementor-open-lightbox=\"yes\" data-elementor-lightbox-slideshow=\"b959edf\" data-elementor-lightbox-title=\"Aigal_212016_09273\" data-elementor-lightbox-description=\"Mariage de Sarah et Medhi au Castel Bois Genoud\" data-e-action-hash=\"#elementor-action%3Aaction%3Dlightbox%26settings%3DeyJpZCI6NDcwODAsInVybCI6Imh0dHBzOlwvXC9haWdhbC5jaFwvd3AtY29udGVudFwvdXBsb2Fkc1wvMjAyNVwvMDJcL0FpZ2FsXzIxMjAxNl8wOTI3My1zY2FsZWQuanBnIiwic2xpZGVzaG93IjoiYjk1OWVkZiJ9\">\n\t\t\t\t\t<div class=\"e-gallery-image elementor-gallery-item__image\" data-thumbnail=\"https:\/\/aigal.ch\/wp-content\/uploads\/2025\/02\/Aigal_212016_09273-768x1152.jpg\" data-width=\"768\" data-height=\"1152\" aria-label=\"Photographe mariage au Castel Bois Genoud Crissier Vaud\" role=\"img\" ><\/div>\n\t\t\t\t\t\t\t\t\t\t\t\t\t\t<\/a>\n\t\t\t\t\t\t\t<a class=\"e-gallery-item elementor-gallery-item elementor-animated-content\" href=\"https:\/\/aigal.ch\/wp-content\/uploads\/2025\/02\/Aigal_212101_2-4-scaled.jpg\" data-elementor-open-lightbox=\"yes\" data-elementor-lightbox-slideshow=\"b959edf\" data-elementor-lightbox-title=\"Aigal_212101_2-4\" data-elementor-lightbox-description=\"Mariage de Sarah et Medhi au Castel Bois Genoud\" data-e-action-hash=\"#elementor-action%3Aaction%3Dlightbox%26settings%3DeyJpZCI6NDcwODEsInVybCI6Imh0dHBzOlwvXC9haWdhbC5jaFwvd3AtY29udGVudFwvdXBsb2Fkc1wvMjAyNVwvMDJcL0FpZ2FsXzIxMjEwMV8yLTQtc2NhbGVkLmpwZyIsInNsaWRlc2hvdyI6ImI5NTllZGYifQ%3D%3D\">\n\t\t\t\t\t<div class=\"e-gallery-image elementor-gallery-item__image\" data-thumbnail=\"https:\/\/aigal.ch\/wp-content\/uploads\/2025\/02\/Aigal_212101_2-4-768x512.jpg\" data-width=\"768\" data-height=\"512\" aria-label=\"Photographe mariage au Castel Bois Genoud Crissier Vaud\" role=\"img\" ><\/div>\n\t\t\t\t\t\t\t\t\t\t\t\t\t\t<\/a>\n\t\t\t\t\t\t\t<a class=\"e-gallery-item elementor-gallery-item elementor-animated-content\" href=\"https:\/\/aigal.ch\/wp-content\/uploads\/2025\/02\/Aigal_212300_2-scaled.jpg\" data-elementor-open-lightbox=\"yes\" data-elementor-lightbox-slideshow=\"b959edf\" data-elementor-lightbox-title=\"Aigal_212300_2\" data-elementor-lightbox-description=\"Mariage de Sarah et Medhi au Castel Bois Genoud\" data-e-action-hash=\"#elementor-action%3Aaction%3Dlightbox%26settings%3DeyJpZCI6NDcwODIsInVybCI6Imh0dHBzOlwvXC9haWdhbC5jaFwvd3AtY29udGVudFwvdXBsb2Fkc1wvMjAyNVwvMDJcL0FpZ2FsXzIxMjMwMF8yLXNjYWxlZC5qcGciLCJzbGlkZXNob3ciOiJiOTU5ZWRmIn0%3D\">\n\t\t\t\t\t<div class=\"e-gallery-image elementor-gallery-item__image\" data-thumbnail=\"https:\/\/aigal.ch\/wp-content\/uploads\/2025\/02\/Aigal_212300_2-768x512.jpg\" data-width=\"768\" data-height=\"512\" aria-label=\"Photographe mariage au Castel Bois Genoud Crissier Vaud\" role=\"img\" ><\/div>\n\t\t\t\t\t\t\t\t\t\t\t\t\t\t<\/a>\n\t\t\t\t\t\t\t<a class=\"e-gallery-item elementor-gallery-item elementor-animated-content\" href=\"https:\/\/aigal.ch\/wp-content\/uploads\/2025\/02\/Aigal_212353_2-4-scaled.jpg\" data-elementor-open-lightbox=\"yes\" data-elementor-lightbox-slideshow=\"b959edf\" data-elementor-lightbox-title=\"Aigal_212353_2-4\" data-elementor-lightbox-description=\"Mariage de Sarah et Medhi au Castel Bois Genoud\" data-e-action-hash=\"#elementor-action%3Aaction%3Dlightbox%26settings%3DeyJpZCI6NDcwODMsInVybCI6Imh0dHBzOlwvXC9haWdhbC5jaFwvd3AtY29udGVudFwvdXBsb2Fkc1wvMjAyNVwvMDJcL0FpZ2FsXzIxMjM1M18yLTQtc2NhbGVkLmpwZyIsInNsaWRlc2hvdyI6ImI5NTllZGYifQ%3D%3D\">\n\t\t\t\t\t<div class=\"e-gallery-image elementor-gallery-item__image\" data-thumbnail=\"https:\/\/aigal.ch\/wp-content\/uploads\/2025\/02\/Aigal_212353_2-4-768x512.jpg\" data-width=\"768\" data-height=\"512\" aria-label=\"Photographe mariage au Castel Bois Genoud Crissier Vaud\" role=\"img\" ><\/div>\n\t\t\t\t\t\t\t\t\t\t\t\t\t\t<\/a>\n\t\t\t\t\t\t\t<a class=\"e-gallery-item elementor-gallery-item elementor-animated-content\" href=\"https:\/\/aigal.ch\/wp-content\/uploads\/2025\/02\/Aigal_212353_2-5-scaled.jpg\" data-elementor-open-lightbox=\"yes\" data-elementor-lightbox-slideshow=\"b959edf\" data-elementor-lightbox-title=\"Aigal_212353_2-5\" data-elementor-lightbox-description=\"Mariage de Sarah et Medhi au Castel Bois Genoud\" data-e-action-hash=\"#elementor-action%3Aaction%3Dlightbox%26settings%3DeyJpZCI6NDcwODQsInVybCI6Imh0dHBzOlwvXC9haWdhbC5jaFwvd3AtY29udGVudFwvdXBsb2Fkc1wvMjAyNVwvMDJcL0FpZ2FsXzIxMjM1M18yLTUtc2NhbGVkLmpwZyIsInNsaWRlc2hvdyI6ImI5NTllZGYifQ%3D%3D\">\n\t\t\t\t\t<div class=\"e-gallery-image elementor-gallery-item__image\" data-thumbnail=\"https:\/\/aigal.ch\/wp-content\/uploads\/2025\/02\/Aigal_212353_2-5-768x1152.jpg\" data-width=\"768\" data-height=\"1152\" aria-label=\"Photographe mariage au Castel Bois Genoud Crissier Vaud\" role=\"img\" ><\/div>\n\t\t\t\t\t\t\t\t\t\t\t\t\t\t<\/a>\n\t\t\t\t\t\t\t<a class=\"e-gallery-item elementor-gallery-item elementor-animated-content\" href=\"https:\/\/aigal.ch\/wp-content\/uploads\/2025\/02\/Aigal_212353_09731-scaled.jpg\" data-elementor-open-lightbox=\"yes\" data-elementor-lightbox-slideshow=\"b959edf\" data-elementor-lightbox-title=\"Aigal_212353_09731\" data-elementor-lightbox-description=\"Mariage de Sarah et Medhi au Castel Bois Genoud\" data-e-action-hash=\"#elementor-action%3Aaction%3Dlightbox%26settings%3DeyJpZCI6NDcwODUsInVybCI6Imh0dHBzOlwvXC9haWdhbC5jaFwvd3AtY29udGVudFwvdXBsb2Fkc1wvMjAyNVwvMDJcL0FpZ2FsXzIxMjM1M18wOTczMS1zY2FsZWQuanBnIiwic2xpZGVzaG93IjoiYjk1OWVkZiJ9\">\n\t\t\t\t\t<div class=\"e-gallery-image elementor-gallery-item__image\" data-thumbnail=\"https:\/\/aigal.ch\/wp-content\/uploads\/2025\/02\/Aigal_212353_09731-768x1152.jpg\" data-width=\"768\" data-height=\"1152\" aria-label=\"Photographe mariage au Castel Bois Genoud Crissier Vaud\" role=\"img\" ><\/div>\n\t\t\t\t\t\t\t\t\t\t\t\t\t\t<\/a>\n\t\t\t\t\t<\/div>\n\t\t\t\t\t<\/div>\n\t\t\t\t<\/div>\n\t\t\t\t<div class=\"elementor-element elementor-element-1d5e202 elementor-widget__width-inherit elementor-widget elementor-widget-post-info\" data-id=\"1d5e202\" data-element_type=\"widget\" data-e-type=\"widget\" data-widget_type=\"post-info.default\">\n\t\t\t\t<div class=\"elementor-widget-container\">\n\t\t\t\t\t\t\t<ul class=\"elementor-inline-items elementor-icon-list-items elementor-post-info\">\n\t\t\t\t\t\t\t\t<li class=\"elementor-icon-list-item elementor-repeater-item-0e4b037 elementor-inline-item\" itemprop=\"author\">\n\t\t\t\t\t\t<a href=\"https:\/\/aigal.ch\/en\/author\/emeric\/\">\n\t\t\t\t\t\t\t\t\t\t\t\t\t\t<span class=\"elementor-icon-list-text elementor-post-info__item elementor-post-info__item--type-author\">\n\t\t\t\t\t\t\t<span class=\"elementor-post-info__item-prefix\">Par <\/span>\n\t\t\t\t\t\t\t\t\t\tEmeric\t\t\t\t\t<\/span>\n\t\t\t\t\t\t\t\t\t<\/a>\n\t\t\t\t<\/li>\n\t\t\t\t<li class=\"elementor-icon-list-item elementor-repeater-item-a6868c4 elementor-inline-item\" itemprop=\"datePublished\">\n\t\t\t\t\t\t\t\t\t\t\t\t\t<span class=\"elementor-icon-list-text elementor-post-info__item elementor-post-info__item--type-date\">\n\t\t\t\t\t\t\t<span class=\"elementor-post-info__item-prefix\">, le<\/span>\n\t\t\t\t\t\t\t\t\t\t<time>21.09.24<\/time>\t\t\t\t\t<\/span>\n\t\t\t\t\t\t\t\t<\/li>\n\t\t\t\t<li class=\"elementor-icon-list-item elementor-repeater-item-c3234bb elementor-inline-item\" itemprop=\"about\">\n\t\t\t\t\t\t\t\t\t\t\t\t\t<span class=\"elementor-icon-list-text elementor-post-info__item elementor-post-info__item--type-terms\">\n\t\t\t\t\t\t\t<span class=\"elementor-post-info__item-prefix\">, dans la cat\u00e9gorie :<\/span>\n\t\t\t\t\t\t\t\t\t\t<span class=\"elementor-post-info__terms-list\">\n\t\t\t\t<a href=\"https:\/\/aigal.ch\/en\/category\/mariage\/\" class=\"elementor-post-info__terms-list-item\">Mariage<\/a>\t\t\t\t<\/span>\n\t\t\t\t\t<\/span>\n\t\t\t\t\t\t\t\t<\/li>\n\t\t\t\t<li class=\"elementor-icon-list-item elementor-repeater-item-b2b036f elementor-inline-item\" itemprop=\"about\">\n\t\t\t\t\t\t\t\t\t\t\t\t\t<span class=\"elementor-icon-list-text elementor-post-info__item elementor-post-info__item--type-terms\">\n\t\t\t\t\t\t\t<span class=\"elementor-post-info__item-prefix\">, mots cl\u00e9s :<\/span>\n\t\t\t\t\t\t\t\t\t\t<span class=\"elementor-post-info__terms-list\">\n\t\t\t\t<a href=\"https:\/\/aigal.ch\/en\/tag\/castel-bois-genoud\/\" class=\"elementor-post-info__terms-list-item\">Castel Bois Genoud<\/a>, <a href=\"https:\/\/aigal.ch\/en\/tag\/crissier\/\" class=\"elementor-post-info__terms-list-item\">Crissier<\/a>, <a href=\"https:\/\/aigal.ch\/en\/tag\/mariage\/\" class=\"elementor-post-info__terms-list-item\">Mariage<\/a>, <a href=\"https:\/\/aigal.ch\/en\/tag\/suisse\/\" class=\"elementor-post-info__terms-list-item\">Switzerland<\/a>\t\t\t\t<\/span>\n\t\t\t\t\t<\/span>\n\t\t\t\t\t\t\t\t<\/li>\n\t\t\t\t<\/ul>\n\t\t\t\t\t\t<\/div>\n\t\t\t\t<\/div>\n\t\t\t\t<div class=\"elementor-element elementor-element-093587b elementor-widget__width-inherit elementor-widget elementor-widget-heading\" data-id=\"093587b\" data-element_type=\"widget\" data-e-type=\"widget\" data-widget_type=\"heading.default\">\n\t\t\t\t<div class=\"elementor-widget-container\">\n\t\t\t\t\t<h3 class=\"elementor-heading-title elementor-size-default\">D\u00e9couvrez nos autres mariages<\/h3>\t\t\t\t<\/div>\n\t\t\t\t<\/div>\n\t\t\t\t<div class=\"elementor-element elementor-element-3c314d6 elementor-widget__width-inherit elementor-arrows-position-inside elementor-widget elementor-widget-loop-carousel\" data-id=\"3c314d6\" data-element_type=\"widget\" data-e-type=\"widget\" data-settings=\"{&quot;template_id&quot;:&quot;37252&quot;,&quot;slides_to_show_tablet&quot;:&quot;3&quot;,&quot;slides_to_show_mobile&quot;:&quot;2&quot;,&quot;image_spacing_custom&quot;:{&quot;unit&quot;:&quot;px&quot;,&quot;size&quot;:30,&quot;sizes&quot;:[]},&quot;image_spacing_custom_mobile&quot;:{&quot;unit&quot;:&quot;px&quot;,&quot;size&quot;:2,&quot;sizes&quot;:[]},&quot;_skin&quot;:&quot;post&quot;,&quot;slides_to_show&quot;:&quot;3&quot;,&quot;edit_handle_selector&quot;:&quot;.elementor-loop-container&quot;,&quot;autoplay&quot;:&quot;yes&quot;,&quot;autoplay_speed&quot;:5000,&quot;pause_on_hover&quot;:&quot;yes&quot;,&quot;pause_on_interaction&quot;:&quot;yes&quot;,&quot;infinite&quot;:&quot;yes&quot;,&quot;speed&quot;:500,&quot;offset_sides&quot;:&quot;none&quot;,&quot;arrows&quot;:&quot;yes&quot;,&quot;image_spacing_custom_tablet&quot;:{&quot;unit&quot;:&quot;px&quot;,&quot;size&quot;:&quot;&quot;,&quot;sizes&quot;:[]}}\" data-widget_type=\"loop-carousel.post\">\n\t\t\t\t<div class=\"elementor-widget-container\">\n\t\t\t\t\t\t\t<div class=\"e-loop-nothing-found-message\">\n\t\t<\/div>\n\t\t\t\t\t\t<\/div>\n\t\t\t\t<\/div>\n\t\t\t\t\t<\/div>\n\t\t\t\t<\/div>\n\t\t\t\t<\/div>\n\t\t\t\t<\/div>\n\t\t\t\t\t\t<\/div>\n\t\t\t\t<\/div>\n\t\t\t\t<\/div>\n\t\t\t\t<\/div>","protected":false},"excerpt":{"rendered":"","protected":false},"author":1,"featured_media":47066,"comment_status":"closed","ping_status":"closed","sticky":false,"template":"","format":"standard","meta":{"_acf_changed":false,"footnotes":""},"categories":[115],"tags":[317,318,113,128],"class_list":["post-46993","post","type-post","status-publish","format-standard","has-post-thumbnail","hentry","category-mariage","tag-castel-bois-genoud","tag-crissier","tag-mariage","tag-suisse"],"acf":[],"_links":{"self":[{"href":"https:\/\/aigal.ch\/en\/wp-json\/wp\/v2\/posts\/46993","targetHints":{"allow":["GET"]}}],"collection":[{"href":"https:\/\/aigal.ch\/en\/wp-json\/wp\/v2\/posts"}],"about":[{"href":"https:\/\/aigal.ch\/en\/wp-json\/wp\/v2\/types\/post"}],"author":[{"embeddable":true,"href":"https:\/\/aigal.ch\/en\/wp-json\/wp\/v2\/users\/1"}],"replies":[{"embeddable":true,"href":"https:\/\/aigal.ch\/en\/wp-json\/wp\/v2\/comments?post=46993"}],"version-history":[{"count":10,"href":"https:\/\/aigal.ch\/en\/wp-json\/wp\/v2\/posts\/46993\/revisions"}],"predecessor-version":[{"id":48359,"href":"https:\/\/aigal.ch\/en\/wp-json\/wp\/v2\/posts\/46993\/revisions\/48359"}],"wp:featuredmedia":[{"embeddable":true,"href":"https:\/\/aigal.ch\/en\/wp-json\/wp\/v2\/media\/47066"}],"wp:attachment":[{"href":"https:\/\/aigal.ch\/en\/wp-json\/wp\/v2\/media?parent=46993"}],"wp:term":[{"taxonomy":"category","embeddable":true,"href":"https:\/\/aigal.ch\/en\/wp-json\/wp\/v2\/categories?post=46993"},{"taxonomy":"post_tag","embeddable":true,"href":"https:\/\/aigal.ch\/en\/wp-json\/wp\/v2\/tags?post=46993"}],"curies":[{"name":"wp","href":"https:\/\/api.w.org\/{rel}","templated":true}]}}