{"id":47220,"date":"2024-10-04T15:48:57","date_gmt":"2024-10-04T13:48:57","guid":{"rendered":"https:\/\/aigal.ch\/?p=47220"},"modified":"2025-08-28T12:16:18","modified_gmt":"2025-08-28T10:16:18","slug":"mariage-au-chateau-des-bois-satigny","status":"publish","type":"post","link":"https:\/\/aigal.ch\/en\/mariage-au-chateau-des-bois-satigny\/","title":{"rendered":"Wedding at the charming Ch\u00e2teau des Bois de Satigny"},"content":{"rendered":"<div data-elementor-type=\"wp-post\" data-elementor-id=\"47220\" class=\"elementor elementor-47220\" data-elementor-post-type=\"post\">\n\t\t\t\t<div class=\"elementor-element elementor-element-e76d44a e-con-full e-flex e-con e-parent\" data-id=\"e76d44a\" data-element_type=\"container\" data-e-type=\"container\">\n\t\t\t\t<div class=\"elementor-element elementor-element-fad076a elementor-widget elementor-widget-template\" data-id=\"fad076a\" data-element_type=\"widget\" data-e-type=\"widget\" data-widget_type=\"template.default\">\n\t\t\t\t<div class=\"elementor-widget-container\">\n\t\t\t\t\t\t\t<div class=\"elementor-template\">\n\t\t\t\t\t<div data-elementor-type=\"page\" data-elementor-id=\"36238\" class=\"elementor elementor-36238\" data-elementor-post-type=\"elementor_library\">\n\t\t\t\t<div class=\"elementor-element elementor-element-37e4718 e-con-full e-flex e-con e-parent\" data-id=\"37e4718\" data-element_type=\"container\" data-e-type=\"container\" data-settings=\"{&quot;background_background&quot;:&quot;classic&quot;}\">\n\t\t\t\t<div class=\"elementor-element elementor-element-1c5c428 elementor-widget__width-inherit elementor-widget elementor-widget-text-editor\" data-id=\"1c5c428\" data-element_type=\"widget\" data-e-type=\"widget\" data-widget_type=\"text-editor.default\">\n\t\t\t\t<div class=\"elementor-widget-container\">\n\t\t\t\t\t\t\t\t\t<nav aria-label=\"breadcrumbs\" class=\"rank-math-breadcrumb\"><p><span class=\"last\">Aigal Wedding<\/span><\/p><\/nav>\t\t\t\t\t\t\t\t<\/div>\n\t\t\t\t<\/div>\n\t\t\t\t<\/div>\n\t\t<div class=\"elementor-element elementor-element-31ee0de e-flex e-con-boxed e-con e-parent\" data-id=\"31ee0de\" data-element_type=\"container\" data-e-type=\"container\">\n\t\t\t\t\t<div class=\"e-con-inner\">\n\t\t\t\t<div class=\"elementor-element elementor-element-715053b elementor-widget__width-inherit elementor-widget elementor-widget-heading\" data-id=\"715053b\" data-element_type=\"widget\" data-e-type=\"widget\" data-widget_type=\"heading.default\">\n\t\t\t\t<div class=\"elementor-widget-container\">\n\t\t\t\t\t<h1 class=\"elementor-heading-title elementor-size-default\">Un mariage ensoleill\u00e9 au Ch\u00e2teau des Bois<\/h1>\t\t\t\t<\/div>\n\t\t\t\t<\/div>\n\t\t<div class=\"elementor-element elementor-element-c4f3c9d e-con-full e-flex e-con e-child\" data-id=\"c4f3c9d\" data-element_type=\"container\" data-e-type=\"container\">\n\t\t<div class=\"elementor-element elementor-element-8aeaa66 e-con-full e-flex e-con e-child\" data-id=\"8aeaa66\" data-element_type=\"container\" data-e-type=\"container\" data-settings=\"{&quot;background_background&quot;:&quot;classic&quot;}\">\n\t\t\t\t<\/div>\n\t\t\t\t<div class=\"elementor-element elementor-element-eff9517 elementor-widget__width-initial elementor-widget-mobile__width-inherit elementor-widget elementor-widget-text-editor\" data-id=\"eff9517\" data-element_type=\"widget\" data-e-type=\"widget\" data-widget_type=\"text-editor.default\">\n\t\t\t\t<div class=\"elementor-widget-container\">\n\t\t\t\t\t\t\t\t\t<p>Au c\u0153ur d\u2019un d\u00e9cor raffin\u00e9 et chaleureux, L\u00e9na et Alain ont c\u00e9l\u00e9br\u00e9 leur amour dans l\u2019\u00e9l\u00e9gant <a href=\"https:\/\/www.chateaudesbois.ch\/location-salles-evenementiel-geneve\" target=\"_blank\" rel=\"noopener\"><strong>Ch\u00e2teau des Bois<\/strong><\/a>. Inspir\u00e9 par la M\u00e9diterran\u00e9e, leur mariage \u00e9voquait les paysages ensoleill\u00e9s d\u2019Italie avec subtilit\u00e9 et \u00e9l\u00e9gance.<\/p>\n<h3>Une ambiance italienne raffin\u00e9e<\/h3>\n<p>Sans ostentation, le th\u00e8me du mariage s&rsquo;est d\u00e9clin\u00e9 \u00e0 travers des d\u00e9tails soign\u00e9s : une <strong>vaisselle d\u00e9licate<\/strong>, des couleurs bleut\u00e9es et dor\u00e9es, ainsi que des <strong>citrons<\/strong> dispos\u00e9s avec go\u00fbt sur les tables et les buffets. Une atmosph\u00e8re chaleureuse et lumineuse s\u2019est ainsi cr\u00e9\u00e9e, transportant les invit\u00e9s sous le soleil de la Toscane.<\/p>\n<h3>Une c\u00e9r\u00e9monie pleine d\u2019\u00e9motion<\/h3>\n<p>L\u00e9na et Alain ont \u00e9chang\u00e9 leurs v\u0153ux devant leurs proches dans un cadre enchanteur, o\u00f9 la nature et l\u2019architecture se m\u00ealaient harmonieusement. L\u2019\u00e9l\u00e9gance du lieu sublimait chaque instant de cette journ\u00e9e unique.<\/p>\n<h3>Un d\u00eener aux saveurs m\u00e9diterran\u00e9ennes<\/h3>\n<p>La r\u00e9ception s&rsquo;est poursuivie par un repas raffin\u00e9, inspir\u00e9 de la cuisine italienne, o\u00f9 les invit\u00e9s ont pu savourer des mets aux saveurs authentiques, accompagn\u00e9s de vins soigneusement s\u00e9lectionn\u00e9s. La d\u00e9coration raffin\u00e9e et lumineuse a parfaitement compl\u00e9t\u00e9 cette ambiance estivale.<\/p>\n<h3>Une f\u00eate sous le signe de la dolce vita<\/h3>\n<p>Au fil de la soir\u00e9e, L\u00e9na et Alain ont partag\u00e9 des moments inoubliables avec leurs proches, entre rires, danse et festivit\u00e9s, dans une atmosph\u00e8re joyeuse et \u00e9l\u00e9gante.<\/p>\n\t\t\t\t\t\t\t\t<\/div>\n\t\t\t\t<\/div>\n\t\t\t\t<\/div>\n\t\t\t\t<div class=\"elementor-element elementor-element-b79fcd4 elementor-widget__width-inherit elementor-widget elementor-widget-heading\" data-id=\"b79fcd4\" data-element_type=\"widget\" data-e-type=\"widget\" data-widget_type=\"heading.default\">\n\t\t\t\t<div class=\"elementor-widget-container\">\n\t\t\t\t\t<h3 class=\"elementor-heading-title elementor-size-default\">Immortalisez votre union avec un photographe de mariage \u00e0 Gen\u00e8ve<\/h3>\t\t\t\t<\/div>\n\t\t\t\t<\/div>\n\t\t\t\t<div class=\"elementor-element elementor-element-ebb0c71 elementor-widget__width-inherit elementor-widget-mobile__width-inherit elementor-widget elementor-widget-text-editor\" data-id=\"ebb0c71\" data-element_type=\"widget\" data-e-type=\"widget\" data-widget_type=\"text-editor.default\">\n\t\t\t\t<div class=\"elementor-widget-container\">\n\t\t\t\t\t\t\t\t\t<p>Que ce soit dans un cadre naturel, urbain ou prestigieux, nous capturons chaque moment de votre mariage avec authenticit\u00e9 et sensibilit\u00e9. D\u00e9couvrez nos prestations sur <a href=\"https:\/\/aigal.ch\/photographe-mariage\/\" target=\"_blank\" rel=\"noopener\">aigal.ch\/photographe-mariage<\/a> et laissez-nous raconter votre histoire en images.<\/p>\n\t\t\t\t\t\t\t\t<\/div>\n\t\t\t\t<\/div>\n\t\t\t\t<div class=\"elementor-element elementor-element-a936e0e elementor-widget__width-inherit elementor-widget elementor-widget-heading\" data-id=\"a936e0e\" data-element_type=\"widget\" data-e-type=\"widget\" data-widget_type=\"heading.default\">\n\t\t\t\t<div class=\"elementor-widget-container\">\n\t\t\t\t\t<h3 class=\"elementor-heading-title elementor-size-default\">Quelques photos de leur mariage<\/h3>\t\t\t\t<\/div>\n\t\t\t\t<\/div>\n\t\t\t\t<div class=\"elementor-element elementor-element-2b1bea4 elementor-widget__width-inherit elementor-widget elementor-widget-text-editor\" data-id=\"2b1bea4\" data-element_type=\"widget\" data-e-type=\"widget\" data-widget_type=\"text-editor.default\">\n\t\t\t\t<div class=\"elementor-widget-container\">\n\t\t\t\t\t\t\t\t\tNous avons veill\u00e9 \u00e0 ne publier que des photos qui respectent la confidentialit\u00e9 et les souhaits de nos clients.\t\t\t\t\t\t\t\t<\/div>\n\t\t\t\t<\/div>\n\t\t\t\t<div class=\"elementor-element elementor-element-b959edf elementor-widget__width-inherit elementor-widget elementor-widget-gallery\" data-id=\"b959edf\" data-element_type=\"widget\" data-e-type=\"widget\" data-settings=\"{&quot;gap&quot;:{&quot;unit&quot;:&quot;px&quot;,&quot;size&quot;:20,&quot;sizes&quot;:[]},&quot;columns_mobile&quot;:3,&quot;gallery_layout&quot;:&quot;masonry&quot;,&quot;columns_tablet&quot;:3,&quot;lazyload&quot;:&quot;yes&quot;,&quot;columns&quot;:4,&quot;gap_tablet&quot;:{&quot;unit&quot;:&quot;px&quot;,&quot;size&quot;:10,&quot;sizes&quot;:[]},&quot;gap_mobile&quot;:{&quot;unit&quot;:&quot;px&quot;,&quot;size&quot;:10,&quot;sizes&quot;:[]},&quot;link_to&quot;:&quot;file&quot;,&quot;content_hover_animation&quot;:&quot;fade-in&quot;}\" data-widget_type=\"gallery.default\">\n\t\t\t\t<div class=\"elementor-widget-container\">\n\t\t\t\t\t\t\t<div class=\"elementor-gallery__container\">\n\t\t\t\t\t\t\t<a class=\"e-gallery-item elementor-gallery-item elementor-animated-content\" href=\"https:\/\/aigal.ch\/wp-content\/uploads\/2025\/02\/Aigal_041355_06993-scaled.jpg\" data-elementor-open-lightbox=\"yes\" data-elementor-lightbox-slideshow=\"b959edf\" data-elementor-lightbox-title=\"Aigal_041355_06993\" data-elementor-lightbox-description=\"Mariage au Ch\u00e2teau des Bois \u00e0 Satigny canton de Gen\u00e8ve\" data-e-action-hash=\"#elementor-action%3Aaction%3Dlightbox%26settings%3DeyJpZCI6NDcyMjIsInVybCI6Imh0dHBzOlwvXC9haWdhbC5jaFwvd3AtY29udGVudFwvdXBsb2Fkc1wvMjAyNVwvMDJcL0FpZ2FsXzA0MTM1NV8wNjk5My1zY2FsZWQuanBnIiwic2xpZGVzaG93IjoiYjk1OWVkZiJ9\">\n\t\t\t\t\t<div class=\"e-gallery-image elementor-gallery-item__image\" data-thumbnail=\"https:\/\/aigal.ch\/wp-content\/uploads\/2025\/02\/Aigal_041355_06993-768x1152.jpg\" data-width=\"768\" data-height=\"1152\" aria-label=\"Mariage au Ch\u00e2teau des Bois \u00e0 Satigny canton de Gen\u00e8ve\" role=\"img\" ><\/div>\n\t\t\t\t\t\t\t\t\t\t\t\t\t\t<\/a>\n\t\t\t\t\t\t\t<a class=\"e-gallery-item elementor-gallery-item elementor-animated-content\" href=\"https:\/\/aigal.ch\/wp-content\/uploads\/2025\/02\/Aigal_041356_07016-scaled.jpg\" data-elementor-open-lightbox=\"yes\" data-elementor-lightbox-slideshow=\"b959edf\" data-elementor-lightbox-title=\"Aigal_041356_07016\" data-elementor-lightbox-description=\"Mariage au Ch\u00e2teau des Bois \u00e0 Satigny canton de Gen\u00e8ve\" data-e-action-hash=\"#elementor-action%3Aaction%3Dlightbox%26settings%3DeyJpZCI6NDcyMjMsInVybCI6Imh0dHBzOlwvXC9haWdhbC5jaFwvd3AtY29udGVudFwvdXBsb2Fkc1wvMjAyNVwvMDJcL0FpZ2FsXzA0MTM1Nl8wNzAxNi1zY2FsZWQuanBnIiwic2xpZGVzaG93IjoiYjk1OWVkZiJ9\">\n\t\t\t\t\t<div class=\"e-gallery-image elementor-gallery-item__image\" data-thumbnail=\"https:\/\/aigal.ch\/wp-content\/uploads\/2025\/02\/Aigal_041356_07016-768x1152.jpg\" data-width=\"768\" data-height=\"1152\" aria-label=\"Mariage au Ch\u00e2teau des Bois \u00e0 Satigny canton de Gen\u00e8ve\" role=\"img\" ><\/div>\n\t\t\t\t\t\t\t\t\t\t\t\t\t\t<\/a>\n\t\t\t\t\t\t\t<a class=\"e-gallery-item elementor-gallery-item elementor-animated-content\" href=\"https:\/\/aigal.ch\/wp-content\/uploads\/2025\/02\/Aigal_041403_07048-scaled.jpg\" data-elementor-open-lightbox=\"yes\" data-elementor-lightbox-slideshow=\"b959edf\" data-elementor-lightbox-title=\"Aigal_041403_07048\" data-elementor-lightbox-description=\"Mariage au Ch\u00e2teau des Bois \u00e0 Satigny canton de Gen\u00e8ve\" data-e-action-hash=\"#elementor-action%3Aaction%3Dlightbox%26settings%3DeyJpZCI6NDcyMjQsInVybCI6Imh0dHBzOlwvXC9haWdhbC5jaFwvd3AtY29udGVudFwvdXBsb2Fkc1wvMjAyNVwvMDJcL0FpZ2FsXzA0MTQwM18wNzA0OC1zY2FsZWQuanBnIiwic2xpZGVzaG93IjoiYjk1OWVkZiJ9\">\n\t\t\t\t\t<div class=\"e-gallery-image elementor-gallery-item__image\" data-thumbnail=\"https:\/\/aigal.ch\/wp-content\/uploads\/2025\/02\/Aigal_041403_07048-768x1152.jpg\" data-width=\"768\" data-height=\"1152\" aria-label=\"Mariage au Ch\u00e2teau des Bois \u00e0 Satigny canton de Gen\u00e8ve\" role=\"img\" ><\/div>\n\t\t\t\t\t\t\t\t\t\t\t\t\t\t<\/a>\n\t\t\t\t\t\t\t<a class=\"e-gallery-item elementor-gallery-item elementor-animated-content\" href=\"https:\/\/aigal.ch\/wp-content\/uploads\/2025\/02\/Aigal_041405_07060-scaled.jpg\" data-elementor-open-lightbox=\"yes\" data-elementor-lightbox-slideshow=\"b959edf\" data-elementor-lightbox-title=\"Aigal_041405_07060\" data-elementor-lightbox-description=\"Mariage au Ch\u00e2teau des Bois \u00e0 Satigny canton de Gen\u00e8ve\" data-e-action-hash=\"#elementor-action%3Aaction%3Dlightbox%26settings%3DeyJpZCI6NDcyMjUsInVybCI6Imh0dHBzOlwvXC9haWdhbC5jaFwvd3AtY29udGVudFwvdXBsb2Fkc1wvMjAyNVwvMDJcL0FpZ2FsXzA0MTQwNV8wNzA2MC1zY2FsZWQuanBnIiwic2xpZGVzaG93IjoiYjk1OWVkZiJ9\">\n\t\t\t\t\t<div class=\"e-gallery-image elementor-gallery-item__image\" data-thumbnail=\"https:\/\/aigal.ch\/wp-content\/uploads\/2025\/02\/Aigal_041405_07060-768x1152.jpg\" data-width=\"768\" data-height=\"1152\" aria-label=\"Mariage au Ch\u00e2teau des Bois \u00e0 Satigny canton de Gen\u00e8ve\" role=\"img\" ><\/div>\n\t\t\t\t\t\t\t\t\t\t\t\t\t\t<\/a>\n\t\t\t\t\t\t\t<a class=\"e-gallery-item elementor-gallery-item elementor-animated-content\" href=\"https:\/\/aigal.ch\/wp-content\/uploads\/2025\/02\/Aigal_041414_07159-scaled.jpg\" data-elementor-open-lightbox=\"yes\" data-elementor-lightbox-slideshow=\"b959edf\" data-elementor-lightbox-title=\"Aigal_041414_07159\" data-elementor-lightbox-description=\"Mariage au Ch\u00e2teau des Bois \u00e0 Satigny canton de Gen\u00e8ve\" data-e-action-hash=\"#elementor-action%3Aaction%3Dlightbox%26settings%3DeyJpZCI6NDcyMjYsInVybCI6Imh0dHBzOlwvXC9haWdhbC5jaFwvd3AtY29udGVudFwvdXBsb2Fkc1wvMjAyNVwvMDJcL0FpZ2FsXzA0MTQxNF8wNzE1OS1zY2FsZWQuanBnIiwic2xpZGVzaG93IjoiYjk1OWVkZiJ9\">\n\t\t\t\t\t<div class=\"e-gallery-image elementor-gallery-item__image\" data-thumbnail=\"https:\/\/aigal.ch\/wp-content\/uploads\/2025\/02\/Aigal_041414_07159-768x1152.jpg\" data-width=\"768\" data-height=\"1152\" aria-label=\"Mariage au Ch\u00e2teau des Bois \u00e0 Satigny canton de Gen\u00e8ve\" role=\"img\" ><\/div>\n\t\t\t\t\t\t\t\t\t\t\t\t\t\t<\/a>\n\t\t\t\t\t\t\t<a class=\"e-gallery-item elementor-gallery-item elementor-animated-content\" href=\"https:\/\/aigal.ch\/wp-content\/uploads\/2025\/02\/Aigal_041416_07205-scaled.jpg\" data-elementor-open-lightbox=\"yes\" data-elementor-lightbox-slideshow=\"b959edf\" data-elementor-lightbox-title=\"Aigal_041416_07205\" data-elementor-lightbox-description=\"Mariage au Ch\u00e2teau des Bois \u00e0 Satigny canton de Gen\u00e8ve\" data-e-action-hash=\"#elementor-action%3Aaction%3Dlightbox%26settings%3DeyJpZCI6NDcyMjcsInVybCI6Imh0dHBzOlwvXC9haWdhbC5jaFwvd3AtY29udGVudFwvdXBsb2Fkc1wvMjAyNVwvMDJcL0FpZ2FsXzA0MTQxNl8wNzIwNS1zY2FsZWQuanBnIiwic2xpZGVzaG93IjoiYjk1OWVkZiJ9\">\n\t\t\t\t\t<div class=\"e-gallery-image elementor-gallery-item__image\" data-thumbnail=\"https:\/\/aigal.ch\/wp-content\/uploads\/2025\/02\/Aigal_041416_07205-768x1152.jpg\" data-width=\"768\" data-height=\"1152\" aria-label=\"Mariage au Ch\u00e2teau des Bois \u00e0 Satigny canton de Gen\u00e8ve\" role=\"img\" ><\/div>\n\t\t\t\t\t\t\t\t\t\t\t\t\t\t<\/a>\n\t\t\t\t\t\t\t<a class=\"e-gallery-item elementor-gallery-item elementor-animated-content\" href=\"https:\/\/aigal.ch\/wp-content\/uploads\/2025\/02\/Aigal_041416_07209-scaled.jpg\" data-elementor-open-lightbox=\"yes\" data-elementor-lightbox-slideshow=\"b959edf\" data-elementor-lightbox-title=\"Aigal_041416_07209\" data-elementor-lightbox-description=\"Mariage au Ch\u00e2teau des Bois \u00e0 Satigny canton de Gen\u00e8ve\" data-e-action-hash=\"#elementor-action%3Aaction%3Dlightbox%26settings%3DeyJpZCI6NDcyMjgsInVybCI6Imh0dHBzOlwvXC9haWdhbC5jaFwvd3AtY29udGVudFwvdXBsb2Fkc1wvMjAyNVwvMDJcL0FpZ2FsXzA0MTQxNl8wNzIwOS1zY2FsZWQuanBnIiwic2xpZGVzaG93IjoiYjk1OWVkZiJ9\">\n\t\t\t\t\t<div class=\"e-gallery-image elementor-gallery-item__image\" data-thumbnail=\"https:\/\/aigal.ch\/wp-content\/uploads\/2025\/02\/Aigal_041416_07209-768x1152.jpg\" data-width=\"768\" data-height=\"1152\" aria-label=\"Mariage au Ch\u00e2teau des Bois \u00e0 Satigny canton de Gen\u00e8ve\" role=\"img\" ><\/div>\n\t\t\t\t\t\t\t\t\t\t\t\t\t\t<\/a>\n\t\t\t\t\t\t\t<a class=\"e-gallery-item elementor-gallery-item elementor-animated-content\" href=\"https:\/\/aigal.ch\/wp-content\/uploads\/2025\/02\/Aigal_041416_07214-scaled.jpg\" data-elementor-open-lightbox=\"yes\" data-elementor-lightbox-slideshow=\"b959edf\" data-elementor-lightbox-title=\"Aigal_041416_07214\" data-elementor-lightbox-description=\"Mariage au Ch\u00e2teau des Bois \u00e0 Satigny canton de Gen\u00e8ve\" data-e-action-hash=\"#elementor-action%3Aaction%3Dlightbox%26settings%3DeyJpZCI6NDcyMjksInVybCI6Imh0dHBzOlwvXC9haWdhbC5jaFwvd3AtY29udGVudFwvdXBsb2Fkc1wvMjAyNVwvMDJcL0FpZ2FsXzA0MTQxNl8wNzIxNC1zY2FsZWQuanBnIiwic2xpZGVzaG93IjoiYjk1OWVkZiJ9\">\n\t\t\t\t\t<div class=\"e-gallery-image elementor-gallery-item__image\" data-thumbnail=\"https:\/\/aigal.ch\/wp-content\/uploads\/2025\/02\/Aigal_041416_07214-768x1152.jpg\" data-width=\"768\" data-height=\"1152\" aria-label=\"Mariage au Ch\u00e2teau des Bois \u00e0 Satigny canton de Gen\u00e8ve\" role=\"img\" ><\/div>\n\t\t\t\t\t\t\t\t\t\t\t\t\t\t<\/a>\n\t\t\t\t\t\t\t<a class=\"e-gallery-item elementor-gallery-item elementor-animated-content\" href=\"https:\/\/aigal.ch\/wp-content\/uploads\/2025\/02\/Aigal_041416_07221-scaled.jpg\" data-elementor-open-lightbox=\"yes\" data-elementor-lightbox-slideshow=\"b959edf\" data-elementor-lightbox-title=\"Aigal_041416_07221\" data-elementor-lightbox-description=\"Mariage au Ch\u00e2teau des Bois \u00e0 Satigny canton de Gen\u00e8ve\" data-e-action-hash=\"#elementor-action%3Aaction%3Dlightbox%26settings%3DeyJpZCI6NDcyMzAsInVybCI6Imh0dHBzOlwvXC9haWdhbC5jaFwvd3AtY29udGVudFwvdXBsb2Fkc1wvMjAyNVwvMDJcL0FpZ2FsXzA0MTQxNl8wNzIyMS1zY2FsZWQuanBnIiwic2xpZGVzaG93IjoiYjk1OWVkZiJ9\">\n\t\t\t\t\t<div class=\"e-gallery-image elementor-gallery-item__image\" data-thumbnail=\"https:\/\/aigal.ch\/wp-content\/uploads\/2025\/02\/Aigal_041416_07221-768x1152.jpg\" data-width=\"768\" data-height=\"1152\" aria-label=\"Mariage au Ch\u00e2teau des Bois \u00e0 Satigny canton de Gen\u00e8ve\" role=\"img\" ><\/div>\n\t\t\t\t\t\t\t\t\t\t\t\t\t\t<\/a>\n\t\t\t\t\t\t\t<a class=\"e-gallery-item elementor-gallery-item elementor-animated-content\" href=\"https:\/\/aigal.ch\/wp-content\/uploads\/2025\/02\/Aigal_041417_07239-scaled.jpg\" data-elementor-open-lightbox=\"yes\" data-elementor-lightbox-slideshow=\"b959edf\" data-elementor-lightbox-title=\"Aigal_041417_07239\" data-elementor-lightbox-description=\"Mariage au Ch\u00e2teau des Bois \u00e0 Satigny canton de Gen\u00e8ve\" data-e-action-hash=\"#elementor-action%3Aaction%3Dlightbox%26settings%3DeyJpZCI6NDcyMzEsInVybCI6Imh0dHBzOlwvXC9haWdhbC5jaFwvd3AtY29udGVudFwvdXBsb2Fkc1wvMjAyNVwvMDJcL0FpZ2FsXzA0MTQxN18wNzIzOS1zY2FsZWQuanBnIiwic2xpZGVzaG93IjoiYjk1OWVkZiJ9\">\n\t\t\t\t\t<div class=\"e-gallery-image elementor-gallery-item__image\" data-thumbnail=\"https:\/\/aigal.ch\/wp-content\/uploads\/2025\/02\/Aigal_041417_07239-768x1152.jpg\" data-width=\"768\" data-height=\"1152\" aria-label=\"Mariage au Ch\u00e2teau des Bois \u00e0 Satigny canton de Gen\u00e8ve\" role=\"img\" ><\/div>\n\t\t\t\t\t\t\t\t\t\t\t\t\t\t<\/a>\n\t\t\t\t\t\t\t<a class=\"e-gallery-item elementor-gallery-item elementor-animated-content\" href=\"https:\/\/aigal.ch\/wp-content\/uploads\/2025\/02\/Aigal_041420_07272-scaled.jpg\" data-elementor-open-lightbox=\"yes\" data-elementor-lightbox-slideshow=\"b959edf\" data-elementor-lightbox-title=\"Aigal_041420_07272\" data-elementor-lightbox-description=\"Mariage au Ch\u00e2teau des Bois \u00e0 Satigny canton de Gen\u00e8ve\" data-e-action-hash=\"#elementor-action%3Aaction%3Dlightbox%26settings%3DeyJpZCI6NDcyMzIsInVybCI6Imh0dHBzOlwvXC9haWdhbC5jaFwvd3AtY29udGVudFwvdXBsb2Fkc1wvMjAyNVwvMDJcL0FpZ2FsXzA0MTQyMF8wNzI3Mi1zY2FsZWQuanBnIiwic2xpZGVzaG93IjoiYjk1OWVkZiJ9\">\n\t\t\t\t\t<div class=\"e-gallery-image elementor-gallery-item__image\" data-thumbnail=\"https:\/\/aigal.ch\/wp-content\/uploads\/2025\/02\/Aigal_041420_07272-768x1152.jpg\" data-width=\"768\" data-height=\"1152\" aria-label=\"Mariage au Ch\u00e2teau des Bois \u00e0 Satigny canton de Gen\u00e8ve\" role=\"img\" ><\/div>\n\t\t\t\t\t\t\t\t\t\t\t\t\t\t<\/a>\n\t\t\t\t\t\t\t<a class=\"e-gallery-item elementor-gallery-item elementor-animated-content\" href=\"https:\/\/aigal.ch\/wp-content\/uploads\/2025\/02\/Aigal_041431_07335-scaled.jpg\" data-elementor-open-lightbox=\"yes\" data-elementor-lightbox-slideshow=\"b959edf\" data-elementor-lightbox-title=\"Aigal_041431_07335\" data-elementor-lightbox-description=\"Mariage au Ch\u00e2teau des Bois \u00e0 Satigny canton de Gen\u00e8ve\" data-e-action-hash=\"#elementor-action%3Aaction%3Dlightbox%26settings%3DeyJpZCI6NDcyMzMsInVybCI6Imh0dHBzOlwvXC9haWdhbC5jaFwvd3AtY29udGVudFwvdXBsb2Fkc1wvMjAyNVwvMDJcL0FpZ2FsXzA0MTQzMV8wNzMzNS1zY2FsZWQuanBnIiwic2xpZGVzaG93IjoiYjk1OWVkZiJ9\">\n\t\t\t\t\t<div class=\"e-gallery-image elementor-gallery-item__image\" data-thumbnail=\"https:\/\/aigal.ch\/wp-content\/uploads\/2025\/02\/Aigal_041431_07335-768x512.jpg\" data-width=\"768\" data-height=\"512\" aria-label=\"Mariage au Ch\u00e2teau des Bois \u00e0 Satigny canton de Gen\u00e8ve\" role=\"img\" ><\/div>\n\t\t\t\t\t\t\t\t\t\t\t\t\t\t<\/a>\n\t\t\t\t\t\t\t<a class=\"e-gallery-item elementor-gallery-item elementor-animated-content\" href=\"https:\/\/aigal.ch\/wp-content\/uploads\/2025\/02\/Aigal_041432_07365-scaled.jpg\" data-elementor-open-lightbox=\"yes\" data-elementor-lightbox-slideshow=\"b959edf\" data-elementor-lightbox-title=\"Aigal_041432_07365\" data-elementor-lightbox-description=\"Mariage au Ch\u00e2teau des Bois \u00e0 Satigny canton de Gen\u00e8ve\" data-e-action-hash=\"#elementor-action%3Aaction%3Dlightbox%26settings%3DeyJpZCI6NDcyMzQsInVybCI6Imh0dHBzOlwvXC9haWdhbC5jaFwvd3AtY29udGVudFwvdXBsb2Fkc1wvMjAyNVwvMDJcL0FpZ2FsXzA0MTQzMl8wNzM2NS1zY2FsZWQuanBnIiwic2xpZGVzaG93IjoiYjk1OWVkZiJ9\">\n\t\t\t\t\t<div class=\"e-gallery-image elementor-gallery-item__image\" data-thumbnail=\"https:\/\/aigal.ch\/wp-content\/uploads\/2025\/02\/Aigal_041432_07365-768x1152.jpg\" data-width=\"768\" data-height=\"1152\" aria-label=\"Mariage au Ch\u00e2teau des Bois \u00e0 Satigny canton de Gen\u00e8ve\" role=\"img\" ><\/div>\n\t\t\t\t\t\t\t\t\t\t\t\t\t\t<\/a>\n\t\t\t\t\t\t\t<a class=\"e-gallery-item elementor-gallery-item elementor-animated-content\" href=\"https:\/\/aigal.ch\/wp-content\/uploads\/2025\/02\/Aigal_041432_07383-scaled.jpg\" data-elementor-open-lightbox=\"yes\" data-elementor-lightbox-slideshow=\"b959edf\" data-elementor-lightbox-title=\"Aigal_041432_07383\" data-elementor-lightbox-description=\"Mariage au Ch\u00e2teau des Bois \u00e0 Satigny canton de Gen\u00e8ve\" data-e-action-hash=\"#elementor-action%3Aaction%3Dlightbox%26settings%3DeyJpZCI6NDcyMzUsInVybCI6Imh0dHBzOlwvXC9haWdhbC5jaFwvd3AtY29udGVudFwvdXBsb2Fkc1wvMjAyNVwvMDJcL0FpZ2FsXzA0MTQzMl8wNzM4My1zY2FsZWQuanBnIiwic2xpZGVzaG93IjoiYjk1OWVkZiJ9\">\n\t\t\t\t\t<div class=\"e-gallery-image elementor-gallery-item__image\" data-thumbnail=\"https:\/\/aigal.ch\/wp-content\/uploads\/2025\/02\/Aigal_041432_07383-768x1152.jpg\" data-width=\"768\" data-height=\"1152\" aria-label=\"Mariage au Ch\u00e2teau des Bois \u00e0 Satigny canton de Gen\u00e8ve\" role=\"img\" ><\/div>\n\t\t\t\t\t\t\t\t\t\t\t\t\t\t<\/a>\n\t\t\t\t\t\t\t<a class=\"e-gallery-item elementor-gallery-item elementor-animated-content\" href=\"https:\/\/aigal.ch\/wp-content\/uploads\/2025\/02\/Aigal_041432_07389-scaled.jpg\" data-elementor-open-lightbox=\"yes\" data-elementor-lightbox-slideshow=\"b959edf\" data-elementor-lightbox-title=\"Aigal_041432_07389\" data-elementor-lightbox-description=\"Mariage au Ch\u00e2teau des Bois \u00e0 Satigny canton de Gen\u00e8ve\" data-e-action-hash=\"#elementor-action%3Aaction%3Dlightbox%26settings%3DeyJpZCI6NDcyMzYsInVybCI6Imh0dHBzOlwvXC9haWdhbC5jaFwvd3AtY29udGVudFwvdXBsb2Fkc1wvMjAyNVwvMDJcL0FpZ2FsXzA0MTQzMl8wNzM4OS1zY2FsZWQuanBnIiwic2xpZGVzaG93IjoiYjk1OWVkZiJ9\">\n\t\t\t\t\t<div class=\"e-gallery-image elementor-gallery-item__image\" data-thumbnail=\"https:\/\/aigal.ch\/wp-content\/uploads\/2025\/02\/Aigal_041432_07389-768x512.jpg\" data-width=\"768\" data-height=\"512\" aria-label=\"Mariage au Ch\u00e2teau des Bois \u00e0 Satigny canton de Gen\u00e8ve\" role=\"img\" ><\/div>\n\t\t\t\t\t\t\t\t\t\t\t\t\t\t<\/a>\n\t\t\t\t\t\t\t<a class=\"e-gallery-item elementor-gallery-item elementor-animated-content\" href=\"https:\/\/aigal.ch\/wp-content\/uploads\/2025\/02\/Aigal_041433_07392-scaled.jpg\" data-elementor-open-lightbox=\"yes\" data-elementor-lightbox-slideshow=\"b959edf\" data-elementor-lightbox-title=\"Aigal_041433_07392\" data-elementor-lightbox-description=\"Mariage au Ch\u00e2teau des Bois \u00e0 Satigny canton de Gen\u00e8ve\" data-e-action-hash=\"#elementor-action%3Aaction%3Dlightbox%26settings%3DeyJpZCI6NDcyMzcsInVybCI6Imh0dHBzOlwvXC9haWdhbC5jaFwvd3AtY29udGVudFwvdXBsb2Fkc1wvMjAyNVwvMDJcL0FpZ2FsXzA0MTQzM18wNzM5Mi1zY2FsZWQuanBnIiwic2xpZGVzaG93IjoiYjk1OWVkZiJ9\">\n\t\t\t\t\t<div class=\"e-gallery-image elementor-gallery-item__image\" data-thumbnail=\"https:\/\/aigal.ch\/wp-content\/uploads\/2025\/02\/Aigal_041433_07392-768x1152.jpg\" data-width=\"768\" data-height=\"1152\" aria-label=\"Mariage au Ch\u00e2teau des Bois \u00e0 Satigny canton de Gen\u00e8ve\" role=\"img\" ><\/div>\n\t\t\t\t\t\t\t\t\t\t\t\t\t\t<\/a>\n\t\t\t\t\t\t\t<a class=\"e-gallery-item elementor-gallery-item elementor-animated-content\" href=\"https:\/\/aigal.ch\/wp-content\/uploads\/2025\/02\/Aigal_041433_07398-scaled.jpg\" data-elementor-open-lightbox=\"yes\" data-elementor-lightbox-slideshow=\"b959edf\" data-elementor-lightbox-title=\"Aigal_041433_07398\" data-elementor-lightbox-description=\"Mariage au Ch\u00e2teau des Bois \u00e0 Satigny canton de Gen\u00e8ve\" data-e-action-hash=\"#elementor-action%3Aaction%3Dlightbox%26settings%3DeyJpZCI6NDcyMzgsInVybCI6Imh0dHBzOlwvXC9haWdhbC5jaFwvd3AtY29udGVudFwvdXBsb2Fkc1wvMjAyNVwvMDJcL0FpZ2FsXzA0MTQzM18wNzM5OC1zY2FsZWQuanBnIiwic2xpZGVzaG93IjoiYjk1OWVkZiJ9\">\n\t\t\t\t\t<div class=\"e-gallery-image elementor-gallery-item__image\" data-thumbnail=\"https:\/\/aigal.ch\/wp-content\/uploads\/2025\/02\/Aigal_041433_07398-768x1152.jpg\" data-width=\"768\" data-height=\"1152\" aria-label=\"Mariage au Ch\u00e2teau des Bois \u00e0 Satigny canton de Gen\u00e8ve\" role=\"img\" ><\/div>\n\t\t\t\t\t\t\t\t\t\t\t\t\t\t<\/a>\n\t\t\t\t\t\t\t<a class=\"e-gallery-item elementor-gallery-item elementor-animated-content\" href=\"https:\/\/aigal.ch\/wp-content\/uploads\/2025\/02\/Aigal_041437_07441-scaled.jpg\" data-elementor-open-lightbox=\"yes\" data-elementor-lightbox-slideshow=\"b959edf\" data-elementor-lightbox-title=\"Aigal_041437_07441\" data-elementor-lightbox-description=\"Mariage au Ch\u00e2teau des Bois \u00e0 Satigny canton de Gen\u00e8ve\" data-e-action-hash=\"#elementor-action%3Aaction%3Dlightbox%26settings%3DeyJpZCI6NDcyMzksInVybCI6Imh0dHBzOlwvXC9haWdhbC5jaFwvd3AtY29udGVudFwvdXBsb2Fkc1wvMjAyNVwvMDJcL0FpZ2FsXzA0MTQzN18wNzQ0MS1zY2FsZWQuanBnIiwic2xpZGVzaG93IjoiYjk1OWVkZiJ9\">\n\t\t\t\t\t<div class=\"e-gallery-image elementor-gallery-item__image\" data-thumbnail=\"https:\/\/aigal.ch\/wp-content\/uploads\/2025\/02\/Aigal_041437_07441-768x1152.jpg\" data-width=\"768\" data-height=\"1152\" aria-label=\"Mariage au Ch\u00e2teau des Bois \u00e0 Satigny canton de Gen\u00e8ve\" role=\"img\" ><\/div>\n\t\t\t\t\t\t\t\t\t\t\t\t\t\t<\/a>\n\t\t\t\t\t\t\t<a class=\"e-gallery-item elementor-gallery-item elementor-animated-content\" href=\"https:\/\/aigal.ch\/wp-content\/uploads\/2025\/02\/Aigal_041437_07446-scaled.jpg\" data-elementor-open-lightbox=\"yes\" data-elementor-lightbox-slideshow=\"b959edf\" data-elementor-lightbox-title=\"Aigal_041437_07446\" data-elementor-lightbox-description=\"Mariage au Ch\u00e2teau des Bois \u00e0 Satigny canton de Gen\u00e8ve\" data-e-action-hash=\"#elementor-action%3Aaction%3Dlightbox%26settings%3DeyJpZCI6NDcyNDAsInVybCI6Imh0dHBzOlwvXC9haWdhbC5jaFwvd3AtY29udGVudFwvdXBsb2Fkc1wvMjAyNVwvMDJcL0FpZ2FsXzA0MTQzN18wNzQ0Ni1zY2FsZWQuanBnIiwic2xpZGVzaG93IjoiYjk1OWVkZiJ9\">\n\t\t\t\t\t<div class=\"e-gallery-image elementor-gallery-item__image\" data-thumbnail=\"https:\/\/aigal.ch\/wp-content\/uploads\/2025\/02\/Aigal_041437_07446-768x1152.jpg\" data-width=\"768\" data-height=\"1152\" aria-label=\"Mariage au Ch\u00e2teau des Bois \u00e0 Satigny canton de Gen\u00e8ve\" role=\"img\" ><\/div>\n\t\t\t\t\t\t\t\t\t\t\t\t\t\t<\/a>\n\t\t\t\t\t\t\t<a class=\"e-gallery-item elementor-gallery-item elementor-animated-content\" href=\"https:\/\/aigal.ch\/wp-content\/uploads\/2025\/02\/Aigal_041445_07669-scaled.jpg\" data-elementor-open-lightbox=\"yes\" data-elementor-lightbox-slideshow=\"b959edf\" data-elementor-lightbox-title=\"Aigal_041445_07669\" data-elementor-lightbox-description=\"Mariage au Ch\u00e2teau des Bois \u00e0 Satigny canton de Gen\u00e8ve\" data-e-action-hash=\"#elementor-action%3Aaction%3Dlightbox%26settings%3DeyJpZCI6NDcyNDEsInVybCI6Imh0dHBzOlwvXC9haWdhbC5jaFwvd3AtY29udGVudFwvdXBsb2Fkc1wvMjAyNVwvMDJcL0FpZ2FsXzA0MTQ0NV8wNzY2OS1zY2FsZWQuanBnIiwic2xpZGVzaG93IjoiYjk1OWVkZiJ9\">\n\t\t\t\t\t<div class=\"e-gallery-image elementor-gallery-item__image\" data-thumbnail=\"https:\/\/aigal.ch\/wp-content\/uploads\/2025\/02\/Aigal_041445_07669-768x512.jpg\" data-width=\"768\" data-height=\"512\" aria-label=\"Mariage au Ch\u00e2teau des Bois \u00e0 Satigny canton de Gen\u00e8ve\" role=\"img\" ><\/div>\n\t\t\t\t\t\t\t\t\t\t\t\t\t\t<\/a>\n\t\t\t\t\t\t\t<a class=\"e-gallery-item elementor-gallery-item elementor-animated-content\" href=\"https:\/\/aigal.ch\/wp-content\/uploads\/2025\/02\/Aigal_041455_07703-scaled.jpg\" data-elementor-open-lightbox=\"yes\" data-elementor-lightbox-slideshow=\"b959edf\" data-elementor-lightbox-title=\"Aigal_041455_07703\" data-elementor-lightbox-description=\"Mariage au Ch\u00e2teau des Bois \u00e0 Satigny canton de Gen\u00e8ve\" data-e-action-hash=\"#elementor-action%3Aaction%3Dlightbox%26settings%3DeyJpZCI6NDcyNDIsInVybCI6Imh0dHBzOlwvXC9haWdhbC5jaFwvd3AtY29udGVudFwvdXBsb2Fkc1wvMjAyNVwvMDJcL0FpZ2FsXzA0MTQ1NV8wNzcwMy1zY2FsZWQuanBnIiwic2xpZGVzaG93IjoiYjk1OWVkZiJ9\">\n\t\t\t\t\t<div class=\"e-gallery-image elementor-gallery-item__image\" data-thumbnail=\"https:\/\/aigal.ch\/wp-content\/uploads\/2025\/02\/Aigal_041455_07703-768x1152.jpg\" data-width=\"768\" data-height=\"1152\" aria-label=\"Mariage au Ch\u00e2teau des Bois \u00e0 Satigny canton de Gen\u00e8ve\" role=\"img\" ><\/div>\n\t\t\t\t\t\t\t\t\t\t\t\t\t\t<\/a>\n\t\t\t\t\t\t\t<a class=\"e-gallery-item elementor-gallery-item elementor-animated-content\" href=\"https:\/\/aigal.ch\/wp-content\/uploads\/2025\/02\/Aigal_041530_07883-scaled.jpg\" data-elementor-open-lightbox=\"yes\" data-elementor-lightbox-slideshow=\"b959edf\" data-elementor-lightbox-title=\"Aigal_041530_07883\" data-elementor-lightbox-description=\"Mariage au Ch\u00e2teau des Bois \u00e0 Satigny canton de Gen\u00e8ve\" data-e-action-hash=\"#elementor-action%3Aaction%3Dlightbox%26settings%3DeyJpZCI6NDcyNDMsInVybCI6Imh0dHBzOlwvXC9haWdhbC5jaFwvd3AtY29udGVudFwvdXBsb2Fkc1wvMjAyNVwvMDJcL0FpZ2FsXzA0MTUzMF8wNzg4My1zY2FsZWQuanBnIiwic2xpZGVzaG93IjoiYjk1OWVkZiJ9\">\n\t\t\t\t\t<div class=\"e-gallery-image elementor-gallery-item__image\" data-thumbnail=\"https:\/\/aigal.ch\/wp-content\/uploads\/2025\/02\/Aigal_041530_07883-768x1152.jpg\" data-width=\"768\" data-height=\"1152\" aria-label=\"Mariage au Ch\u00e2teau des Bois \u00e0 Satigny canton de Gen\u00e8ve\" role=\"img\" ><\/div>\n\t\t\t\t\t\t\t\t\t\t\t\t\t\t<\/a>\n\t\t\t\t\t\t\t<a class=\"e-gallery-item elementor-gallery-item elementor-animated-content\" href=\"https:\/\/aigal.ch\/wp-content\/uploads\/2025\/02\/Aigal_041530_07892-scaled.jpg\" data-elementor-open-lightbox=\"yes\" data-elementor-lightbox-slideshow=\"b959edf\" data-elementor-lightbox-title=\"Aigal_041530_07892\" data-elementor-lightbox-description=\"Mariage au Ch\u00e2teau des Bois \u00e0 Satigny canton de Gen\u00e8ve\" data-e-action-hash=\"#elementor-action%3Aaction%3Dlightbox%26settings%3DeyJpZCI6NDcyNDQsInVybCI6Imh0dHBzOlwvXC9haWdhbC5jaFwvd3AtY29udGVudFwvdXBsb2Fkc1wvMjAyNVwvMDJcL0FpZ2FsXzA0MTUzMF8wNzg5Mi1zY2FsZWQuanBnIiwic2xpZGVzaG93IjoiYjk1OWVkZiJ9\">\n\t\t\t\t\t<div class=\"e-gallery-image elementor-gallery-item__image\" data-thumbnail=\"https:\/\/aigal.ch\/wp-content\/uploads\/2025\/02\/Aigal_041530_07892-768x1152.jpg\" data-width=\"768\" data-height=\"1152\" aria-label=\"Mariage au Ch\u00e2teau des Bois \u00e0 Satigny canton de Gen\u00e8ve\" role=\"img\" ><\/div>\n\t\t\t\t\t\t\t\t\t\t\t\t\t\t<\/a>\n\t\t\t\t\t\t\t<a class=\"e-gallery-item elementor-gallery-item elementor-animated-content\" href=\"https:\/\/aigal.ch\/wp-content\/uploads\/2025\/02\/Aigal_041531_07898-scaled.jpg\" data-elementor-open-lightbox=\"yes\" data-elementor-lightbox-slideshow=\"b959edf\" data-elementor-lightbox-title=\"Aigal_041531_07898\" data-elementor-lightbox-description=\"Mariage au Ch\u00e2teau des Bois \u00e0 Satigny canton de Gen\u00e8ve\" data-e-action-hash=\"#elementor-action%3Aaction%3Dlightbox%26settings%3DeyJpZCI6NDcyNDUsInVybCI6Imh0dHBzOlwvXC9haWdhbC5jaFwvd3AtY29udGVudFwvdXBsb2Fkc1wvMjAyNVwvMDJcL0FpZ2FsXzA0MTUzMV8wNzg5OC1zY2FsZWQuanBnIiwic2xpZGVzaG93IjoiYjk1OWVkZiJ9\">\n\t\t\t\t\t<div class=\"e-gallery-image elementor-gallery-item__image\" data-thumbnail=\"https:\/\/aigal.ch\/wp-content\/uploads\/2025\/02\/Aigal_041531_07898-768x1152.jpg\" data-width=\"768\" data-height=\"1152\" aria-label=\"Mariage au Ch\u00e2teau des Bois \u00e0 Satigny canton de Gen\u00e8ve\" role=\"img\" ><\/div>\n\t\t\t\t\t\t\t\t\t\t\t\t\t\t<\/a>\n\t\t\t\t\t\t\t<a class=\"e-gallery-item elementor-gallery-item elementor-animated-content\" href=\"https:\/\/aigal.ch\/wp-content\/uploads\/2025\/02\/Aigal_041532_07920-scaled.jpg\" data-elementor-open-lightbox=\"yes\" data-elementor-lightbox-slideshow=\"b959edf\" data-elementor-lightbox-title=\"Aigal_041532_07920\" data-elementor-lightbox-description=\"Mariage au Ch\u00e2teau des Bois \u00e0 Satigny canton de Gen\u00e8ve\" data-e-action-hash=\"#elementor-action%3Aaction%3Dlightbox%26settings%3DeyJpZCI6NDcyNDYsInVybCI6Imh0dHBzOlwvXC9haWdhbC5jaFwvd3AtY29udGVudFwvdXBsb2Fkc1wvMjAyNVwvMDJcL0FpZ2FsXzA0MTUzMl8wNzkyMC1zY2FsZWQuanBnIiwic2xpZGVzaG93IjoiYjk1OWVkZiJ9\">\n\t\t\t\t\t<div class=\"e-gallery-image elementor-gallery-item__image\" data-thumbnail=\"https:\/\/aigal.ch\/wp-content\/uploads\/2025\/02\/Aigal_041532_07920-768x512.jpg\" data-width=\"768\" data-height=\"512\" aria-label=\"Mariage au Ch\u00e2teau des Bois \u00e0 Satigny canton de Gen\u00e8ve\" role=\"img\" ><\/div>\n\t\t\t\t\t\t\t\t\t\t\t\t\t\t<\/a>\n\t\t\t\t\t\t\t<a class=\"e-gallery-item elementor-gallery-item elementor-animated-content\" href=\"https:\/\/aigal.ch\/wp-content\/uploads\/2025\/02\/Aigal_041532_07924-scaled.jpg\" data-elementor-open-lightbox=\"yes\" data-elementor-lightbox-slideshow=\"b959edf\" data-elementor-lightbox-title=\"Aigal_041532_07924\" data-elementor-lightbox-description=\"Mariage au Ch\u00e2teau des Bois \u00e0 Satigny canton de Gen\u00e8ve\" data-e-action-hash=\"#elementor-action%3Aaction%3Dlightbox%26settings%3DeyJpZCI6NDcyNDcsInVybCI6Imh0dHBzOlwvXC9haWdhbC5jaFwvd3AtY29udGVudFwvdXBsb2Fkc1wvMjAyNVwvMDJcL0FpZ2FsXzA0MTUzMl8wNzkyNC1zY2FsZWQuanBnIiwic2xpZGVzaG93IjoiYjk1OWVkZiJ9\">\n\t\t\t\t\t<div class=\"e-gallery-image elementor-gallery-item__image\" data-thumbnail=\"https:\/\/aigal.ch\/wp-content\/uploads\/2025\/02\/Aigal_041532_07924-768x512.jpg\" data-width=\"768\" data-height=\"512\" aria-label=\"Mariage au Ch\u00e2teau des Bois \u00e0 Satigny canton de Gen\u00e8ve\" role=\"img\" ><\/div>\n\t\t\t\t\t\t\t\t\t\t\t\t\t\t<\/a>\n\t\t\t\t\t\t\t<a class=\"e-gallery-item elementor-gallery-item elementor-animated-content\" href=\"https:\/\/aigal.ch\/wp-content\/uploads\/2025\/02\/Aigal_041533_07937-scaled.jpg\" data-elementor-open-lightbox=\"yes\" data-elementor-lightbox-slideshow=\"b959edf\" data-elementor-lightbox-title=\"Aigal_041533_07937\" data-elementor-lightbox-description=\"Mariage au Ch\u00e2teau des Bois \u00e0 Satigny canton de Gen\u00e8ve\" data-e-action-hash=\"#elementor-action%3Aaction%3Dlightbox%26settings%3DeyJpZCI6NDcyNDgsInVybCI6Imh0dHBzOlwvXC9haWdhbC5jaFwvd3AtY29udGVudFwvdXBsb2Fkc1wvMjAyNVwvMDJcL0FpZ2FsXzA0MTUzM18wNzkzNy1zY2FsZWQuanBnIiwic2xpZGVzaG93IjoiYjk1OWVkZiJ9\">\n\t\t\t\t\t<div class=\"e-gallery-image elementor-gallery-item__image\" data-thumbnail=\"https:\/\/aigal.ch\/wp-content\/uploads\/2025\/02\/Aigal_041533_07937-768x1152.jpg\" data-width=\"768\" data-height=\"1152\" aria-label=\"Mariage au Ch\u00e2teau des Bois \u00e0 Satigny canton de Gen\u00e8ve\" role=\"img\" ><\/div>\n\t\t\t\t\t\t\t\t\t\t\t\t\t\t<\/a>\n\t\t\t\t\t\t\t<a class=\"e-gallery-item elementor-gallery-item elementor-animated-content\" href=\"https:\/\/aigal.ch\/wp-content\/uploads\/2025\/02\/Aigal_041638_08833-scaled.jpg\" data-elementor-open-lightbox=\"yes\" data-elementor-lightbox-slideshow=\"b959edf\" data-elementor-lightbox-title=\"Aigal_041638_08833\" data-elementor-lightbox-description=\"Mariage au Ch\u00e2teau des Bois \u00e0 Satigny canton de Gen\u00e8ve\" data-e-action-hash=\"#elementor-action%3Aaction%3Dlightbox%26settings%3DeyJpZCI6NDcyNDksInVybCI6Imh0dHBzOlwvXC9haWdhbC5jaFwvd3AtY29udGVudFwvdXBsb2Fkc1wvMjAyNVwvMDJcL0FpZ2FsXzA0MTYzOF8wODgzMy1zY2FsZWQuanBnIiwic2xpZGVzaG93IjoiYjk1OWVkZiJ9\">\n\t\t\t\t\t<div class=\"e-gallery-image elementor-gallery-item__image\" data-thumbnail=\"https:\/\/aigal.ch\/wp-content\/uploads\/2025\/02\/Aigal_041638_08833-768x512.jpg\" data-width=\"768\" data-height=\"512\" aria-label=\"Mariage au Ch\u00e2teau des Bois \u00e0 Satigny canton de Gen\u00e8ve\" role=\"img\" ><\/div>\n\t\t\t\t\t\t\t\t\t\t\t\t\t\t<\/a>\n\t\t\t\t\t\t\t<a class=\"e-gallery-item elementor-gallery-item elementor-animated-content\" href=\"https:\/\/aigal.ch\/wp-content\/uploads\/2025\/02\/Aigal_041643_08977-scaled.jpg\" data-elementor-open-lightbox=\"yes\" data-elementor-lightbox-slideshow=\"b959edf\" data-elementor-lightbox-title=\"Aigal_041643_08977\" data-elementor-lightbox-description=\"Mariage au Ch\u00e2teau des Bois \u00e0 Satigny canton de Gen\u00e8ve\" data-e-action-hash=\"#elementor-action%3Aaction%3Dlightbox%26settings%3DeyJpZCI6NDcyNTAsInVybCI6Imh0dHBzOlwvXC9haWdhbC5jaFwvd3AtY29udGVudFwvdXBsb2Fkc1wvMjAyNVwvMDJcL0FpZ2FsXzA0MTY0M18wODk3Ny1zY2FsZWQuanBnIiwic2xpZGVzaG93IjoiYjk1OWVkZiJ9\">\n\t\t\t\t\t<div class=\"e-gallery-image elementor-gallery-item__image\" data-thumbnail=\"https:\/\/aigal.ch\/wp-content\/uploads\/2025\/02\/Aigal_041643_08977-768x1152.jpg\" data-width=\"768\" data-height=\"1152\" aria-label=\"Mariage au Ch\u00e2teau des Bois \u00e0 Satigny canton de Gen\u00e8ve\" role=\"img\" ><\/div>\n\t\t\t\t\t\t\t\t\t\t\t\t\t\t<\/a>\n\t\t\t\t\t\t\t<a class=\"e-gallery-item elementor-gallery-item elementor-animated-content\" href=\"https:\/\/aigal.ch\/wp-content\/uploads\/2025\/02\/Aigal_041643_08979-scaled.jpg\" data-elementor-open-lightbox=\"yes\" data-elementor-lightbox-slideshow=\"b959edf\" data-elementor-lightbox-title=\"Aigal_041643_08979\" data-elementor-lightbox-description=\"Mariage au Ch\u00e2teau des Bois \u00e0 Satigny canton de Gen\u00e8ve\" data-e-action-hash=\"#elementor-action%3Aaction%3Dlightbox%26settings%3DeyJpZCI6NDcyNTEsInVybCI6Imh0dHBzOlwvXC9haWdhbC5jaFwvd3AtY29udGVudFwvdXBsb2Fkc1wvMjAyNVwvMDJcL0FpZ2FsXzA0MTY0M18wODk3OS1zY2FsZWQuanBnIiwic2xpZGVzaG93IjoiYjk1OWVkZiJ9\">\n\t\t\t\t\t<div class=\"e-gallery-image elementor-gallery-item__image\" data-thumbnail=\"https:\/\/aigal.ch\/wp-content\/uploads\/2025\/02\/Aigal_041643_08979-768x1152.jpg\" data-width=\"768\" data-height=\"1152\" aria-label=\"Mariage au Ch\u00e2teau des Bois \u00e0 Satigny canton de Gen\u00e8ve\" role=\"img\" ><\/div>\n\t\t\t\t\t\t\t\t\t\t\t\t\t\t<\/a>\n\t\t\t\t\t\t\t<a class=\"e-gallery-item elementor-gallery-item elementor-animated-content\" href=\"https:\/\/aigal.ch\/wp-content\/uploads\/2025\/02\/Aigal_041644_08986-scaled.jpg\" data-elementor-open-lightbox=\"yes\" data-elementor-lightbox-slideshow=\"b959edf\" data-elementor-lightbox-title=\"Aigal_041644_08986\" data-elementor-lightbox-description=\"Mariage au Ch\u00e2teau des Bois \u00e0 Satigny canton de Gen\u00e8ve\" data-e-action-hash=\"#elementor-action%3Aaction%3Dlightbox%26settings%3DeyJpZCI6NDcyNTIsInVybCI6Imh0dHBzOlwvXC9haWdhbC5jaFwvd3AtY29udGVudFwvdXBsb2Fkc1wvMjAyNVwvMDJcL0FpZ2FsXzA0MTY0NF8wODk4Ni1zY2FsZWQuanBnIiwic2xpZGVzaG93IjoiYjk1OWVkZiJ9\">\n\t\t\t\t\t<div class=\"e-gallery-image elementor-gallery-item__image\" data-thumbnail=\"https:\/\/aigal.ch\/wp-content\/uploads\/2025\/02\/Aigal_041644_08986-768x1152.jpg\" data-width=\"768\" data-height=\"1152\" aria-label=\"Mariage au Ch\u00e2teau des Bois \u00e0 Satigny canton de Gen\u00e8ve\" role=\"img\" ><\/div>\n\t\t\t\t\t\t\t\t\t\t\t\t\t\t<\/a>\n\t\t\t\t\t\t\t<a class=\"e-gallery-item elementor-gallery-item elementor-animated-content\" href=\"https:\/\/aigal.ch\/wp-content\/uploads\/2025\/02\/Aigal_041741_2-scaled.jpg\" data-elementor-open-lightbox=\"yes\" data-elementor-lightbox-slideshow=\"b959edf\" data-elementor-lightbox-title=\"Aigal_041741_2\" data-elementor-lightbox-description=\"Mariage au Ch\u00e2teau des Bois \u00e0 Satigny canton de Gen\u00e8ve\" data-e-action-hash=\"#elementor-action%3Aaction%3Dlightbox%26settings%3DeyJpZCI6NDcyNTMsInVybCI6Imh0dHBzOlwvXC9haWdhbC5jaFwvd3AtY29udGVudFwvdXBsb2Fkc1wvMjAyNVwvMDJcL0FpZ2FsXzA0MTc0MV8yLXNjYWxlZC5qcGciLCJzbGlkZXNob3ciOiJiOTU5ZWRmIn0%3D\">\n\t\t\t\t\t<div class=\"e-gallery-image elementor-gallery-item__image\" data-thumbnail=\"https:\/\/aigal.ch\/wp-content\/uploads\/2025\/02\/Aigal_041741_2-768x1152.jpg\" data-width=\"768\" data-height=\"1152\" aria-label=\"Mariage au Ch\u00e2teau des Bois \u00e0 Satigny canton de Gen\u00e8ve\" role=\"img\" ><\/div>\n\t\t\t\t\t\t\t\t\t\t\t\t\t\t<\/a>\n\t\t\t\t\t\t\t<a class=\"e-gallery-item elementor-gallery-item elementor-animated-content\" href=\"https:\/\/aigal.ch\/wp-content\/uploads\/2025\/02\/Aigal_041754_09782-scaled.jpg\" data-elementor-open-lightbox=\"yes\" data-elementor-lightbox-slideshow=\"b959edf\" data-elementor-lightbox-title=\"Aigal_041754_09782\" data-elementor-lightbox-description=\"Mariage au Ch\u00e2teau des Bois \u00e0 Satigny canton de Gen\u00e8ve\" data-e-action-hash=\"#elementor-action%3Aaction%3Dlightbox%26settings%3DeyJpZCI6NDcyNTQsInVybCI6Imh0dHBzOlwvXC9haWdhbC5jaFwvd3AtY29udGVudFwvdXBsb2Fkc1wvMjAyNVwvMDJcL0FpZ2FsXzA0MTc1NF8wOTc4Mi1zY2FsZWQuanBnIiwic2xpZGVzaG93IjoiYjk1OWVkZiJ9\">\n\t\t\t\t\t<div class=\"e-gallery-image elementor-gallery-item__image\" data-thumbnail=\"https:\/\/aigal.ch\/wp-content\/uploads\/2025\/02\/Aigal_041754_09782-768x1152.jpg\" data-width=\"768\" data-height=\"1152\" aria-label=\"Mariage au Ch\u00e2teau des Bois \u00e0 Satigny canton de Gen\u00e8ve\" role=\"img\" ><\/div>\n\t\t\t\t\t\t\t\t\t\t\t\t\t\t<\/a>\n\t\t\t\t\t\t\t<a class=\"e-gallery-item elementor-gallery-item elementor-animated-content\" href=\"https:\/\/aigal.ch\/wp-content\/uploads\/2025\/02\/Aigal_041802_09825-scaled.jpg\" data-elementor-open-lightbox=\"yes\" data-elementor-lightbox-slideshow=\"b959edf\" data-elementor-lightbox-title=\"Aigal_041802_09825\" data-elementor-lightbox-description=\"Mariage au Ch\u00e2teau des Bois \u00e0 Satigny canton de Gen\u00e8ve\" data-e-action-hash=\"#elementor-action%3Aaction%3Dlightbox%26settings%3DeyJpZCI6NDcyNTUsInVybCI6Imh0dHBzOlwvXC9haWdhbC5jaFwvd3AtY29udGVudFwvdXBsb2Fkc1wvMjAyNVwvMDJcL0FpZ2FsXzA0MTgwMl8wOTgyNS1zY2FsZWQuanBnIiwic2xpZGVzaG93IjoiYjk1OWVkZiJ9\">\n\t\t\t\t\t<div class=\"e-gallery-image elementor-gallery-item__image\" data-thumbnail=\"https:\/\/aigal.ch\/wp-content\/uploads\/2025\/02\/Aigal_041802_09825-768x1152.jpg\" data-width=\"768\" data-height=\"1152\" aria-label=\"Mariage au Ch\u00e2teau des Bois \u00e0 Satigny canton de Gen\u00e8ve\" role=\"img\" ><\/div>\n\t\t\t\t\t\t\t\t\t\t\t\t\t\t<\/a>\n\t\t\t\t\t\t\t<a class=\"e-gallery-item elementor-gallery-item elementor-animated-content\" href=\"https:\/\/aigal.ch\/wp-content\/uploads\/2025\/02\/Aigal_041807_09870-scaled.jpg\" data-elementor-open-lightbox=\"yes\" data-elementor-lightbox-slideshow=\"b959edf\" data-elementor-lightbox-title=\"Aigal_041807_09870\" data-elementor-lightbox-description=\"Mariage au Ch\u00e2teau des Bois \u00e0 Satigny canton de Gen\u00e8ve\" data-e-action-hash=\"#elementor-action%3Aaction%3Dlightbox%26settings%3DeyJpZCI6NDcyNTYsInVybCI6Imh0dHBzOlwvXC9haWdhbC5jaFwvd3AtY29udGVudFwvdXBsb2Fkc1wvMjAyNVwvMDJcL0FpZ2FsXzA0MTgwN18wOTg3MC1zY2FsZWQuanBnIiwic2xpZGVzaG93IjoiYjk1OWVkZiJ9\">\n\t\t\t\t\t<div class=\"e-gallery-image elementor-gallery-item__image\" data-thumbnail=\"https:\/\/aigal.ch\/wp-content\/uploads\/2025\/02\/Aigal_041807_09870-768x512.jpg\" data-width=\"768\" data-height=\"512\" aria-label=\"Mariage au Ch\u00e2teau des Bois \u00e0 Satigny canton de Gen\u00e8ve\" role=\"img\" ><\/div>\n\t\t\t\t\t\t\t\t\t\t\t\t\t\t<\/a>\n\t\t\t\t\t\t\t<a class=\"e-gallery-item elementor-gallery-item elementor-animated-content\" href=\"https:\/\/aigal.ch\/wp-content\/uploads\/2025\/02\/Aigal_041807_09885-scaled.jpg\" data-elementor-open-lightbox=\"yes\" data-elementor-lightbox-slideshow=\"b959edf\" data-elementor-lightbox-title=\"Aigal_041807_09885\" data-elementor-lightbox-description=\"Mariage au Ch\u00e2teau des Bois \u00e0 Satigny canton de Gen\u00e8ve\" data-e-action-hash=\"#elementor-action%3Aaction%3Dlightbox%26settings%3DeyJpZCI6NDcyNTcsInVybCI6Imh0dHBzOlwvXC9haWdhbC5jaFwvd3AtY29udGVudFwvdXBsb2Fkc1wvMjAyNVwvMDJcL0FpZ2FsXzA0MTgwN18wOTg4NS1zY2FsZWQuanBnIiwic2xpZGVzaG93IjoiYjk1OWVkZiJ9\">\n\t\t\t\t\t<div class=\"e-gallery-image elementor-gallery-item__image\" data-thumbnail=\"https:\/\/aigal.ch\/wp-content\/uploads\/2025\/02\/Aigal_041807_09885-768x512.jpg\" data-width=\"768\" data-height=\"512\" aria-label=\"Mariage au Ch\u00e2teau des Bois \u00e0 Satigny canton de Gen\u00e8ve\" role=\"img\" ><\/div>\n\t\t\t\t\t\t\t\t\t\t\t\t\t\t<\/a>\n\t\t\t\t\t\t\t<a class=\"e-gallery-item elementor-gallery-item elementor-animated-content\" href=\"https:\/\/aigal.ch\/wp-content\/uploads\/2025\/02\/Aigal_041807_09896-scaled.jpg\" data-elementor-open-lightbox=\"yes\" data-elementor-lightbox-slideshow=\"b959edf\" data-elementor-lightbox-title=\"Aigal_041807_09896\" data-elementor-lightbox-description=\"Mariage au Ch\u00e2teau des Bois \u00e0 Satigny canton de Gen\u00e8ve\" data-e-action-hash=\"#elementor-action%3Aaction%3Dlightbox%26settings%3DeyJpZCI6NDcyNTgsInVybCI6Imh0dHBzOlwvXC9haWdhbC5jaFwvd3AtY29udGVudFwvdXBsb2Fkc1wvMjAyNVwvMDJcL0FpZ2FsXzA0MTgwN18wOTg5Ni1zY2FsZWQuanBnIiwic2xpZGVzaG93IjoiYjk1OWVkZiJ9\">\n\t\t\t\t\t<div class=\"e-gallery-image elementor-gallery-item__image\" data-thumbnail=\"https:\/\/aigal.ch\/wp-content\/uploads\/2025\/02\/Aigal_041807_09896-768x512.jpg\" data-width=\"768\" data-height=\"512\" aria-label=\"Mariage au Ch\u00e2teau des Bois \u00e0 Satigny canton de Gen\u00e8ve\" role=\"img\" ><\/div>\n\t\t\t\t\t\t\t\t\t\t\t\t\t\t<\/a>\n\t\t\t\t\t\t\t<a class=\"e-gallery-item elementor-gallery-item elementor-animated-content\" href=\"https:\/\/aigal.ch\/wp-content\/uploads\/2025\/02\/Aigal_041810_09910-scaled.jpg\" data-elementor-open-lightbox=\"yes\" data-elementor-lightbox-slideshow=\"b959edf\" data-elementor-lightbox-title=\"Aigal_041810_09910\" data-elementor-lightbox-description=\"Mariage au Ch\u00e2teau des Bois \u00e0 Satigny canton de Gen\u00e8ve\" data-e-action-hash=\"#elementor-action%3Aaction%3Dlightbox%26settings%3DeyJpZCI6NDcyNTksInVybCI6Imh0dHBzOlwvXC9haWdhbC5jaFwvd3AtY29udGVudFwvdXBsb2Fkc1wvMjAyNVwvMDJcL0FpZ2FsXzA0MTgxMF8wOTkxMC1zY2FsZWQuanBnIiwic2xpZGVzaG93IjoiYjk1OWVkZiJ9\">\n\t\t\t\t\t<div class=\"e-gallery-image elementor-gallery-item__image\" data-thumbnail=\"https:\/\/aigal.ch\/wp-content\/uploads\/2025\/02\/Aigal_041810_09910-768x1152.jpg\" data-width=\"768\" data-height=\"1152\" aria-label=\"Mariage au Ch\u00e2teau des Bois \u00e0 Satigny canton de Gen\u00e8ve\" role=\"img\" ><\/div>\n\t\t\t\t\t\t\t\t\t\t\t\t\t\t<\/a>\n\t\t\t\t\t\t\t<a class=\"e-gallery-item elementor-gallery-item elementor-animated-content\" href=\"https:\/\/aigal.ch\/wp-content\/uploads\/2025\/02\/Aigal_041811_09931-scaled.jpg\" data-elementor-open-lightbox=\"yes\" data-elementor-lightbox-slideshow=\"b959edf\" data-elementor-lightbox-title=\"Aigal_041811_09931\" data-elementor-lightbox-description=\"Mariage au Ch\u00e2teau des Bois \u00e0 Satigny canton de Gen\u00e8ve\" data-e-action-hash=\"#elementor-action%3Aaction%3Dlightbox%26settings%3DeyJpZCI6NDcyNjAsInVybCI6Imh0dHBzOlwvXC9haWdhbC5jaFwvd3AtY29udGVudFwvdXBsb2Fkc1wvMjAyNVwvMDJcL0FpZ2FsXzA0MTgxMV8wOTkzMS1zY2FsZWQuanBnIiwic2xpZGVzaG93IjoiYjk1OWVkZiJ9\">\n\t\t\t\t\t<div class=\"e-gallery-image elementor-gallery-item__image\" data-thumbnail=\"https:\/\/aigal.ch\/wp-content\/uploads\/2025\/02\/Aigal_041811_09931-768x1152.jpg\" data-width=\"768\" data-height=\"1152\" aria-label=\"Mariage au Ch\u00e2teau des Bois \u00e0 Satigny canton de Gen\u00e8ve\" role=\"img\" ><\/div>\n\t\t\t\t\t\t\t\t\t\t\t\t\t\t<\/a>\n\t\t\t\t\t\t\t<a class=\"e-gallery-item elementor-gallery-item elementor-animated-content\" href=\"https:\/\/aigal.ch\/wp-content\/uploads\/2025\/02\/Aigal_041812_09940-scaled.jpg\" data-elementor-open-lightbox=\"yes\" data-elementor-lightbox-slideshow=\"b959edf\" data-elementor-lightbox-title=\"Aigal_041812_09940\" data-elementor-lightbox-description=\"Mariage au Ch\u00e2teau des Bois \u00e0 Satigny canton de Gen\u00e8ve\" data-e-action-hash=\"#elementor-action%3Aaction%3Dlightbox%26settings%3DeyJpZCI6NDcyNjEsInVybCI6Imh0dHBzOlwvXC9haWdhbC5jaFwvd3AtY29udGVudFwvdXBsb2Fkc1wvMjAyNVwvMDJcL0FpZ2FsXzA0MTgxMl8wOTk0MC1zY2FsZWQuanBnIiwic2xpZGVzaG93IjoiYjk1OWVkZiJ9\">\n\t\t\t\t\t<div class=\"e-gallery-image elementor-gallery-item__image\" data-thumbnail=\"https:\/\/aigal.ch\/wp-content\/uploads\/2025\/02\/Aigal_041812_09940-768x1152.jpg\" data-width=\"768\" data-height=\"1152\" aria-label=\"Mariage au Ch\u00e2teau des Bois \u00e0 Satigny canton de Gen\u00e8ve\" role=\"img\" ><\/div>\n\t\t\t\t\t\t\t\t\t\t\t\t\t\t<\/a>\n\t\t\t\t\t\t\t<a class=\"e-gallery-item elementor-gallery-item elementor-animated-content\" href=\"https:\/\/aigal.ch\/wp-content\/uploads\/2025\/02\/Aigal_041813_09971-scaled.jpg\" data-elementor-open-lightbox=\"yes\" data-elementor-lightbox-slideshow=\"b959edf\" data-elementor-lightbox-title=\"Aigal_041813_09971\" data-elementor-lightbox-description=\"Mariage au Ch\u00e2teau des Bois \u00e0 Satigny canton de Gen\u00e8ve\" data-e-action-hash=\"#elementor-action%3Aaction%3Dlightbox%26settings%3DeyJpZCI6NDcyNjIsInVybCI6Imh0dHBzOlwvXC9haWdhbC5jaFwvd3AtY29udGVudFwvdXBsb2Fkc1wvMjAyNVwvMDJcL0FpZ2FsXzA0MTgxM18wOTk3MS1zY2FsZWQuanBnIiwic2xpZGVzaG93IjoiYjk1OWVkZiJ9\">\n\t\t\t\t\t<div class=\"e-gallery-image elementor-gallery-item__image\" data-thumbnail=\"https:\/\/aigal.ch\/wp-content\/uploads\/2025\/02\/Aigal_041813_09971-768x1152.jpg\" data-width=\"768\" data-height=\"1152\" aria-label=\"Mariage au Ch\u00e2teau des Bois \u00e0 Satigny canton de Gen\u00e8ve\" role=\"img\" ><\/div>\n\t\t\t\t\t\t\t\t\t\t\t\t\t\t<\/a>\n\t\t\t\t\t\t\t<a class=\"e-gallery-item elementor-gallery-item elementor-animated-content\" href=\"https:\/\/aigal.ch\/wp-content\/uploads\/2025\/02\/Aigal_041814_09977-scaled.jpg\" data-elementor-open-lightbox=\"yes\" data-elementor-lightbox-slideshow=\"b959edf\" data-elementor-lightbox-title=\"Aigal_041814_09977\" data-elementor-lightbox-description=\"Mariage au Ch\u00e2teau des Bois \u00e0 Satigny canton de Gen\u00e8ve\" data-e-action-hash=\"#elementor-action%3Aaction%3Dlightbox%26settings%3DeyJpZCI6NDcyNjMsInVybCI6Imh0dHBzOlwvXC9haWdhbC5jaFwvd3AtY29udGVudFwvdXBsb2Fkc1wvMjAyNVwvMDJcL0FpZ2FsXzA0MTgxNF8wOTk3Ny1zY2FsZWQuanBnIiwic2xpZGVzaG93IjoiYjk1OWVkZiJ9\">\n\t\t\t\t\t<div class=\"e-gallery-image elementor-gallery-item__image\" data-thumbnail=\"https:\/\/aigal.ch\/wp-content\/uploads\/2025\/02\/Aigal_041814_09977-768x1152.jpg\" data-width=\"768\" data-height=\"1152\" aria-label=\"Mariage au Ch\u00e2teau des Bois \u00e0 Satigny canton de Gen\u00e8ve\" role=\"img\" ><\/div>\n\t\t\t\t\t\t\t\t\t\t\t\t\t\t<\/a>\n\t\t\t\t\t\t\t<a class=\"e-gallery-item elementor-gallery-item elementor-animated-content\" href=\"https:\/\/aigal.ch\/wp-content\/uploads\/2025\/02\/Aigal_041814_09981-scaled.jpg\" data-elementor-open-lightbox=\"yes\" data-elementor-lightbox-slideshow=\"b959edf\" data-elementor-lightbox-title=\"Aigal_041814_09981\" data-elementor-lightbox-description=\"Mariage au Ch\u00e2teau des Bois \u00e0 Satigny canton de Gen\u00e8ve\" data-e-action-hash=\"#elementor-action%3Aaction%3Dlightbox%26settings%3DeyJpZCI6NDcyNjQsInVybCI6Imh0dHBzOlwvXC9haWdhbC5jaFwvd3AtY29udGVudFwvdXBsb2Fkc1wvMjAyNVwvMDJcL0FpZ2FsXzA0MTgxNF8wOTk4MS1zY2FsZWQuanBnIiwic2xpZGVzaG93IjoiYjk1OWVkZiJ9\">\n\t\t\t\t\t<div class=\"e-gallery-image elementor-gallery-item__image\" data-thumbnail=\"https:\/\/aigal.ch\/wp-content\/uploads\/2025\/02\/Aigal_041814_09981-768x1152.jpg\" data-width=\"768\" data-height=\"1152\" aria-label=\"Mariage au Ch\u00e2teau des Bois \u00e0 Satigny canton de Gen\u00e8ve\" role=\"img\" ><\/div>\n\t\t\t\t\t\t\t\t\t\t\t\t\t\t<\/a>\n\t\t\t\t\t\t\t<a class=\"e-gallery-item elementor-gallery-item elementor-animated-content\" href=\"https:\/\/aigal.ch\/wp-content\/uploads\/2025\/02\/Aigal_041815_00008-scaled.jpg\" data-elementor-open-lightbox=\"yes\" data-elementor-lightbox-slideshow=\"b959edf\" data-elementor-lightbox-title=\"Aigal_041815_00008\" data-elementor-lightbox-description=\"Mariage au Ch\u00e2teau des Bois \u00e0 Satigny canton de Gen\u00e8ve\" data-e-action-hash=\"#elementor-action%3Aaction%3Dlightbox%26settings%3DeyJpZCI6NDcyNjUsInVybCI6Imh0dHBzOlwvXC9haWdhbC5jaFwvd3AtY29udGVudFwvdXBsb2Fkc1wvMjAyNVwvMDJcL0FpZ2FsXzA0MTgxNV8wMDAwOC1zY2FsZWQuanBnIiwic2xpZGVzaG93IjoiYjk1OWVkZiJ9\">\n\t\t\t\t\t<div class=\"e-gallery-image elementor-gallery-item__image\" data-thumbnail=\"https:\/\/aigal.ch\/wp-content\/uploads\/2025\/02\/Aigal_041815_00008-768x1152.jpg\" data-width=\"768\" data-height=\"1152\" aria-label=\"Mariage au Ch\u00e2teau des Bois \u00e0 Satigny canton de Gen\u00e8ve\" role=\"img\" ><\/div>\n\t\t\t\t\t\t\t\t\t\t\t\t\t\t<\/a>\n\t\t\t\t\t\t\t<a class=\"e-gallery-item elementor-gallery-item elementor-animated-content\" href=\"https:\/\/aigal.ch\/wp-content\/uploads\/2025\/02\/Aigal_041819_00050-scaled.jpg\" data-elementor-open-lightbox=\"yes\" data-elementor-lightbox-slideshow=\"b959edf\" data-elementor-lightbox-title=\"Aigal_041819_00050\" data-elementor-lightbox-description=\"Mariage au Ch\u00e2teau des Bois \u00e0 Satigny canton de Gen\u00e8ve\" data-e-action-hash=\"#elementor-action%3Aaction%3Dlightbox%26settings%3DeyJpZCI6NDcyNjYsInVybCI6Imh0dHBzOlwvXC9haWdhbC5jaFwvd3AtY29udGVudFwvdXBsb2Fkc1wvMjAyNVwvMDJcL0FpZ2FsXzA0MTgxOV8wMDA1MC1zY2FsZWQuanBnIiwic2xpZGVzaG93IjoiYjk1OWVkZiJ9\">\n\t\t\t\t\t<div class=\"e-gallery-image elementor-gallery-item__image\" data-thumbnail=\"https:\/\/aigal.ch\/wp-content\/uploads\/2025\/02\/Aigal_041819_00050-768x1152.jpg\" data-width=\"768\" data-height=\"1152\" aria-label=\"Mariage au Ch\u00e2teau des Bois \u00e0 Satigny canton de Gen\u00e8ve\" role=\"img\" ><\/div>\n\t\t\t\t\t\t\t\t\t\t\t\t\t\t<\/a>\n\t\t\t\t\t\t\t<a class=\"e-gallery-item elementor-gallery-item elementor-animated-content\" href=\"https:\/\/aigal.ch\/wp-content\/uploads\/2025\/02\/Aigal_041912_00527-scaled.jpg\" data-elementor-open-lightbox=\"yes\" data-elementor-lightbox-slideshow=\"b959edf\" data-elementor-lightbox-title=\"Aigal_041912_00527\" data-elementor-lightbox-description=\"Mariage au Ch\u00e2teau des Bois \u00e0 Satigny canton de Gen\u00e8ve\" data-e-action-hash=\"#elementor-action%3Aaction%3Dlightbox%26settings%3DeyJpZCI6NDcyNjcsInVybCI6Imh0dHBzOlwvXC9haWdhbC5jaFwvd3AtY29udGVudFwvdXBsb2Fkc1wvMjAyNVwvMDJcL0FpZ2FsXzA0MTkxMl8wMDUyNy1zY2FsZWQuanBnIiwic2xpZGVzaG93IjoiYjk1OWVkZiJ9\">\n\t\t\t\t\t<div class=\"e-gallery-image elementor-gallery-item__image\" data-thumbnail=\"https:\/\/aigal.ch\/wp-content\/uploads\/2025\/02\/Aigal_041912_00527-768x512.jpg\" data-width=\"768\" data-height=\"512\" aria-label=\"Mariage au Ch\u00e2teau des Bois \u00e0 Satigny canton de Gen\u00e8ve\" role=\"img\" ><\/div>\n\t\t\t\t\t\t\t\t\t\t\t\t\t\t<\/a>\n\t\t\t\t\t\t\t<a class=\"e-gallery-item elementor-gallery-item elementor-animated-content\" href=\"https:\/\/aigal.ch\/wp-content\/uploads\/2025\/02\/Aigal_041913_00532-scaled.jpg\" data-elementor-open-lightbox=\"yes\" data-elementor-lightbox-slideshow=\"b959edf\" data-elementor-lightbox-title=\"Aigal_041913_00532\" data-elementor-lightbox-description=\"Mariage au Ch\u00e2teau des Bois \u00e0 Satigny canton de Gen\u00e8ve\" data-e-action-hash=\"#elementor-action%3Aaction%3Dlightbox%26settings%3DeyJpZCI6NDcyNjgsInVybCI6Imh0dHBzOlwvXC9haWdhbC5jaFwvd3AtY29udGVudFwvdXBsb2Fkc1wvMjAyNVwvMDJcL0FpZ2FsXzA0MTkxM18wMDUzMi1zY2FsZWQuanBnIiwic2xpZGVzaG93IjoiYjk1OWVkZiJ9\">\n\t\t\t\t\t<div class=\"e-gallery-image elementor-gallery-item__image\" data-thumbnail=\"https:\/\/aigal.ch\/wp-content\/uploads\/2025\/02\/Aigal_041913_00532-768x512.jpg\" data-width=\"768\" data-height=\"512\" aria-label=\"Mariage au Ch\u00e2teau des Bois \u00e0 Satigny canton de Gen\u00e8ve\" role=\"img\" ><\/div>\n\t\t\t\t\t\t\t\t\t\t\t\t\t\t<\/a>\n\t\t\t\t\t\t\t<a class=\"e-gallery-item elementor-gallery-item elementor-animated-content\" href=\"https:\/\/aigal.ch\/wp-content\/uploads\/2025\/02\/Aigal_041914_00548-scaled.jpg\" data-elementor-open-lightbox=\"yes\" data-elementor-lightbox-slideshow=\"b959edf\" data-elementor-lightbox-title=\"Aigal_041914_00548\" data-elementor-lightbox-description=\"Mariage au Ch\u00e2teau des Bois \u00e0 Satigny canton de Gen\u00e8ve\" data-e-action-hash=\"#elementor-action%3Aaction%3Dlightbox%26settings%3DeyJpZCI6NDcyNjksInVybCI6Imh0dHBzOlwvXC9haWdhbC5jaFwvd3AtY29udGVudFwvdXBsb2Fkc1wvMjAyNVwvMDJcL0FpZ2FsXzA0MTkxNF8wMDU0OC1zY2FsZWQuanBnIiwic2xpZGVzaG93IjoiYjk1OWVkZiJ9\">\n\t\t\t\t\t<div class=\"e-gallery-image elementor-gallery-item__image\" data-thumbnail=\"https:\/\/aigal.ch\/wp-content\/uploads\/2025\/02\/Aigal_041914_00548-768x512.jpg\" data-width=\"768\" data-height=\"512\" aria-label=\"Mariage au Ch\u00e2teau des Bois \u00e0 Satigny canton de Gen\u00e8ve\" role=\"img\" ><\/div>\n\t\t\t\t\t\t\t\t\t\t\t\t\t\t<\/a>\n\t\t\t\t\t\t\t<a class=\"e-gallery-item elementor-gallery-item elementor-animated-content\" href=\"https:\/\/aigal.ch\/wp-content\/uploads\/2025\/02\/Aigal_041916_00573-scaled.jpg\" data-elementor-open-lightbox=\"yes\" data-elementor-lightbox-slideshow=\"b959edf\" data-elementor-lightbox-title=\"Aigal_041916_00573\" data-elementor-lightbox-description=\"Mariage au Ch\u00e2teau des Bois \u00e0 Satigny canton de Gen\u00e8ve\" data-e-action-hash=\"#elementor-action%3Aaction%3Dlightbox%26settings%3DeyJpZCI6NDcyNzAsInVybCI6Imh0dHBzOlwvXC9haWdhbC5jaFwvd3AtY29udGVudFwvdXBsb2Fkc1wvMjAyNVwvMDJcL0FpZ2FsXzA0MTkxNl8wMDU3My1zY2FsZWQuanBnIiwic2xpZGVzaG93IjoiYjk1OWVkZiJ9\">\n\t\t\t\t\t<div class=\"e-gallery-image elementor-gallery-item__image\" data-thumbnail=\"https:\/\/aigal.ch\/wp-content\/uploads\/2025\/02\/Aigal_041916_00573-768x1152.jpg\" data-width=\"768\" data-height=\"1152\" aria-label=\"Mariage au Ch\u00e2teau des Bois \u00e0 Satigny canton de Gen\u00e8ve\" role=\"img\" ><\/div>\n\t\t\t\t\t\t\t\t\t\t\t\t\t\t<\/a>\n\t\t\t\t\t\t\t<a class=\"e-gallery-item elementor-gallery-item elementor-animated-content\" href=\"https:\/\/aigal.ch\/wp-content\/uploads\/2025\/02\/Aigal_041918_00588-scaled.jpg\" data-elementor-open-lightbox=\"yes\" data-elementor-lightbox-slideshow=\"b959edf\" data-elementor-lightbox-title=\"Aigal_041918_00588\" data-elementor-lightbox-description=\"Mariage au Ch\u00e2teau des Bois \u00e0 Satigny canton de Gen\u00e8ve\" data-e-action-hash=\"#elementor-action%3Aaction%3Dlightbox%26settings%3DeyJpZCI6NDcyNzEsInVybCI6Imh0dHBzOlwvXC9haWdhbC5jaFwvd3AtY29udGVudFwvdXBsb2Fkc1wvMjAyNVwvMDJcL0FpZ2FsXzA0MTkxOF8wMDU4OC1zY2FsZWQuanBnIiwic2xpZGVzaG93IjoiYjk1OWVkZiJ9\">\n\t\t\t\t\t<div class=\"e-gallery-image elementor-gallery-item__image\" data-thumbnail=\"https:\/\/aigal.ch\/wp-content\/uploads\/2025\/02\/Aigal_041918_00588-768x1152.jpg\" data-width=\"768\" data-height=\"1152\" aria-label=\"Mariage au Ch\u00e2teau des Bois \u00e0 Satigny canton de Gen\u00e8ve\" role=\"img\" ><\/div>\n\t\t\t\t\t\t\t\t\t\t\t\t\t\t<\/a>\n\t\t\t\t\t\t\t<a class=\"e-gallery-item elementor-gallery-item elementor-animated-content\" href=\"https:\/\/aigal.ch\/wp-content\/uploads\/2025\/02\/Aigal_042005_00930-scaled.jpg\" data-elementor-open-lightbox=\"yes\" data-elementor-lightbox-slideshow=\"b959edf\" data-elementor-lightbox-title=\"Aigal_042005_00930\" data-elementor-lightbox-description=\"Mariage au Ch\u00e2teau des Bois \u00e0 Satigny canton de Gen\u00e8ve\" data-e-action-hash=\"#elementor-action%3Aaction%3Dlightbox%26settings%3DeyJpZCI6NDcyNzIsInVybCI6Imh0dHBzOlwvXC9haWdhbC5jaFwvd3AtY29udGVudFwvdXBsb2Fkc1wvMjAyNVwvMDJcL0FpZ2FsXzA0MjAwNV8wMDkzMC1zY2FsZWQuanBnIiwic2xpZGVzaG93IjoiYjk1OWVkZiJ9\">\n\t\t\t\t\t<div class=\"e-gallery-image elementor-gallery-item__image\" data-thumbnail=\"https:\/\/aigal.ch\/wp-content\/uploads\/2025\/02\/Aigal_042005_00930-768x512.jpg\" data-width=\"768\" data-height=\"512\" aria-label=\"Mariage au Ch\u00e2teau des Bois \u00e0 Satigny canton de Gen\u00e8ve\" role=\"img\" ><\/div>\n\t\t\t\t\t\t\t\t\t\t\t\t\t\t<\/a>\n\t\t\t\t\t\t\t<a class=\"e-gallery-item elementor-gallery-item elementor-animated-content\" href=\"https:\/\/aigal.ch\/wp-content\/uploads\/2025\/02\/Aigal_042223_01405-scaled.jpg\" data-elementor-open-lightbox=\"yes\" data-elementor-lightbox-slideshow=\"b959edf\" data-elementor-lightbox-title=\"Aigal_042223_01405\" data-elementor-lightbox-description=\"Mariage au Ch\u00e2teau des Bois \u00e0 Satigny canton de Gen\u00e8ve\" data-e-action-hash=\"#elementor-action%3Aaction%3Dlightbox%26settings%3DeyJpZCI6NDcyNzMsInVybCI6Imh0dHBzOlwvXC9haWdhbC5jaFwvd3AtY29udGVudFwvdXBsb2Fkc1wvMjAyNVwvMDJcL0FpZ2FsXzA0MjIyM18wMTQwNS1zY2FsZWQuanBnIiwic2xpZGVzaG93IjoiYjk1OWVkZiJ9\">\n\t\t\t\t\t<div class=\"e-gallery-image elementor-gallery-item__image\" data-thumbnail=\"https:\/\/aigal.ch\/wp-content\/uploads\/2025\/02\/Aigal_042223_01405-768x512.jpg\" data-width=\"768\" data-height=\"512\" aria-label=\"Mariage au Ch\u00e2teau des Bois \u00e0 Satigny canton de Gen\u00e8ve\" role=\"img\" ><\/div>\n\t\t\t\t\t\t\t\t\t\t\t\t\t\t<\/a>\n\t\t\t\t\t\t\t<a class=\"e-gallery-item elementor-gallery-item elementor-animated-content\" href=\"https:\/\/aigal.ch\/wp-content\/uploads\/2025\/02\/Aigal_042224_01441-scaled.jpg\" data-elementor-open-lightbox=\"yes\" data-elementor-lightbox-slideshow=\"b959edf\" data-elementor-lightbox-title=\"Aigal_042224_01441\" data-elementor-lightbox-description=\"Mariage au Ch\u00e2teau des Bois \u00e0 Satigny canton de Gen\u00e8ve\" data-e-action-hash=\"#elementor-action%3Aaction%3Dlightbox%26settings%3DeyJpZCI6NDcyNzQsInVybCI6Imh0dHBzOlwvXC9haWdhbC5jaFwvd3AtY29udGVudFwvdXBsb2Fkc1wvMjAyNVwvMDJcL0FpZ2FsXzA0MjIyNF8wMTQ0MS1zY2FsZWQuanBnIiwic2xpZGVzaG93IjoiYjk1OWVkZiJ9\">\n\t\t\t\t\t<div class=\"e-gallery-image elementor-gallery-item__image\" data-thumbnail=\"https:\/\/aigal.ch\/wp-content\/uploads\/2025\/02\/Aigal_042224_01441-768x512.jpg\" data-width=\"768\" data-height=\"512\" aria-label=\"Mariage au Ch\u00e2teau des Bois \u00e0 Satigny canton de Gen\u00e8ve\" role=\"img\" ><\/div>\n\t\t\t\t\t\t\t\t\t\t\t\t\t\t<\/a>\n\t\t\t\t\t<\/div>\n\t\t\t\t\t<\/div>\n\t\t\t\t<\/div>\n\t\t\t\t<div class=\"elementor-element elementor-element-1d5e202 elementor-widget__width-inherit elementor-widget elementor-widget-post-info\" data-id=\"1d5e202\" data-element_type=\"widget\" data-e-type=\"widget\" data-widget_type=\"post-info.default\">\n\t\t\t\t<div class=\"elementor-widget-container\">\n\t\t\t\t\t\t\t<ul class=\"elementor-inline-items elementor-icon-list-items elementor-post-info\">\n\t\t\t\t\t\t\t\t<li class=\"elementor-icon-list-item elementor-repeater-item-0e4b037 elementor-inline-item\" itemprop=\"author\">\n\t\t\t\t\t\t<a href=\"https:\/\/aigal.ch\/en\/author\/emeric\/\">\n\t\t\t\t\t\t\t\t\t\t\t\t\t\t<span class=\"elementor-icon-list-text elementor-post-info__item elementor-post-info__item--type-author\">\n\t\t\t\t\t\t\t<span class=\"elementor-post-info__item-prefix\">Par <\/span>\n\t\t\t\t\t\t\t\t\t\tEmeric\t\t\t\t\t<\/span>\n\t\t\t\t\t\t\t\t\t<\/a>\n\t\t\t\t<\/li>\n\t\t\t\t<li class=\"elementor-icon-list-item elementor-repeater-item-a6868c4 elementor-inline-item\" itemprop=\"datePublished\">\n\t\t\t\t\t\t\t\t\t\t\t\t\t<span class=\"elementor-icon-list-text elementor-post-info__item elementor-post-info__item--type-date\">\n\t\t\t\t\t\t\t<span class=\"elementor-post-info__item-prefix\">, le<\/span>\n\t\t\t\t\t\t\t\t\t\t<time>04.10.24<\/time>\t\t\t\t\t<\/span>\n\t\t\t\t\t\t\t\t<\/li>\n\t\t\t\t<li class=\"elementor-icon-list-item elementor-repeater-item-c3234bb elementor-inline-item\" itemprop=\"about\">\n\t\t\t\t\t\t\t\t\t\t\t\t\t<span class=\"elementor-icon-list-text elementor-post-info__item elementor-post-info__item--type-terms\">\n\t\t\t\t\t\t\t<span class=\"elementor-post-info__item-prefix\">, dans la cat\u00e9gorie :<\/span>\n\t\t\t\t\t\t\t\t\t\t<span class=\"elementor-post-info__terms-list\">\n\t\t\t\t<a href=\"https:\/\/aigal.ch\/en\/category\/mariage\/\" class=\"elementor-post-info__terms-list-item\">Mariage<\/a>\t\t\t\t<\/span>\n\t\t\t\t\t<\/span>\n\t\t\t\t\t\t\t\t<\/li>\n\t\t\t\t<li class=\"elementor-icon-list-item elementor-repeater-item-b2b036f elementor-inline-item\" itemprop=\"about\">\n\t\t\t\t\t\t\t\t\t\t\t\t\t<span class=\"elementor-icon-list-text elementor-post-info__item elementor-post-info__item--type-terms\">\n\t\t\t\t\t\t\t<span class=\"elementor-post-info__item-prefix\">, mots cl\u00e9s :<\/span>\n\t\t\t\t\t\t\t\t\t\t<span class=\"elementor-post-info__terms-list\">\n\t\t\t\t<a href=\"https:\/\/aigal.ch\/en\/tag\/chateau-des-bois\/\" class=\"elementor-post-info__terms-list-item\">Ch\u00e2teau des Bois<\/a>, <a href=\"https:\/\/aigal.ch\/en\/tag\/geneve\/\" class=\"elementor-post-info__terms-list-item\">Geneva<\/a>, <a href=\"https:\/\/aigal.ch\/en\/tag\/mariage\/\" class=\"elementor-post-info__terms-list-item\">Mariage<\/a>, <a href=\"https:\/\/aigal.ch\/en\/tag\/satigny\/\" class=\"elementor-post-info__terms-list-item\">Satigny<\/a>, <a href=\"https:\/\/aigal.ch\/en\/tag\/suisse\/\" class=\"elementor-post-info__terms-list-item\">Switzerland<\/a>\t\t\t\t<\/span>\n\t\t\t\t\t<\/span>\n\t\t\t\t\t\t\t\t<\/li>\n\t\t\t\t<\/ul>\n\t\t\t\t\t\t<\/div>\n\t\t\t\t<\/div>\n\t\t\t\t<div class=\"elementor-element elementor-element-093587b elementor-widget__width-inherit elementor-widget elementor-widget-heading\" data-id=\"093587b\" data-element_type=\"widget\" data-e-type=\"widget\" data-widget_type=\"heading.default\">\n\t\t\t\t<div class=\"elementor-widget-container\">\n\t\t\t\t\t<h3 class=\"elementor-heading-title elementor-size-default\">D\u00e9couvrez nos autres mariages<\/h3>\t\t\t\t<\/div>\n\t\t\t\t<\/div>\n\t\t\t\t<div class=\"elementor-element elementor-element-3c314d6 elementor-widget__width-inherit elementor-arrows-position-inside elementor-widget elementor-widget-loop-carousel\" data-id=\"3c314d6\" data-element_type=\"widget\" data-e-type=\"widget\" data-settings=\"{&quot;template_id&quot;:&quot;37252&quot;,&quot;slides_to_show_tablet&quot;:&quot;3&quot;,&quot;slides_to_show_mobile&quot;:&quot;2&quot;,&quot;image_spacing_custom&quot;:{&quot;unit&quot;:&quot;px&quot;,&quot;size&quot;:30,&quot;sizes&quot;:[]},&quot;image_spacing_custom_mobile&quot;:{&quot;unit&quot;:&quot;px&quot;,&quot;size&quot;:2,&quot;sizes&quot;:[]},&quot;_skin&quot;:&quot;post&quot;,&quot;slides_to_show&quot;:&quot;3&quot;,&quot;edit_handle_selector&quot;:&quot;.elementor-loop-container&quot;,&quot;autoplay&quot;:&quot;yes&quot;,&quot;autoplay_speed&quot;:5000,&quot;pause_on_hover&quot;:&quot;yes&quot;,&quot;pause_on_interaction&quot;:&quot;yes&quot;,&quot;infinite&quot;:&quot;yes&quot;,&quot;speed&quot;:500,&quot;offset_sides&quot;:&quot;none&quot;,&quot;arrows&quot;:&quot;yes&quot;,&quot;image_spacing_custom_tablet&quot;:{&quot;unit&quot;:&quot;px&quot;,&quot;size&quot;:&quot;&quot;,&quot;sizes&quot;:[]}}\" data-widget_type=\"loop-carousel.post\">\n\t\t\t\t<div class=\"elementor-widget-container\">\n\t\t\t\t\t\t\t<div class=\"e-loop-nothing-found-message\">\n\t\t<\/div>\n\t\t\t\t\t\t<\/div>\n\t\t\t\t<\/div>\n\t\t\t\t\t<\/div>\n\t\t\t\t<\/div>\n\t\t\t\t<\/div>\n\t\t\t\t<\/div>\n\t\t\t\t\t\t<\/div>\n\t\t\t\t<\/div>\n\t\t\t\t<\/div>\n\t\t\t\t<\/div>","protected":false},"excerpt":{"rendered":"","protected":false},"author":1,"featured_media":47261,"comment_status":"closed","ping_status":"closed","sticky":false,"template":"","format":"standard","meta":{"_acf_changed":false,"footnotes":""},"categories":[115],"tags":[323,117,113,327,128],"class_list":["post-47220","post","type-post","status-publish","format-standard","has-post-thumbnail","hentry","category-mariage","tag-chateau-des-bois","tag-geneve","tag-mariage","tag-satigny","tag-suisse"],"acf":[],"_links":{"self":[{"href":"https:\/\/aigal.ch\/en\/wp-json\/wp\/v2\/posts\/47220","targetHints":{"allow":["GET"]}}],"collection":[{"href":"https:\/\/aigal.ch\/en\/wp-json\/wp\/v2\/posts"}],"about":[{"href":"https:\/\/aigal.ch\/en\/wp-json\/wp\/v2\/types\/post"}],"author":[{"embeddable":true,"href":"https:\/\/aigal.ch\/en\/wp-json\/wp\/v2\/users\/1"}],"replies":[{"embeddable":true,"href":"https:\/\/aigal.ch\/en\/wp-json\/wp\/v2\/comments?post=47220"}],"version-history":[{"count":8,"href":"https:\/\/aigal.ch\/en\/wp-json\/wp\/v2\/posts\/47220\/revisions"}],"predecessor-version":[{"id":48141,"href":"https:\/\/aigal.ch\/en\/wp-json\/wp\/v2\/posts\/47220\/revisions\/48141"}],"wp:featuredmedia":[{"embeddable":true,"href":"https:\/\/aigal.ch\/en\/wp-json\/wp\/v2\/media\/47261"}],"wp:attachment":[{"href":"https:\/\/aigal.ch\/en\/wp-json\/wp\/v2\/media?parent=47220"}],"wp:term":[{"taxonomy":"category","embeddable":true,"href":"https:\/\/aigal.ch\/en\/wp-json\/wp\/v2\/categories?post=47220"},{"taxonomy":"post_tag","embeddable":true,"href":"https:\/\/aigal.ch\/en\/wp-json\/wp\/v2\/tags?post=47220"}],"curies":[{"name":"wp","href":"https:\/\/api.w.org\/{rel}","templated":true}]}}