{"id":48110,"date":"2025-08-28T12:16:55","date_gmt":"2025-08-28T10:16:55","guid":{"rendered":"https:\/\/aigal.ch\/?p=48110"},"modified":"2025-08-28T20:28:50","modified_gmt":"2025-08-28T18:28:50","slug":"salles-particulieres-a-geneve-mariage-au-palais-eynard","status":"publish","type":"post","link":"https:\/\/aigal.ch\/en\/salles-particulieres-a-geneve-mariage-au-palais-eynard\/","title":{"rendered":"Exclusive wedding venues in Geneva : a wedding at Palais Eynard"},"content":{"rendered":"<div data-elementor-type=\"wp-post\" data-elementor-id=\"48110\" class=\"elementor elementor-48110\" data-elementor-post-type=\"post\">\n\t\t\t\t<div class=\"elementor-element elementor-element-e76d44a e-con-full e-flex e-con e-parent\" data-id=\"e76d44a\" data-element_type=\"container\" data-e-type=\"container\">\n\t\t\t\t<div class=\"elementor-element elementor-element-fad076a elementor-widget elementor-widget-template\" data-id=\"fad076a\" data-element_type=\"widget\" data-e-type=\"widget\" data-widget_type=\"template.default\">\n\t\t\t\t<div class=\"elementor-widget-container\">\n\t\t\t\t\t\t\t<div class=\"elementor-template\">\n\t\t\t\t\t<div data-elementor-type=\"page\" data-elementor-id=\"36238\" class=\"elementor elementor-36238\" data-elementor-post-type=\"elementor_library\">\n\t\t\t\t<div class=\"elementor-element elementor-element-37e4718 e-con-full e-flex e-con e-parent\" data-id=\"37e4718\" data-element_type=\"container\" data-e-type=\"container\" data-settings=\"{&quot;background_background&quot;:&quot;classic&quot;}\">\n\t\t\t\t<div class=\"elementor-element elementor-element-1c5c428 elementor-widget__width-inherit elementor-widget elementor-widget-text-editor\" data-id=\"1c5c428\" data-element_type=\"widget\" data-e-type=\"widget\" data-widget_type=\"text-editor.default\">\n\t\t\t\t<div class=\"elementor-widget-container\">\n\t\t\t\t\t\t\t\t\t<nav aria-label=\"breadcrumbs\" class=\"rank-math-breadcrumb\"><p><span class=\"last\">Aigal Wedding<\/span><\/p><\/nav>\t\t\t\t\t\t\t\t<\/div>\n\t\t\t\t<\/div>\n\t\t\t\t<\/div>\n\t\t<div class=\"elementor-element elementor-element-31ee0de e-flex e-con-boxed e-con e-parent\" data-id=\"31ee0de\" data-element_type=\"container\" data-e-type=\"container\">\n\t\t\t\t\t<div class=\"e-con-inner\">\n\t\t\t\t<div class=\"elementor-element elementor-element-715053b elementor-widget__width-inherit elementor-widget elementor-widget-heading\" data-id=\"715053b\" data-element_type=\"widget\" data-e-type=\"widget\" data-widget_type=\"heading.default\">\n\t\t\t\t<div class=\"elementor-widget-container\">\n\t\t\t\t\t<h1 class=\"elementor-heading-title elementor-size-default\">Salles particuli\u00e8res \u00e0 Gen\u00e8ve - Mariage au Palais Eynard<\/h1>\t\t\t\t<\/div>\n\t\t\t\t<\/div>\n\t\t<div class=\"elementor-element elementor-element-c4f3c9d e-con-full e-flex e-con e-child\" data-id=\"c4f3c9d\" data-element_type=\"container\" data-e-type=\"container\">\n\t\t<div class=\"elementor-element elementor-element-8aeaa66 e-con-full e-flex e-con e-child\" data-id=\"8aeaa66\" data-element_type=\"container\" data-e-type=\"container\" data-settings=\"{&quot;background_background&quot;:&quot;classic&quot;}\">\n\t\t\t\t<\/div>\n\t\t\t\t<div class=\"elementor-element elementor-element-eff9517 elementor-widget__width-initial elementor-widget-mobile__width-inherit elementor-widget elementor-widget-text-editor\" data-id=\"eff9517\" data-element_type=\"widget\" data-e-type=\"widget\" data-widget_type=\"text-editor.default\">\n\t\t\t\t<div class=\"elementor-widget-container\">\n\t\t\t\t\t\t\t\t\t<h2><strong>Un mariage civil \u00e9l\u00e9gant au Palais Eynard \u00e0 Gen\u00e8ve<\/strong><\/h2>\n<p>En f\u00e9vrier dernier, Yasmine et Brad ont choisi le <a href=\"https:\/\/www.geneve.ch\/palais-anna-jean-gabriel-eynard-hotel-municipal\" target=\"_blank\" rel=\"noopener\"><strong>Palais Eynard<\/strong><\/a>, l\u2019un des joyaux du patrimoine genevois et \u00ab\u00a0<a title=\"Salles particuli\u00e8res \u00e0 Gen\u00e8ve\" href=\"https:\/\/www.geneve.ch\/themes\/civil-parcours-vie\/marier-convertir-partenariat\/lieux-celebration\" target=\"_blank\" rel=\"noopener\">salle particuli\u00e8re<\/a>\u00a0\u00bb pour leur mariage civil. Situ\u00e9 en plein c\u0153ur de la ville, ce lieu embl\u00e9matique allie le prestige d\u2019une architecture n\u00e9oclassique du XIXe si\u00e8cle et le charme intemporel de ses salons richement d\u00e9cor\u00e9s. Avec ses hauts plafonds, ses moulures raffin\u00e9es et ses grandes fen\u00eatres laissant entrer une lumi\u00e8re naturelle g\u00e9n\u00e9reuse, le Palais Eynard offre un cadre id\u00e9al pour des c\u00e9r\u00e9monies intimistes ou plus imposantes, tout en restant accessible en centre-ville.<\/p>\n<p>Ce jour-l\u00e0, malgr\u00e9 la saison hivernale, un soleil radieux a illumin\u00e9 les fa\u00e7ades du palais et sublim\u00e9 les moments partag\u00e9s. Les mari\u00e9s ont pu profiter de la s\u00e9r\u00e9nit\u00e9 des lieux, o\u00f9 chaque d\u00e9tail architectural \u2013 des escaliers majestueux aux boiseries anciennes \u2013 ajoute une touche d\u2019exception aux photos. En tant que photographe de mariage \u00e0 Gen\u00e8ve, c\u2019est toujours un plaisir de travailler dans ce cadre, o\u00f9 l\u2019histoire et l\u2019\u00e9l\u00e9gance se m\u00ealent pour cr\u00e9er des souvenirs inoubliables. Un grand merci \u00e0 Yasmine et Brad pour leur confiance !<\/p>\n\t\t\t\t\t\t\t\t<\/div>\n\t\t\t\t<\/div>\n\t\t\t\t<\/div>\n\t\t\t\t<div class=\"elementor-element elementor-element-a936e0e elementor-widget__width-inherit elementor-widget elementor-widget-heading\" data-id=\"a936e0e\" data-element_type=\"widget\" data-e-type=\"widget\" data-widget_type=\"heading.default\">\n\t\t\t\t<div class=\"elementor-widget-container\">\n\t\t\t\t\t<h3 class=\"elementor-heading-title elementor-size-default\">Quelques photos de leur mariage<\/h3>\t\t\t\t<\/div>\n\t\t\t\t<\/div>\n\t\t\t\t<div class=\"elementor-element elementor-element-2b1bea4 elementor-widget__width-inherit elementor-widget elementor-widget-text-editor\" data-id=\"2b1bea4\" data-element_type=\"widget\" data-e-type=\"widget\" data-widget_type=\"text-editor.default\">\n\t\t\t\t<div class=\"elementor-widget-container\">\n\t\t\t\t\t\t\t\t\tNous avons veill\u00e9 \u00e0 ne publier que des photos qui respectent la confidentialit\u00e9 et les souhaits de nos clients.\t\t\t\t\t\t\t\t<\/div>\n\t\t\t\t<\/div>\n\t\t\t\t<div class=\"elementor-element elementor-element-b959edf elementor-widget__width-inherit elementor-widget elementor-widget-gallery\" data-id=\"b959edf\" data-element_type=\"widget\" data-e-type=\"widget\" data-settings=\"{&quot;gap&quot;:{&quot;unit&quot;:&quot;px&quot;,&quot;size&quot;:20,&quot;sizes&quot;:[]},&quot;columns_mobile&quot;:3,&quot;gallery_layout&quot;:&quot;masonry&quot;,&quot;columns_tablet&quot;:3,&quot;lazyload&quot;:&quot;yes&quot;,&quot;columns&quot;:4,&quot;gap_tablet&quot;:{&quot;unit&quot;:&quot;px&quot;,&quot;size&quot;:10,&quot;sizes&quot;:[]},&quot;gap_mobile&quot;:{&quot;unit&quot;:&quot;px&quot;,&quot;size&quot;:10,&quot;sizes&quot;:[]},&quot;link_to&quot;:&quot;file&quot;,&quot;content_hover_animation&quot;:&quot;fade-in&quot;}\" data-widget_type=\"gallery.default\">\n\t\t\t\t<div class=\"elementor-widget-container\">\n\t\t\t\t\t\t\t<div class=\"elementor-gallery__container\">\n\t\t\t\t\t\t\t<a class=\"e-gallery-item elementor-gallery-item elementor-animated-content\" href=\"https:\/\/aigal.ch\/wp-content\/uploads\/2025\/08\/Aigal_211355_00076-scaled.jpg\" data-elementor-open-lightbox=\"yes\" data-elementor-lightbox-slideshow=\"b959edf\" data-elementor-lightbox-title=\"Aigal_211355_00076\" data-elementor-lightbox-description=\"Mariage civil au Palais Eynard \u00e0 Gen\u00e8ve\" data-e-action-hash=\"#elementor-action%3Aaction%3Dlightbox%26settings%3DeyJpZCI6NDgxNzYsInVybCI6Imh0dHBzOlwvXC9haWdhbC5jaFwvd3AtY29udGVudFwvdXBsb2Fkc1wvMjAyNVwvMDhcL0FpZ2FsXzIxMTM1NV8wMDA3Ni1zY2FsZWQuanBnIiwic2xpZGVzaG93IjoiYjk1OWVkZiJ9\">\n\t\t\t\t\t<div class=\"e-gallery-image elementor-gallery-item__image\" data-thumbnail=\"https:\/\/aigal.ch\/wp-content\/uploads\/2025\/08\/Aigal_211355_00076-768x1152.jpg\" data-width=\"768\" data-height=\"1152\" aria-label=\"Mariage civil au Palais Eynard \u00e0 Gen\u00e8ve\" role=\"img\" ><\/div>\n\t\t\t\t\t\t\t\t\t\t\t\t\t\t<\/a>\n\t\t\t\t\t\t\t<a class=\"e-gallery-item elementor-gallery-item elementor-animated-content\" href=\"https:\/\/aigal.ch\/wp-content\/uploads\/2025\/08\/Aigal_211356_00095-scaled.jpg\" data-elementor-open-lightbox=\"yes\" data-elementor-lightbox-slideshow=\"b959edf\" data-elementor-lightbox-title=\"Aigal_211356_00095\" data-elementor-lightbox-description=\"Mariage civil au Palais Eynard \u00e0 Gen\u00e8ve\" data-e-action-hash=\"#elementor-action%3Aaction%3Dlightbox%26settings%3DeyJpZCI6NDgxNzcsInVybCI6Imh0dHBzOlwvXC9haWdhbC5jaFwvd3AtY29udGVudFwvdXBsb2Fkc1wvMjAyNVwvMDhcL0FpZ2FsXzIxMTM1Nl8wMDA5NS1zY2FsZWQuanBnIiwic2xpZGVzaG93IjoiYjk1OWVkZiJ9\">\n\t\t\t\t\t<div class=\"e-gallery-image elementor-gallery-item__image\" data-thumbnail=\"https:\/\/aigal.ch\/wp-content\/uploads\/2025\/08\/Aigal_211356_00095-768x1152.jpg\" data-width=\"768\" data-height=\"1152\" aria-label=\"Mariage civil au Palais Eynard \u00e0 Gen\u00e8ve\" role=\"img\" ><\/div>\n\t\t\t\t\t\t\t\t\t\t\t\t\t\t<\/a>\n\t\t\t\t\t\t\t<a class=\"e-gallery-item elementor-gallery-item elementor-animated-content\" href=\"https:\/\/aigal.ch\/wp-content\/uploads\/2025\/08\/Aigal_211400_00129-scaled.jpg\" data-elementor-open-lightbox=\"yes\" data-elementor-lightbox-slideshow=\"b959edf\" data-elementor-lightbox-title=\"Aigal_211400_00129\" data-elementor-lightbox-description=\"Mariage civil au Palais Eynard \u00e0 Gen\u00e8ve\" data-e-action-hash=\"#elementor-action%3Aaction%3Dlightbox%26settings%3DeyJpZCI6NDgxNzgsInVybCI6Imh0dHBzOlwvXC9haWdhbC5jaFwvd3AtY29udGVudFwvdXBsb2Fkc1wvMjAyNVwvMDhcL0FpZ2FsXzIxMTQwMF8wMDEyOS1zY2FsZWQuanBnIiwic2xpZGVzaG93IjoiYjk1OWVkZiJ9\">\n\t\t\t\t\t<div class=\"e-gallery-image elementor-gallery-item__image\" data-thumbnail=\"https:\/\/aigal.ch\/wp-content\/uploads\/2025\/08\/Aigal_211400_00129-768x1152.jpg\" data-width=\"768\" data-height=\"1152\" aria-label=\"Mariage civil au Palais Eynard \u00e0 Gen\u00e8ve\" role=\"img\" ><\/div>\n\t\t\t\t\t\t\t\t\t\t\t\t\t\t<\/a>\n\t\t\t\t\t\t\t<a class=\"e-gallery-item elementor-gallery-item elementor-animated-content\" href=\"https:\/\/aigal.ch\/wp-content\/uploads\/2025\/08\/Aigal_211402_00152-scaled.jpg\" data-elementor-open-lightbox=\"yes\" data-elementor-lightbox-slideshow=\"b959edf\" data-elementor-lightbox-title=\"Aigal_211402_00152\" data-elementor-lightbox-description=\"Mariage civil au Palais Eynard \u00e0 Gen\u00e8ve\" data-e-action-hash=\"#elementor-action%3Aaction%3Dlightbox%26settings%3DeyJpZCI6NDgxNzksInVybCI6Imh0dHBzOlwvXC9haWdhbC5jaFwvd3AtY29udGVudFwvdXBsb2Fkc1wvMjAyNVwvMDhcL0FpZ2FsXzIxMTQwMl8wMDE1Mi1zY2FsZWQuanBnIiwic2xpZGVzaG93IjoiYjk1OWVkZiJ9\">\n\t\t\t\t\t<div class=\"e-gallery-image elementor-gallery-item__image\" data-thumbnail=\"https:\/\/aigal.ch\/wp-content\/uploads\/2025\/08\/Aigal_211402_00152-768x1152.jpg\" data-width=\"768\" data-height=\"1152\" aria-label=\"Mariage civil au Palais Eynard \u00e0 Gen\u00e8ve\" role=\"img\" ><\/div>\n\t\t\t\t\t\t\t\t\t\t\t\t\t\t<\/a>\n\t\t\t\t\t\t\t<a class=\"e-gallery-item elementor-gallery-item elementor-animated-content\" href=\"https:\/\/aigal.ch\/wp-content\/uploads\/2025\/08\/Aigal_211402_00154-scaled.jpg\" data-elementor-open-lightbox=\"yes\" data-elementor-lightbox-slideshow=\"b959edf\" data-elementor-lightbox-title=\"Aigal_211402_00154\" data-elementor-lightbox-description=\"Mariage civil au Palais Eynard \u00e0 Gen\u00e8ve\" data-e-action-hash=\"#elementor-action%3Aaction%3Dlightbox%26settings%3DeyJpZCI6NDgxODAsInVybCI6Imh0dHBzOlwvXC9haWdhbC5jaFwvd3AtY29udGVudFwvdXBsb2Fkc1wvMjAyNVwvMDhcL0FpZ2FsXzIxMTQwMl8wMDE1NC1zY2FsZWQuanBnIiwic2xpZGVzaG93IjoiYjk1OWVkZiJ9\">\n\t\t\t\t\t<div class=\"e-gallery-image elementor-gallery-item__image\" data-thumbnail=\"https:\/\/aigal.ch\/wp-content\/uploads\/2025\/08\/Aigal_211402_00154-768x1152.jpg\" data-width=\"768\" data-height=\"1152\" aria-label=\"Mariage civil au Palais Eynard \u00e0 Gen\u00e8ve\" role=\"img\" ><\/div>\n\t\t\t\t\t\t\t\t\t\t\t\t\t\t<\/a>\n\t\t\t\t\t\t\t<a class=\"e-gallery-item elementor-gallery-item elementor-animated-content\" href=\"https:\/\/aigal.ch\/wp-content\/uploads\/2025\/08\/Aigal_211419_00504-scaled.jpg\" data-elementor-open-lightbox=\"yes\" data-elementor-lightbox-slideshow=\"b959edf\" data-elementor-lightbox-title=\"Aigal_211419_00504\" data-elementor-lightbox-description=\"Mariage civil au Palais Eynard \u00e0 Gen\u00e8ve\" data-e-action-hash=\"#elementor-action%3Aaction%3Dlightbox%26settings%3DeyJpZCI6NDgxODEsInVybCI6Imh0dHBzOlwvXC9haWdhbC5jaFwvd3AtY29udGVudFwvdXBsb2Fkc1wvMjAyNVwvMDhcL0FpZ2FsXzIxMTQxOV8wMDUwNC1zY2FsZWQuanBnIiwic2xpZGVzaG93IjoiYjk1OWVkZiJ9\">\n\t\t\t\t\t<div class=\"e-gallery-image elementor-gallery-item__image\" data-thumbnail=\"https:\/\/aigal.ch\/wp-content\/uploads\/2025\/08\/Aigal_211419_00504-768x1152.jpg\" data-width=\"768\" data-height=\"1152\" aria-label=\"Mariage civil au Palais Eynard \u00e0 Gen\u00e8ve\" role=\"img\" ><\/div>\n\t\t\t\t\t\t\t\t\t\t\t\t\t\t<\/a>\n\t\t\t\t\t\t\t<a class=\"e-gallery-item elementor-gallery-item elementor-animated-content\" href=\"https:\/\/aigal.ch\/wp-content\/uploads\/2025\/08\/Aigal_211420_00535-scaled.jpg\" data-elementor-open-lightbox=\"yes\" data-elementor-lightbox-slideshow=\"b959edf\" data-elementor-lightbox-title=\"Aigal_211420_00535\" data-elementor-lightbox-description=\"Mariage civil au Palais Eynard \u00e0 Gen\u00e8ve\" data-e-action-hash=\"#elementor-action%3Aaction%3Dlightbox%26settings%3DeyJpZCI6NDgxODMsInVybCI6Imh0dHBzOlwvXC9haWdhbC5jaFwvd3AtY29udGVudFwvdXBsb2Fkc1wvMjAyNVwvMDhcL0FpZ2FsXzIxMTQyMF8wMDUzNS1zY2FsZWQuanBnIiwic2xpZGVzaG93IjoiYjk1OWVkZiJ9\">\n\t\t\t\t\t<div class=\"e-gallery-image elementor-gallery-item__image\" data-thumbnail=\"https:\/\/aigal.ch\/wp-content\/uploads\/2025\/08\/Aigal_211420_00535-768x1152.jpg\" data-width=\"768\" data-height=\"1152\" aria-label=\"Mariage civil au Palais Eynard \u00e0 Gen\u00e8ve\" role=\"img\" ><\/div>\n\t\t\t\t\t\t\t\t\t\t\t\t\t\t<\/a>\n\t\t\t\t\t\t\t<a class=\"e-gallery-item elementor-gallery-item elementor-animated-content\" href=\"https:\/\/aigal.ch\/wp-content\/uploads\/2025\/08\/Aigal_211422_00554-scaled.jpg\" data-elementor-open-lightbox=\"yes\" data-elementor-lightbox-slideshow=\"b959edf\" data-elementor-lightbox-title=\"Aigal_211422_00554\" data-elementor-lightbox-description=\"Mariage civil au Palais Eynard \u00e0 Gen\u00e8ve\" data-e-action-hash=\"#elementor-action%3Aaction%3Dlightbox%26settings%3DeyJpZCI6NDgxODQsInVybCI6Imh0dHBzOlwvXC9haWdhbC5jaFwvd3AtY29udGVudFwvdXBsb2Fkc1wvMjAyNVwvMDhcL0FpZ2FsXzIxMTQyMl8wMDU1NC1zY2FsZWQuanBnIiwic2xpZGVzaG93IjoiYjk1OWVkZiJ9\">\n\t\t\t\t\t<div class=\"e-gallery-image elementor-gallery-item__image\" data-thumbnail=\"https:\/\/aigal.ch\/wp-content\/uploads\/2025\/08\/Aigal_211422_00554-768x1152.jpg\" data-width=\"768\" data-height=\"1152\" aria-label=\"Mariage civil au Palais Eynard \u00e0 Gen\u00e8ve\" role=\"img\" ><\/div>\n\t\t\t\t\t\t\t\t\t\t\t\t\t\t<\/a>\n\t\t\t\t\t\t\t<a class=\"e-gallery-item elementor-gallery-item elementor-animated-content\" href=\"https:\/\/aigal.ch\/wp-content\/uploads\/2025\/08\/Aigal_211423_00586-scaled.jpg\" data-elementor-open-lightbox=\"yes\" data-elementor-lightbox-slideshow=\"b959edf\" data-elementor-lightbox-title=\"Aigal_211423_00586\" data-elementor-lightbox-description=\"Mariage civil au Palais Eynard \u00e0 Gen\u00e8ve\" data-e-action-hash=\"#elementor-action%3Aaction%3Dlightbox%26settings%3DeyJpZCI6NDgxODUsInVybCI6Imh0dHBzOlwvXC9haWdhbC5jaFwvd3AtY29udGVudFwvdXBsb2Fkc1wvMjAyNVwvMDhcL0FpZ2FsXzIxMTQyM18wMDU4Ni1zY2FsZWQuanBnIiwic2xpZGVzaG93IjoiYjk1OWVkZiJ9\">\n\t\t\t\t\t<div class=\"e-gallery-image elementor-gallery-item__image\" data-thumbnail=\"https:\/\/aigal.ch\/wp-content\/uploads\/2025\/08\/Aigal_211423_00586-768x1152.jpg\" data-width=\"768\" data-height=\"1152\" aria-label=\"Mariage civil au Palais Eynard \u00e0 Gen\u00e8ve\" role=\"img\" ><\/div>\n\t\t\t\t\t\t\t\t\t\t\t\t\t\t<\/a>\n\t\t\t\t\t\t\t<a class=\"e-gallery-item elementor-gallery-item elementor-animated-content\" href=\"https:\/\/aigal.ch\/wp-content\/uploads\/2025\/08\/Aigal_211423_00594-scaled.jpg\" data-elementor-open-lightbox=\"yes\" data-elementor-lightbox-slideshow=\"b959edf\" data-elementor-lightbox-title=\"Aigal_211423_00594\" data-elementor-lightbox-description=\"Mariage civil au Palais Eynard \u00e0 Gen\u00e8ve\" data-e-action-hash=\"#elementor-action%3Aaction%3Dlightbox%26settings%3DeyJpZCI6NDgxODcsInVybCI6Imh0dHBzOlwvXC9haWdhbC5jaFwvd3AtY29udGVudFwvdXBsb2Fkc1wvMjAyNVwvMDhcL0FpZ2FsXzIxMTQyM18wMDU5NC1zY2FsZWQuanBnIiwic2xpZGVzaG93IjoiYjk1OWVkZiJ9\">\n\t\t\t\t\t<div class=\"e-gallery-image elementor-gallery-item__image\" data-thumbnail=\"https:\/\/aigal.ch\/wp-content\/uploads\/2025\/08\/Aigal_211423_00594-768x1152.jpg\" data-width=\"768\" data-height=\"1152\" aria-label=\"Mariage civil au Palais Eynard \u00e0 Gen\u00e8ve\" role=\"img\" ><\/div>\n\t\t\t\t\t\t\t\t\t\t\t\t\t\t<\/a>\n\t\t\t\t\t\t\t<a class=\"e-gallery-item elementor-gallery-item elementor-animated-content\" href=\"https:\/\/aigal.ch\/wp-content\/uploads\/2025\/08\/Aigal_211424_00629-scaled.jpg\" data-elementor-open-lightbox=\"yes\" data-elementor-lightbox-slideshow=\"b959edf\" data-elementor-lightbox-title=\"Aigal_211424_00629\" data-elementor-lightbox-description=\"Mariage civil au Palais Eynard \u00e0 Gen\u00e8ve\" data-e-action-hash=\"#elementor-action%3Aaction%3Dlightbox%26settings%3DeyJpZCI6NDgxOTAsInVybCI6Imh0dHBzOlwvXC9haWdhbC5jaFwvd3AtY29udGVudFwvdXBsb2Fkc1wvMjAyNVwvMDhcL0FpZ2FsXzIxMTQyNF8wMDYyOS1zY2FsZWQuanBnIiwic2xpZGVzaG93IjoiYjk1OWVkZiJ9\">\n\t\t\t\t\t<div class=\"e-gallery-image elementor-gallery-item__image\" data-thumbnail=\"https:\/\/aigal.ch\/wp-content\/uploads\/2025\/08\/Aigal_211424_00629-768x1152.jpg\" data-width=\"768\" data-height=\"1152\" aria-label=\"Mariage civil au Palais Eynard \u00e0 Gen\u00e8ve\" role=\"img\" ><\/div>\n\t\t\t\t\t\t\t\t\t\t\t\t\t\t<\/a>\n\t\t\t\t\t\t\t<a class=\"e-gallery-item elementor-gallery-item elementor-animated-content\" href=\"https:\/\/aigal.ch\/wp-content\/uploads\/2025\/08\/Aigal_211426_00682-scaled.jpg\" data-elementor-open-lightbox=\"yes\" data-elementor-lightbox-slideshow=\"b959edf\" data-elementor-lightbox-title=\"Aigal_211426_00682\" data-elementor-lightbox-description=\"Mariage civil au Palais Eynard \u00e0 Gen\u00e8ve\" data-e-action-hash=\"#elementor-action%3Aaction%3Dlightbox%26settings%3DeyJpZCI6NDgxOTEsInVybCI6Imh0dHBzOlwvXC9haWdhbC5jaFwvd3AtY29udGVudFwvdXBsb2Fkc1wvMjAyNVwvMDhcL0FpZ2FsXzIxMTQyNl8wMDY4Mi1zY2FsZWQuanBnIiwic2xpZGVzaG93IjoiYjk1OWVkZiJ9\">\n\t\t\t\t\t<div class=\"e-gallery-image elementor-gallery-item__image\" data-thumbnail=\"https:\/\/aigal.ch\/wp-content\/uploads\/2025\/08\/Aigal_211426_00682-768x1152.jpg\" data-width=\"768\" data-height=\"1152\" aria-label=\"Mariage civil au Palais Eynard \u00e0 Gen\u00e8ve\" role=\"img\" ><\/div>\n\t\t\t\t\t\t\t\t\t\t\t\t\t\t<\/a>\n\t\t\t\t\t\t\t<a class=\"e-gallery-item elementor-gallery-item elementor-animated-content\" href=\"https:\/\/aigal.ch\/wp-content\/uploads\/2025\/08\/Aigal_211427_00692-scaled.jpg\" data-elementor-open-lightbox=\"yes\" data-elementor-lightbox-slideshow=\"b959edf\" data-elementor-lightbox-title=\"Aigal_211427_00692\" data-elementor-lightbox-description=\"Mariage civil au Palais Eynard \u00e0 Gen\u00e8ve\" data-e-action-hash=\"#elementor-action%3Aaction%3Dlightbox%26settings%3DeyJpZCI6NDgxOTIsInVybCI6Imh0dHBzOlwvXC9haWdhbC5jaFwvd3AtY29udGVudFwvdXBsb2Fkc1wvMjAyNVwvMDhcL0FpZ2FsXzIxMTQyN18wMDY5Mi1zY2FsZWQuanBnIiwic2xpZGVzaG93IjoiYjk1OWVkZiJ9\">\n\t\t\t\t\t<div class=\"e-gallery-image elementor-gallery-item__image\" data-thumbnail=\"https:\/\/aigal.ch\/wp-content\/uploads\/2025\/08\/Aigal_211427_00692-768x1152.jpg\" data-width=\"768\" data-height=\"1152\" aria-label=\"Mariage civil au Palais Eynard \u00e0 Gen\u00e8ve\" role=\"img\" ><\/div>\n\t\t\t\t\t\t\t\t\t\t\t\t\t\t<\/a>\n\t\t\t\t\t\t\t<a class=\"e-gallery-item elementor-gallery-item elementor-animated-content\" href=\"https:\/\/aigal.ch\/wp-content\/uploads\/2025\/08\/Aigal_211427_00701-scaled.jpg\" data-elementor-open-lightbox=\"yes\" data-elementor-lightbox-slideshow=\"b959edf\" data-elementor-lightbox-title=\"Aigal_211427_00701\" data-elementor-lightbox-description=\"Mariage civil au Palais Eynard \u00e0 Gen\u00e8ve\" data-e-action-hash=\"#elementor-action%3Aaction%3Dlightbox%26settings%3DeyJpZCI6NDgxOTQsInVybCI6Imh0dHBzOlwvXC9haWdhbC5jaFwvd3AtY29udGVudFwvdXBsb2Fkc1wvMjAyNVwvMDhcL0FpZ2FsXzIxMTQyN18wMDcwMS1zY2FsZWQuanBnIiwic2xpZGVzaG93IjoiYjk1OWVkZiJ9\">\n\t\t\t\t\t<div class=\"e-gallery-image elementor-gallery-item__image\" data-thumbnail=\"https:\/\/aigal.ch\/wp-content\/uploads\/2025\/08\/Aigal_211427_00701-768x1152.jpg\" data-width=\"768\" data-height=\"1152\" aria-label=\"Mariage civil au Palais Eynard \u00e0 Gen\u00e8ve\" role=\"img\" ><\/div>\n\t\t\t\t\t\t\t\t\t\t\t\t\t\t<\/a>\n\t\t\t\t\t\t\t<a class=\"e-gallery-item elementor-gallery-item elementor-animated-content\" href=\"https:\/\/aigal.ch\/wp-content\/uploads\/2025\/08\/Aigal_211428_00714-scaled.jpg\" data-elementor-open-lightbox=\"yes\" data-elementor-lightbox-slideshow=\"b959edf\" data-elementor-lightbox-title=\"Aigal_211428_00714\" data-elementor-lightbox-description=\"Mariage civil au Palais Eynard \u00e0 Gen\u00e8ve\" data-e-action-hash=\"#elementor-action%3Aaction%3Dlightbox%26settings%3DeyJpZCI6NDgxOTUsInVybCI6Imh0dHBzOlwvXC9haWdhbC5jaFwvd3AtY29udGVudFwvdXBsb2Fkc1wvMjAyNVwvMDhcL0FpZ2FsXzIxMTQyOF8wMDcxNC1zY2FsZWQuanBnIiwic2xpZGVzaG93IjoiYjk1OWVkZiJ9\">\n\t\t\t\t\t<div class=\"e-gallery-image elementor-gallery-item__image\" data-thumbnail=\"https:\/\/aigal.ch\/wp-content\/uploads\/2025\/08\/Aigal_211428_00714-768x1152.jpg\" data-width=\"768\" data-height=\"1152\" aria-label=\"Mariage civil au Palais Eynard \u00e0 Gen\u00e8ve\" role=\"img\" ><\/div>\n\t\t\t\t\t\t\t\t\t\t\t\t\t\t<\/a>\n\t\t\t\t\t\t\t<a class=\"e-gallery-item elementor-gallery-item elementor-animated-content\" href=\"https:\/\/aigal.ch\/wp-content\/uploads\/2025\/08\/Aigal_211429_00722-scaled.jpg\" data-elementor-open-lightbox=\"yes\" data-elementor-lightbox-slideshow=\"b959edf\" data-elementor-lightbox-title=\"Aigal_211429_00722\" data-elementor-lightbox-description=\"Mariage civil au Palais Eynard \u00e0 Gen\u00e8ve\" data-e-action-hash=\"#elementor-action%3Aaction%3Dlightbox%26settings%3DeyJpZCI6NDgxOTYsInVybCI6Imh0dHBzOlwvXC9haWdhbC5jaFwvd3AtY29udGVudFwvdXBsb2Fkc1wvMjAyNVwvMDhcL0FpZ2FsXzIxMTQyOV8wMDcyMi1zY2FsZWQuanBnIiwic2xpZGVzaG93IjoiYjk1OWVkZiJ9\">\n\t\t\t\t\t<div class=\"e-gallery-image elementor-gallery-item__image\" data-thumbnail=\"https:\/\/aigal.ch\/wp-content\/uploads\/2025\/08\/Aigal_211429_00722-768x1152.jpg\" data-width=\"768\" data-height=\"1152\" aria-label=\"Mariage civil au Palais Eynard \u00e0 Gen\u00e8ve\" role=\"img\" ><\/div>\n\t\t\t\t\t\t\t\t\t\t\t\t\t\t<\/a>\n\t\t\t\t\t\t\t<a class=\"e-gallery-item elementor-gallery-item elementor-animated-content\" href=\"https:\/\/aigal.ch\/wp-content\/uploads\/2025\/08\/Aigal_211429_00730-scaled.jpg\" data-elementor-open-lightbox=\"yes\" data-elementor-lightbox-slideshow=\"b959edf\" data-elementor-lightbox-title=\"Aigal_211429_00730\" data-elementor-lightbox-description=\"Mariage civil au Palais Eynard \u00e0 Gen\u00e8ve\" data-e-action-hash=\"#elementor-action%3Aaction%3Dlightbox%26settings%3DeyJpZCI6NDgxOTcsInVybCI6Imh0dHBzOlwvXC9haWdhbC5jaFwvd3AtY29udGVudFwvdXBsb2Fkc1wvMjAyNVwvMDhcL0FpZ2FsXzIxMTQyOV8wMDczMC1zY2FsZWQuanBnIiwic2xpZGVzaG93IjoiYjk1OWVkZiJ9\">\n\t\t\t\t\t<div class=\"e-gallery-image elementor-gallery-item__image\" data-thumbnail=\"https:\/\/aigal.ch\/wp-content\/uploads\/2025\/08\/Aigal_211429_00730-768x1152.jpg\" data-width=\"768\" data-height=\"1152\" aria-label=\"Mariage civil au Palais Eynard \u00e0 Gen\u00e8ve\" role=\"img\" ><\/div>\n\t\t\t\t\t\t\t\t\t\t\t\t\t\t<\/a>\n\t\t\t\t\t\t\t<a class=\"e-gallery-item elementor-gallery-item elementor-animated-content\" href=\"https:\/\/aigal.ch\/wp-content\/uploads\/2025\/08\/Aigal_211429_00732-scaled.jpg\" data-elementor-open-lightbox=\"yes\" data-elementor-lightbox-slideshow=\"b959edf\" data-elementor-lightbox-title=\"Aigal_211429_00732\" data-elementor-lightbox-description=\"Mariage civil au Palais Eynard \u00e0 Gen\u00e8ve\" data-e-action-hash=\"#elementor-action%3Aaction%3Dlightbox%26settings%3DeyJpZCI6NDgxOTgsInVybCI6Imh0dHBzOlwvXC9haWdhbC5jaFwvd3AtY29udGVudFwvdXBsb2Fkc1wvMjAyNVwvMDhcL0FpZ2FsXzIxMTQyOV8wMDczMi1zY2FsZWQuanBnIiwic2xpZGVzaG93IjoiYjk1OWVkZiJ9\">\n\t\t\t\t\t<div class=\"e-gallery-image elementor-gallery-item__image\" data-thumbnail=\"https:\/\/aigal.ch\/wp-content\/uploads\/2025\/08\/Aigal_211429_00732-scaled.jpg\" data-width=\"768\" data-height=\"1152\" aria-label=\"Mariage civil au Palais Eynard \u00e0 Gen\u00e8ve\" role=\"img\" ><\/div>\n\t\t\t\t\t\t\t\t\t\t\t\t\t\t<\/a>\n\t\t\t\t\t\t\t<a class=\"e-gallery-item elementor-gallery-item elementor-animated-content\" href=\"https:\/\/aigal.ch\/wp-content\/uploads\/2025\/08\/Aigal_211429_00744-scaled.jpg\" data-elementor-open-lightbox=\"yes\" data-elementor-lightbox-slideshow=\"b959edf\" data-elementor-lightbox-title=\"Aigal_211429_00744\" data-elementor-lightbox-description=\"Mariage civil au Palais Eynard \u00e0 Gen\u00e8ve\" data-e-action-hash=\"#elementor-action%3Aaction%3Dlightbox%26settings%3DeyJpZCI6NDgxOTksInVybCI6Imh0dHBzOlwvXC9haWdhbC5jaFwvd3AtY29udGVudFwvdXBsb2Fkc1wvMjAyNVwvMDhcL0FpZ2FsXzIxMTQyOV8wMDc0NC1zY2FsZWQuanBnIiwic2xpZGVzaG93IjoiYjk1OWVkZiJ9\">\n\t\t\t\t\t<div class=\"e-gallery-image elementor-gallery-item__image\" data-thumbnail=\"https:\/\/aigal.ch\/wp-content\/uploads\/2025\/08\/Aigal_211429_00744-768x1152.jpg\" data-width=\"768\" data-height=\"1152\" aria-label=\"Mariage civil au Palais Eynard \u00e0 Gen\u00e8ve\" role=\"img\" ><\/div>\n\t\t\t\t\t\t\t\t\t\t\t\t\t\t<\/a>\n\t\t\t\t\t\t\t<a class=\"e-gallery-item elementor-gallery-item elementor-animated-content\" href=\"https:\/\/aigal.ch\/wp-content\/uploads\/2025\/08\/Aigal_211442_00853-scaled.jpg\" data-elementor-open-lightbox=\"yes\" data-elementor-lightbox-slideshow=\"b959edf\" data-elementor-lightbox-title=\"Aigal_211442_00853\" data-elementor-lightbox-description=\"Mariage civil au Palais Eynard \u00e0 Gen\u00e8ve\" data-e-action-hash=\"#elementor-action%3Aaction%3Dlightbox%26settings%3DeyJpZCI6NDgyMDEsInVybCI6Imh0dHBzOlwvXC9haWdhbC5jaFwvd3AtY29udGVudFwvdXBsb2Fkc1wvMjAyNVwvMDhcL0FpZ2FsXzIxMTQ0Ml8wMDg1My1zY2FsZWQuanBnIiwic2xpZGVzaG93IjoiYjk1OWVkZiJ9\">\n\t\t\t\t\t<div class=\"e-gallery-image elementor-gallery-item__image\" data-thumbnail=\"https:\/\/aigal.ch\/wp-content\/uploads\/2025\/08\/Aigal_211442_00853-768x1152.jpg\" data-width=\"768\" data-height=\"1152\" aria-label=\"Mariage civil au Palais Eynard \u00e0 Gen\u00e8ve\" role=\"img\" ><\/div>\n\t\t\t\t\t\t\t\t\t\t\t\t\t\t<\/a>\n\t\t\t\t\t\t\t<a class=\"e-gallery-item elementor-gallery-item elementor-animated-content\" href=\"https:\/\/aigal.ch\/wp-content\/uploads\/2025\/08\/Aigal_211442_00858-scaled.jpg\" data-elementor-open-lightbox=\"yes\" data-elementor-lightbox-slideshow=\"b959edf\" data-elementor-lightbox-title=\"Aigal_211442_00858\" data-elementor-lightbox-description=\"Mariage civil au Palais Eynard \u00e0 Gen\u00e8ve\" data-e-action-hash=\"#elementor-action%3Aaction%3Dlightbox%26settings%3DeyJpZCI6NDgyMDIsInVybCI6Imh0dHBzOlwvXC9haWdhbC5jaFwvd3AtY29udGVudFwvdXBsb2Fkc1wvMjAyNVwvMDhcL0FpZ2FsXzIxMTQ0Ml8wMDg1OC1zY2FsZWQuanBnIiwic2xpZGVzaG93IjoiYjk1OWVkZiJ9\">\n\t\t\t\t\t<div class=\"e-gallery-image elementor-gallery-item__image\" data-thumbnail=\"https:\/\/aigal.ch\/wp-content\/uploads\/2025\/08\/Aigal_211442_00858-768x1152.jpg\" data-width=\"768\" data-height=\"1152\" aria-label=\"Mariage civil au Palais Eynard \u00e0 Gen\u00e8ve\" role=\"img\" ><\/div>\n\t\t\t\t\t\t\t\t\t\t\t\t\t\t<\/a>\n\t\t\t\t\t\t\t<a class=\"e-gallery-item elementor-gallery-item elementor-animated-content\" href=\"https:\/\/aigal.ch\/wp-content\/uploads\/2025\/08\/Aigal_211443_00870-scaled.jpg\" data-elementor-open-lightbox=\"yes\" data-elementor-lightbox-slideshow=\"b959edf\" data-elementor-lightbox-title=\"Aigal_211443_00870\" data-elementor-lightbox-description=\"Mariage civil au Palais Eynard \u00e0 Gen\u00e8ve\" data-e-action-hash=\"#elementor-action%3Aaction%3Dlightbox%26settings%3DeyJpZCI6NDgyMDMsInVybCI6Imh0dHBzOlwvXC9haWdhbC5jaFwvd3AtY29udGVudFwvdXBsb2Fkc1wvMjAyNVwvMDhcL0FpZ2FsXzIxMTQ0M18wMDg3MC1zY2FsZWQuanBnIiwic2xpZGVzaG93IjoiYjk1OWVkZiJ9\">\n\t\t\t\t\t<div class=\"e-gallery-image elementor-gallery-item__image\" data-thumbnail=\"https:\/\/aigal.ch\/wp-content\/uploads\/2025\/08\/Aigal_211443_00870-768x1152.jpg\" data-width=\"768\" data-height=\"1152\" aria-label=\"Mariage civil au Palais Eynard \u00e0 Gen\u00e8ve\" role=\"img\" ><\/div>\n\t\t\t\t\t\t\t\t\t\t\t\t\t\t<\/a>\n\t\t\t\t\t\t\t<a class=\"e-gallery-item elementor-gallery-item elementor-animated-content\" href=\"https:\/\/aigal.ch\/wp-content\/uploads\/2025\/08\/Aigal_211447_00878-scaled.jpg\" data-elementor-open-lightbox=\"yes\" data-elementor-lightbox-slideshow=\"b959edf\" data-elementor-lightbox-title=\"Aigal_211447_00878\" data-elementor-lightbox-description=\"Mariage civil au Palais Eynard \u00e0 Gen\u00e8ve\" data-e-action-hash=\"#elementor-action%3Aaction%3Dlightbox%26settings%3DeyJpZCI6NDgyMDUsInVybCI6Imh0dHBzOlwvXC9haWdhbC5jaFwvd3AtY29udGVudFwvdXBsb2Fkc1wvMjAyNVwvMDhcL0FpZ2FsXzIxMTQ0N18wMDg3OC1zY2FsZWQuanBnIiwic2xpZGVzaG93IjoiYjk1OWVkZiJ9\">\n\t\t\t\t\t<div class=\"e-gallery-image elementor-gallery-item__image\" data-thumbnail=\"https:\/\/aigal.ch\/wp-content\/uploads\/2025\/08\/Aigal_211447_00878-768x512.jpg\" data-width=\"768\" data-height=\"512\" aria-label=\"Mariage civil au Palais Eynard \u00e0 Gen\u00e8ve\" role=\"img\" ><\/div>\n\t\t\t\t\t\t\t\t\t\t\t\t\t\t<\/a>\n\t\t\t\t\t\t\t<a class=\"e-gallery-item elementor-gallery-item elementor-animated-content\" href=\"https:\/\/aigal.ch\/wp-content\/uploads\/2025\/08\/Aigal_211448_00886-scaled.jpg\" data-elementor-open-lightbox=\"yes\" data-elementor-lightbox-slideshow=\"b959edf\" data-elementor-lightbox-title=\"Aigal_211448_00886\" data-elementor-lightbox-description=\"Mariage civil au Palais Eynard \u00e0 Gen\u00e8ve\" data-e-action-hash=\"#elementor-action%3Aaction%3Dlightbox%26settings%3DeyJpZCI6NDgyMDYsInVybCI6Imh0dHBzOlwvXC9haWdhbC5jaFwvd3AtY29udGVudFwvdXBsb2Fkc1wvMjAyNVwvMDhcL0FpZ2FsXzIxMTQ0OF8wMDg4Ni1zY2FsZWQuanBnIiwic2xpZGVzaG93IjoiYjk1OWVkZiJ9\">\n\t\t\t\t\t<div class=\"e-gallery-image elementor-gallery-item__image\" data-thumbnail=\"https:\/\/aigal.ch\/wp-content\/uploads\/2025\/08\/Aigal_211448_00886-768x1152.jpg\" data-width=\"768\" data-height=\"1152\" aria-label=\"Mariage civil au Palais Eynard \u00e0 Gen\u00e8ve\" role=\"img\" ><\/div>\n\t\t\t\t\t\t\t\t\t\t\t\t\t\t<\/a>\n\t\t\t\t\t\t\t<a class=\"e-gallery-item elementor-gallery-item elementor-animated-content\" href=\"https:\/\/aigal.ch\/wp-content\/uploads\/2025\/08\/Aigal_211449_00898-scaled.jpg\" data-elementor-open-lightbox=\"yes\" data-elementor-lightbox-slideshow=\"b959edf\" data-elementor-lightbox-title=\"Aigal_211449_00898\" data-elementor-lightbox-description=\"Mariage civil au Palais Eynard \u00e0 Gen\u00e8ve\" data-e-action-hash=\"#elementor-action%3Aaction%3Dlightbox%26settings%3DeyJpZCI6NDgyMDgsInVybCI6Imh0dHBzOlwvXC9haWdhbC5jaFwvd3AtY29udGVudFwvdXBsb2Fkc1wvMjAyNVwvMDhcL0FpZ2FsXzIxMTQ0OV8wMDg5OC1zY2FsZWQuanBnIiwic2xpZGVzaG93IjoiYjk1OWVkZiJ9\">\n\t\t\t\t\t<div class=\"e-gallery-image elementor-gallery-item__image\" data-thumbnail=\"https:\/\/aigal.ch\/wp-content\/uploads\/2025\/08\/Aigal_211449_00898-768x512.jpg\" data-width=\"768\" data-height=\"512\" aria-label=\"Mariage civil au Palais Eynard \u00e0 Gen\u00e8ve\" role=\"img\" ><\/div>\n\t\t\t\t\t\t\t\t\t\t\t\t\t\t<\/a>\n\t\t\t\t\t\t\t<a class=\"e-gallery-item elementor-gallery-item elementor-animated-content\" href=\"https:\/\/aigal.ch\/wp-content\/uploads\/2025\/08\/Aigal_211451_00922-scaled.jpg\" data-elementor-open-lightbox=\"yes\" data-elementor-lightbox-slideshow=\"b959edf\" data-elementor-lightbox-title=\"Aigal_211451_00922\" data-elementor-lightbox-description=\"Mariage civil au Palais Eynard \u00e0 Gen\u00e8ve\" data-e-action-hash=\"#elementor-action%3Aaction%3Dlightbox%26settings%3DeyJpZCI6NDgyMDksInVybCI6Imh0dHBzOlwvXC9haWdhbC5jaFwvd3AtY29udGVudFwvdXBsb2Fkc1wvMjAyNVwvMDhcL0FpZ2FsXzIxMTQ1MV8wMDkyMi1zY2FsZWQuanBnIiwic2xpZGVzaG93IjoiYjk1OWVkZiJ9\">\n\t\t\t\t\t<div class=\"e-gallery-image elementor-gallery-item__image\" data-thumbnail=\"https:\/\/aigal.ch\/wp-content\/uploads\/2025\/08\/Aigal_211451_00922-768x1152.jpg\" data-width=\"768\" data-height=\"1152\" aria-label=\"Mariage civil au Palais Eynard \u00e0 Gen\u00e8ve\" role=\"img\" ><\/div>\n\t\t\t\t\t\t\t\t\t\t\t\t\t\t<\/a>\n\t\t\t\t\t\t\t<a class=\"e-gallery-item elementor-gallery-item elementor-animated-content\" href=\"https:\/\/aigal.ch\/wp-content\/uploads\/2025\/08\/Aigal_211453_00949-scaled.jpg\" data-elementor-open-lightbox=\"yes\" data-elementor-lightbox-slideshow=\"b959edf\" data-elementor-lightbox-title=\"Aigal_211453_00949\" data-elementor-lightbox-description=\"Mariage civil au Palais Eynard \u00e0 Gen\u00e8ve\" data-e-action-hash=\"#elementor-action%3Aaction%3Dlightbox%26settings%3DeyJpZCI6NDgyMTEsInVybCI6Imh0dHBzOlwvXC9haWdhbC5jaFwvd3AtY29udGVudFwvdXBsb2Fkc1wvMjAyNVwvMDhcL0FpZ2FsXzIxMTQ1M18wMDk0OS1zY2FsZWQuanBnIiwic2xpZGVzaG93IjoiYjk1OWVkZiJ9\">\n\t\t\t\t\t<div class=\"e-gallery-image elementor-gallery-item__image\" data-thumbnail=\"https:\/\/aigal.ch\/wp-content\/uploads\/2025\/08\/Aigal_211453_00949-768x1152.jpg\" data-width=\"768\" data-height=\"1152\" aria-label=\"Mariage civil au Palais Eynard \u00e0 Gen\u00e8ve\" role=\"img\" ><\/div>\n\t\t\t\t\t\t\t\t\t\t\t\t\t\t<\/a>\n\t\t\t\t\t\t\t<a class=\"e-gallery-item elementor-gallery-item elementor-animated-content\" href=\"https:\/\/aigal.ch\/wp-content\/uploads\/2025\/08\/Aigal_211454_00967-scaled.jpg\" data-elementor-open-lightbox=\"yes\" data-elementor-lightbox-slideshow=\"b959edf\" data-elementor-lightbox-title=\"Aigal_211454_00967\" data-elementor-lightbox-description=\"Mariage civil au Palais Eynard \u00e0 Gen\u00e8ve\" data-e-action-hash=\"#elementor-action%3Aaction%3Dlightbox%26settings%3DeyJpZCI6NDgyMTIsInVybCI6Imh0dHBzOlwvXC9haWdhbC5jaFwvd3AtY29udGVudFwvdXBsb2Fkc1wvMjAyNVwvMDhcL0FpZ2FsXzIxMTQ1NF8wMDk2Ny1zY2FsZWQuanBnIiwic2xpZGVzaG93IjoiYjk1OWVkZiJ9\">\n\t\t\t\t\t<div class=\"e-gallery-image elementor-gallery-item__image\" data-thumbnail=\"https:\/\/aigal.ch\/wp-content\/uploads\/2025\/08\/Aigal_211454_00967-768x1152.jpg\" data-width=\"768\" data-height=\"1152\" aria-label=\"Mariage civil au Palais Eynard \u00e0 Gen\u00e8ve\" role=\"img\" ><\/div>\n\t\t\t\t\t\t\t\t\t\t\t\t\t\t<\/a>\n\t\t\t\t\t\t\t<a class=\"e-gallery-item elementor-gallery-item elementor-animated-content\" href=\"https:\/\/aigal.ch\/wp-content\/uploads\/2025\/08\/Aigal_211454_00984-scaled.jpg\" data-elementor-open-lightbox=\"yes\" data-elementor-lightbox-slideshow=\"b959edf\" data-elementor-lightbox-title=\"Aigal_211454_00984\" data-elementor-lightbox-description=\"Mariage civil au Palais Eynard \u00e0 Gen\u00e8ve\" data-e-action-hash=\"#elementor-action%3Aaction%3Dlightbox%26settings%3DeyJpZCI6NDgyMTMsInVybCI6Imh0dHBzOlwvXC9haWdhbC5jaFwvd3AtY29udGVudFwvdXBsb2Fkc1wvMjAyNVwvMDhcL0FpZ2FsXzIxMTQ1NF8wMDk4NC1zY2FsZWQuanBnIiwic2xpZGVzaG93IjoiYjk1OWVkZiJ9\">\n\t\t\t\t\t<div class=\"e-gallery-image elementor-gallery-item__image\" data-thumbnail=\"https:\/\/aigal.ch\/wp-content\/uploads\/2025\/08\/Aigal_211454_00984-768x1152.jpg\" data-width=\"768\" data-height=\"1152\" aria-label=\"Mariage civil au Palais Eynard \u00e0 Gen\u00e8ve\" role=\"img\" ><\/div>\n\t\t\t\t\t\t\t\t\t\t\t\t\t\t<\/a>\n\t\t\t\t\t\t\t<a class=\"e-gallery-item elementor-gallery-item elementor-animated-content\" href=\"https:\/\/aigal.ch\/wp-content\/uploads\/2025\/08\/Aigal_211454_00994-scaled.jpg\" data-elementor-open-lightbox=\"yes\" data-elementor-lightbox-slideshow=\"b959edf\" data-elementor-lightbox-title=\"Aigal_211454_00994\" data-elementor-lightbox-description=\"Mariage civil au Palais Eynard \u00e0 Gen\u00e8ve\" data-e-action-hash=\"#elementor-action%3Aaction%3Dlightbox%26settings%3DeyJpZCI6NDgyMTQsInVybCI6Imh0dHBzOlwvXC9haWdhbC5jaFwvd3AtY29udGVudFwvdXBsb2Fkc1wvMjAyNVwvMDhcL0FpZ2FsXzIxMTQ1NF8wMDk5NC1zY2FsZWQuanBnIiwic2xpZGVzaG93IjoiYjk1OWVkZiJ9\">\n\t\t\t\t\t<div class=\"e-gallery-image elementor-gallery-item__image\" data-thumbnail=\"https:\/\/aigal.ch\/wp-content\/uploads\/2025\/08\/Aigal_211454_00994-768x1152.jpg\" data-width=\"768\" data-height=\"1152\" aria-label=\"Mariage civil au Palais Eynard \u00e0 Gen\u00e8ve\" role=\"img\" ><\/div>\n\t\t\t\t\t\t\t\t\t\t\t\t\t\t<\/a>\n\t\t\t\t\t\t\t<a class=\"e-gallery-item elementor-gallery-item elementor-animated-content\" href=\"https:\/\/aigal.ch\/wp-content\/uploads\/2025\/08\/Aigal_211455_01016-scaled.jpg\" data-elementor-open-lightbox=\"yes\" data-elementor-lightbox-slideshow=\"b959edf\" data-elementor-lightbox-title=\"Aigal_211455_01016\" data-elementor-lightbox-description=\"Mariage civil au Palais Eynard \u00e0 Gen\u00e8ve\" data-e-action-hash=\"#elementor-action%3Aaction%3Dlightbox%26settings%3DeyJpZCI6NDgyMTUsInVybCI6Imh0dHBzOlwvXC9haWdhbC5jaFwvd3AtY29udGVudFwvdXBsb2Fkc1wvMjAyNVwvMDhcL0FpZ2FsXzIxMTQ1NV8wMTAxNi1zY2FsZWQuanBnIiwic2xpZGVzaG93IjoiYjk1OWVkZiJ9\">\n\t\t\t\t\t<div class=\"e-gallery-image elementor-gallery-item__image\" data-thumbnail=\"https:\/\/aigal.ch\/wp-content\/uploads\/2025\/08\/Aigal_211455_01016-768x1152.jpg\" data-width=\"768\" data-height=\"1152\" aria-label=\"Mariage civil au Palais Eynard \u00e0 Gen\u00e8ve\" role=\"img\" ><\/div>\n\t\t\t\t\t\t\t\t\t\t\t\t\t\t<\/a>\n\t\t\t\t\t\t\t<a class=\"e-gallery-item elementor-gallery-item elementor-animated-content\" href=\"https:\/\/aigal.ch\/wp-content\/uploads\/2025\/08\/Aigal_211456_01071-scaled.jpg\" data-elementor-open-lightbox=\"yes\" data-elementor-lightbox-slideshow=\"b959edf\" data-elementor-lightbox-title=\"Aigal_211456_01071\" data-elementor-lightbox-description=\"Mariage civil au Palais Eynard \u00e0 Gen\u00e8ve\" data-e-action-hash=\"#elementor-action%3Aaction%3Dlightbox%26settings%3DeyJpZCI6NDgyMTYsInVybCI6Imh0dHBzOlwvXC9haWdhbC5jaFwvd3AtY29udGVudFwvdXBsb2Fkc1wvMjAyNVwvMDhcL0FpZ2FsXzIxMTQ1Nl8wMTA3MS1zY2FsZWQuanBnIiwic2xpZGVzaG93IjoiYjk1OWVkZiJ9\">\n\t\t\t\t\t<div class=\"e-gallery-image elementor-gallery-item__image\" data-thumbnail=\"https:\/\/aigal.ch\/wp-content\/uploads\/2025\/08\/Aigal_211456_01071-768x1152.jpg\" data-width=\"768\" data-height=\"1152\" aria-label=\"Mariage civil au Palais Eynard \u00e0 Gen\u00e8ve\" role=\"img\" ><\/div>\n\t\t\t\t\t\t\t\t\t\t\t\t\t\t<\/a>\n\t\t\t\t\t\t\t<a class=\"e-gallery-item elementor-gallery-item elementor-animated-content\" href=\"https:\/\/aigal.ch\/wp-content\/uploads\/2025\/08\/Aigal_211458_01105-scaled.jpg\" data-elementor-open-lightbox=\"yes\" data-elementor-lightbox-slideshow=\"b959edf\" data-elementor-lightbox-title=\"Aigal_211458_01105\" data-elementor-lightbox-description=\"Mariage civil au Palais Eynard \u00e0 Gen\u00e8ve\" data-e-action-hash=\"#elementor-action%3Aaction%3Dlightbox%26settings%3DeyJpZCI6NDgyMTcsInVybCI6Imh0dHBzOlwvXC9haWdhbC5jaFwvd3AtY29udGVudFwvdXBsb2Fkc1wvMjAyNVwvMDhcL0FpZ2FsXzIxMTQ1OF8wMTEwNS1zY2FsZWQuanBnIiwic2xpZGVzaG93IjoiYjk1OWVkZiJ9\">\n\t\t\t\t\t<div class=\"e-gallery-image elementor-gallery-item__image\" data-thumbnail=\"https:\/\/aigal.ch\/wp-content\/uploads\/2025\/08\/Aigal_211458_01105-768x1152.jpg\" data-width=\"768\" data-height=\"1152\" aria-label=\"Mariage civil au Palais Eynard \u00e0 Gen\u00e8ve\" role=\"img\" ><\/div>\n\t\t\t\t\t\t\t\t\t\t\t\t\t\t<\/a>\n\t\t\t\t\t\t\t<a class=\"e-gallery-item elementor-gallery-item elementor-animated-content\" href=\"https:\/\/aigal.ch\/wp-content\/uploads\/2025\/08\/Aigal_211458_01110-scaled.jpg\" data-elementor-open-lightbox=\"yes\" data-elementor-lightbox-slideshow=\"b959edf\" data-elementor-lightbox-title=\"Aigal_211458_01110\" data-elementor-lightbox-description=\"Mariage civil au Palais Eynard \u00e0 Gen\u00e8ve\" data-e-action-hash=\"#elementor-action%3Aaction%3Dlightbox%26settings%3DeyJpZCI6NDgyMTgsInVybCI6Imh0dHBzOlwvXC9haWdhbC5jaFwvd3AtY29udGVudFwvdXBsb2Fkc1wvMjAyNVwvMDhcL0FpZ2FsXzIxMTQ1OF8wMTExMC1zY2FsZWQuanBnIiwic2xpZGVzaG93IjoiYjk1OWVkZiJ9\">\n\t\t\t\t\t<div class=\"e-gallery-image elementor-gallery-item__image\" data-thumbnail=\"https:\/\/aigal.ch\/wp-content\/uploads\/2025\/08\/Aigal_211458_01110-768x1152.jpg\" data-width=\"768\" data-height=\"1152\" aria-label=\"Mariage civil au Palais Eynard \u00e0 Gen\u00e8ve\" role=\"img\" ><\/div>\n\t\t\t\t\t\t\t\t\t\t\t\t\t\t<\/a>\n\t\t\t\t\t\t\t<a class=\"e-gallery-item elementor-gallery-item elementor-animated-content\" href=\"https:\/\/aigal.ch\/wp-content\/uploads\/2025\/08\/Aigal_211500_01136-scaled.jpg\" data-elementor-open-lightbox=\"yes\" data-elementor-lightbox-slideshow=\"b959edf\" data-elementor-lightbox-title=\"Aigal_211500_01136\" data-elementor-lightbox-description=\"Mariage civil au Palais Eynard \u00e0 Gen\u00e8ve\" data-e-action-hash=\"#elementor-action%3Aaction%3Dlightbox%26settings%3DeyJpZCI6NDgyMTksInVybCI6Imh0dHBzOlwvXC9haWdhbC5jaFwvd3AtY29udGVudFwvdXBsb2Fkc1wvMjAyNVwvMDhcL0FpZ2FsXzIxMTUwMF8wMTEzNi1zY2FsZWQuanBnIiwic2xpZGVzaG93IjoiYjk1OWVkZiJ9\">\n\t\t\t\t\t<div class=\"e-gallery-image elementor-gallery-item__image\" data-thumbnail=\"https:\/\/aigal.ch\/wp-content\/uploads\/2025\/08\/Aigal_211500_01136-768x1152.jpg\" data-width=\"768\" data-height=\"1152\" aria-label=\"Mariage civil au Palais Eynard \u00e0 Gen\u00e8ve\" role=\"img\" ><\/div>\n\t\t\t\t\t\t\t\t\t\t\t\t\t\t<\/a>\n\t\t\t\t\t\t\t<a class=\"e-gallery-item elementor-gallery-item elementor-animated-content\" href=\"https:\/\/aigal.ch\/wp-content\/uploads\/2025\/08\/Aigal_211532_01151-scaled.jpg\" data-elementor-open-lightbox=\"yes\" data-elementor-lightbox-slideshow=\"b959edf\" data-elementor-lightbox-title=\"Aigal_211532_01151\" data-elementor-lightbox-description=\"Mariage civil au Palais Eynard \u00e0 Gen\u00e8ve\" data-e-action-hash=\"#elementor-action%3Aaction%3Dlightbox%26settings%3DeyJpZCI6NDgyMjAsInVybCI6Imh0dHBzOlwvXC9haWdhbC5jaFwvd3AtY29udGVudFwvdXBsb2Fkc1wvMjAyNVwvMDhcL0FpZ2FsXzIxMTUzMl8wMTE1MS1zY2FsZWQuanBnIiwic2xpZGVzaG93IjoiYjk1OWVkZiJ9\">\n\t\t\t\t\t<div class=\"e-gallery-image elementor-gallery-item__image\" data-thumbnail=\"https:\/\/aigal.ch\/wp-content\/uploads\/2025\/08\/Aigal_211532_01151-768x512.jpg\" data-width=\"768\" data-height=\"512\" aria-label=\"Mariage civil \u00e0 l&#039;Hotel d&#039;Angleterre \u00e0 Gen\u00e8ve\" role=\"img\" ><\/div>\n\t\t\t\t\t\t\t\t\t\t\t\t\t\t<\/a>\n\t\t\t\t\t\t\t<a class=\"e-gallery-item elementor-gallery-item elementor-animated-content\" href=\"https:\/\/aigal.ch\/wp-content\/uploads\/2025\/08\/Aigal_211533_01180-scaled.jpg\" data-elementor-open-lightbox=\"yes\" data-elementor-lightbox-slideshow=\"b959edf\" data-elementor-lightbox-title=\"Aigal_211533_01180\" data-elementor-lightbox-description=\"Mariage civil au Palais Eynard \u00e0 Gen\u00e8ve\" data-e-action-hash=\"#elementor-action%3Aaction%3Dlightbox%26settings%3DeyJpZCI6NDgyMjEsInVybCI6Imh0dHBzOlwvXC9haWdhbC5jaFwvd3AtY29udGVudFwvdXBsb2Fkc1wvMjAyNVwvMDhcL0FpZ2FsXzIxMTUzM18wMTE4MC1zY2FsZWQuanBnIiwic2xpZGVzaG93IjoiYjk1OWVkZiJ9\">\n\t\t\t\t\t<div class=\"e-gallery-image elementor-gallery-item__image\" data-thumbnail=\"https:\/\/aigal.ch\/wp-content\/uploads\/2025\/08\/Aigal_211533_01180-768x512.jpg\" data-width=\"768\" data-height=\"512\" aria-label=\"Mariage civil \u00e0 l&#039;Hotel d&#039;Angleterre \u00e0 Gen\u00e8ve\" role=\"img\" ><\/div>\n\t\t\t\t\t\t\t\t\t\t\t\t\t\t<\/a>\n\t\t\t\t\t\t\t<a class=\"e-gallery-item elementor-gallery-item elementor-animated-content\" href=\"https:\/\/aigal.ch\/wp-content\/uploads\/2025\/08\/Aigal_211534_01186-scaled.jpg\" data-elementor-open-lightbox=\"yes\" data-elementor-lightbox-slideshow=\"b959edf\" data-elementor-lightbox-title=\"Aigal_211534_01186\" data-elementor-lightbox-description=\"Mariage civil au Palais Eynard \u00e0 Gen\u00e8ve\" data-e-action-hash=\"#elementor-action%3Aaction%3Dlightbox%26settings%3DeyJpZCI6NDgyMjIsInVybCI6Imh0dHBzOlwvXC9haWdhbC5jaFwvd3AtY29udGVudFwvdXBsb2Fkc1wvMjAyNVwvMDhcL0FpZ2FsXzIxMTUzNF8wMTE4Ni1zY2FsZWQuanBnIiwic2xpZGVzaG93IjoiYjk1OWVkZiJ9\">\n\t\t\t\t\t<div class=\"e-gallery-image elementor-gallery-item__image\" data-thumbnail=\"https:\/\/aigal.ch\/wp-content\/uploads\/2025\/08\/Aigal_211534_01186-768x1152.jpg\" data-width=\"768\" data-height=\"1152\" aria-label=\"Mariage civil \u00e0 l&#039;Hotel d&#039;Angleterre \u00e0 Gen\u00e8ve\" role=\"img\" ><\/div>\n\t\t\t\t\t\t\t\t\t\t\t\t\t\t<\/a>\n\t\t\t\t\t\t\t<a class=\"e-gallery-item elementor-gallery-item elementor-animated-content\" href=\"https:\/\/aigal.ch\/wp-content\/uploads\/2025\/08\/Aigal_211535_01203-scaled.jpg\" data-elementor-open-lightbox=\"yes\" data-elementor-lightbox-slideshow=\"b959edf\" data-elementor-lightbox-title=\"Aigal_211535_01203\" data-elementor-lightbox-description=\"Mariage civil au Palais Eynard \u00e0 Gen\u00e8ve\" data-e-action-hash=\"#elementor-action%3Aaction%3Dlightbox%26settings%3DeyJpZCI6NDgyMjQsInVybCI6Imh0dHBzOlwvXC9haWdhbC5jaFwvd3AtY29udGVudFwvdXBsb2Fkc1wvMjAyNVwvMDhcL0FpZ2FsXzIxMTUzNV8wMTIwMy1zY2FsZWQuanBnIiwic2xpZGVzaG93IjoiYjk1OWVkZiJ9\">\n\t\t\t\t\t<div class=\"e-gallery-image elementor-gallery-item__image\" data-thumbnail=\"https:\/\/aigal.ch\/wp-content\/uploads\/2025\/08\/Aigal_211535_01203-768x512.jpg\" data-width=\"768\" data-height=\"512\" aria-label=\"Mariage civil \u00e0 l&#039;Hotel d&#039;Angleterre \u00e0 Gen\u00e8ve\" role=\"img\" ><\/div>\n\t\t\t\t\t\t\t\t\t\t\t\t\t\t<\/a>\n\t\t\t\t\t\t\t<a class=\"e-gallery-item elementor-gallery-item elementor-animated-content\" href=\"https:\/\/aigal.ch\/wp-content\/uploads\/2025\/08\/Aigal_211538_01230-scaled.jpg\" data-elementor-open-lightbox=\"yes\" data-elementor-lightbox-slideshow=\"b959edf\" data-elementor-lightbox-title=\"Aigal_211538_01230\" data-elementor-lightbox-description=\"Mariage civil au Palais Eynard \u00e0 Gen\u00e8ve\" data-e-action-hash=\"#elementor-action%3Aaction%3Dlightbox%26settings%3DeyJpZCI6NDgyMjUsInVybCI6Imh0dHBzOlwvXC9haWdhbC5jaFwvd3AtY29udGVudFwvdXBsb2Fkc1wvMjAyNVwvMDhcL0FpZ2FsXzIxMTUzOF8wMTIzMC1zY2FsZWQuanBnIiwic2xpZGVzaG93IjoiYjk1OWVkZiJ9\">\n\t\t\t\t\t<div class=\"e-gallery-image elementor-gallery-item__image\" data-thumbnail=\"https:\/\/aigal.ch\/wp-content\/uploads\/2025\/08\/Aigal_211538_01230-768x512.jpg\" data-width=\"768\" data-height=\"512\" aria-label=\"Mariage civil \u00e0 l&#039;Hotel d&#039;Angleterre \u00e0 Gen\u00e8ve\" role=\"img\" ><\/div>\n\t\t\t\t\t\t\t\t\t\t\t\t\t\t<\/a>\n\t\t\t\t\t\t\t<a class=\"e-gallery-item elementor-gallery-item elementor-animated-content\" href=\"https:\/\/aigal.ch\/wp-content\/uploads\/2025\/08\/Aigal_211538_01236-scaled.jpg\" data-elementor-open-lightbox=\"yes\" data-elementor-lightbox-slideshow=\"b959edf\" data-elementor-lightbox-title=\"Aigal_211538_01236\" data-elementor-lightbox-description=\"Mariage civil au Palais Eynard \u00e0 Gen\u00e8ve\" data-e-action-hash=\"#elementor-action%3Aaction%3Dlightbox%26settings%3DeyJpZCI6NDgyMjYsInVybCI6Imh0dHBzOlwvXC9haWdhbC5jaFwvd3AtY29udGVudFwvdXBsb2Fkc1wvMjAyNVwvMDhcL0FpZ2FsXzIxMTUzOF8wMTIzNi1zY2FsZWQuanBnIiwic2xpZGVzaG93IjoiYjk1OWVkZiJ9\">\n\t\t\t\t\t<div class=\"e-gallery-image elementor-gallery-item__image\" data-thumbnail=\"https:\/\/aigal.ch\/wp-content\/uploads\/2025\/08\/Aigal_211538_01236-768x512.jpg\" data-width=\"768\" data-height=\"512\" aria-label=\"Mariage civil \u00e0 l&#039;Hotel d&#039;Angleterre \u00e0 Gen\u00e8ve\" role=\"img\" ><\/div>\n\t\t\t\t\t\t\t\t\t\t\t\t\t\t<\/a>\n\t\t\t\t\t\t\t<a class=\"e-gallery-item elementor-gallery-item elementor-animated-content\" href=\"https:\/\/aigal.ch\/wp-content\/uploads\/2025\/08\/Aigal_211541_01262-scaled.jpg\" data-elementor-open-lightbox=\"yes\" data-elementor-lightbox-slideshow=\"b959edf\" data-elementor-lightbox-title=\"Aigal_211541_01262\" data-elementor-lightbox-description=\"Mariage civil au Palais Eynard \u00e0 Gen\u00e8ve\" data-e-action-hash=\"#elementor-action%3Aaction%3Dlightbox%26settings%3DeyJpZCI6NDgyMjgsInVybCI6Imh0dHBzOlwvXC9haWdhbC5jaFwvd3AtY29udGVudFwvdXBsb2Fkc1wvMjAyNVwvMDhcL0FpZ2FsXzIxMTU0MV8wMTI2Mi1zY2FsZWQuanBnIiwic2xpZGVzaG93IjoiYjk1OWVkZiJ9\">\n\t\t\t\t\t<div class=\"e-gallery-image elementor-gallery-item__image\" data-thumbnail=\"https:\/\/aigal.ch\/wp-content\/uploads\/2025\/08\/Aigal_211541_01262-768x1152.jpg\" data-width=\"768\" data-height=\"1152\" aria-label=\"Mariage civil \u00e0 l&#039;Hotel d&#039;Angleterre \u00e0 Gen\u00e8ve\" role=\"img\" ><\/div>\n\t\t\t\t\t\t\t\t\t\t\t\t\t\t<\/a>\n\t\t\t\t\t\t\t<a class=\"e-gallery-item elementor-gallery-item elementor-animated-content\" href=\"https:\/\/aigal.ch\/wp-content\/uploads\/2025\/08\/Aigal_211543_01298-scaled.jpg\" data-elementor-open-lightbox=\"yes\" data-elementor-lightbox-slideshow=\"b959edf\" data-elementor-lightbox-title=\"Aigal_211543_01298\" data-elementor-lightbox-description=\"Mariage civil au Palais Eynard \u00e0 Gen\u00e8ve\" data-e-action-hash=\"#elementor-action%3Aaction%3Dlightbox%26settings%3DeyJpZCI6NDgyMjksInVybCI6Imh0dHBzOlwvXC9haWdhbC5jaFwvd3AtY29udGVudFwvdXBsb2Fkc1wvMjAyNVwvMDhcL0FpZ2FsXzIxMTU0M18wMTI5OC1zY2FsZWQuanBnIiwic2xpZGVzaG93IjoiYjk1OWVkZiJ9\">\n\t\t\t\t\t<div class=\"e-gallery-image elementor-gallery-item__image\" data-thumbnail=\"https:\/\/aigal.ch\/wp-content\/uploads\/2025\/08\/Aigal_211543_01298-768x1152.jpg\" data-width=\"768\" data-height=\"1152\" aria-label=\"Mariage civil \u00e0 l&#039;Hotel d&#039;Angleterre \u00e0 Gen\u00e8ve\" role=\"img\" ><\/div>\n\t\t\t\t\t\t\t\t\t\t\t\t\t\t<\/a>\n\t\t\t\t\t\t\t<a class=\"e-gallery-item elementor-gallery-item elementor-animated-content\" href=\"https:\/\/aigal.ch\/wp-content\/uploads\/2025\/08\/Aigal_211544_01326-scaled.jpg\" data-elementor-open-lightbox=\"yes\" data-elementor-lightbox-slideshow=\"b959edf\" data-elementor-lightbox-title=\"Aigal_211544_01326\" data-elementor-lightbox-description=\"Mariage civil au Palais Eynard \u00e0 Gen\u00e8ve\" data-e-action-hash=\"#elementor-action%3Aaction%3Dlightbox%26settings%3DeyJpZCI6NDgyMzAsInVybCI6Imh0dHBzOlwvXC9haWdhbC5jaFwvd3AtY29udGVudFwvdXBsb2Fkc1wvMjAyNVwvMDhcL0FpZ2FsXzIxMTU0NF8wMTMyNi1zY2FsZWQuanBnIiwic2xpZGVzaG93IjoiYjk1OWVkZiJ9\">\n\t\t\t\t\t<div class=\"e-gallery-image elementor-gallery-item__image\" data-thumbnail=\"https:\/\/aigal.ch\/wp-content\/uploads\/2025\/08\/Aigal_211544_01326-768x1152.jpg\" data-width=\"768\" data-height=\"1152\" aria-label=\"Mariage civil \u00e0 l&#039;Hotel d&#039;Angleterre \u00e0 Gen\u00e8ve\" role=\"img\" ><\/div>\n\t\t\t\t\t\t\t\t\t\t\t\t\t\t<\/a>\n\t\t\t\t\t\t\t<a class=\"e-gallery-item elementor-gallery-item elementor-animated-content\" href=\"https:\/\/aigal.ch\/wp-content\/uploads\/2025\/08\/Aigal_211544_01338-scaled.jpg\" data-elementor-open-lightbox=\"yes\" data-elementor-lightbox-slideshow=\"b959edf\" data-elementor-lightbox-title=\"Aigal_211544_01338\" data-elementor-lightbox-description=\"Mariage civil au Palais Eynard \u00e0 Gen\u00e8ve\" data-e-action-hash=\"#elementor-action%3Aaction%3Dlightbox%26settings%3DeyJpZCI6NDgyMzEsInVybCI6Imh0dHBzOlwvXC9haWdhbC5jaFwvd3AtY29udGVudFwvdXBsb2Fkc1wvMjAyNVwvMDhcL0FpZ2FsXzIxMTU0NF8wMTMzOC1zY2FsZWQuanBnIiwic2xpZGVzaG93IjoiYjk1OWVkZiJ9\">\n\t\t\t\t\t<div class=\"e-gallery-image elementor-gallery-item__image\" data-thumbnail=\"https:\/\/aigal.ch\/wp-content\/uploads\/2025\/08\/Aigal_211544_01338-768x512.jpg\" data-width=\"768\" data-height=\"512\" aria-label=\"Mariage civil \u00e0 l&#039;Hotel d&#039;Angleterre \u00e0 Gen\u00e8ve\" role=\"img\" ><\/div>\n\t\t\t\t\t\t\t\t\t\t\t\t\t\t<\/a>\n\t\t\t\t\t\t\t<a class=\"e-gallery-item elementor-gallery-item elementor-animated-content\" href=\"https:\/\/aigal.ch\/wp-content\/uploads\/2025\/08\/Aigal_211545_01351-scaled.jpg\" data-elementor-open-lightbox=\"yes\" data-elementor-lightbox-slideshow=\"b959edf\" data-elementor-lightbox-title=\"Aigal_211545_01351\" data-elementor-lightbox-description=\"Mariage civil au Palais Eynard \u00e0 Gen\u00e8ve\" data-e-action-hash=\"#elementor-action%3Aaction%3Dlightbox%26settings%3DeyJpZCI6NDgyMzIsInVybCI6Imh0dHBzOlwvXC9haWdhbC5jaFwvd3AtY29udGVudFwvdXBsb2Fkc1wvMjAyNVwvMDhcL0FpZ2FsXzIxMTU0NV8wMTM1MS1zY2FsZWQuanBnIiwic2xpZGVzaG93IjoiYjk1OWVkZiJ9\">\n\t\t\t\t\t<div class=\"e-gallery-image elementor-gallery-item__image\" data-thumbnail=\"https:\/\/aigal.ch\/wp-content\/uploads\/2025\/08\/Aigal_211545_01351-768x512.jpg\" data-width=\"768\" data-height=\"512\" aria-label=\"Mariage civil \u00e0 l&#039;Hotel d&#039;Angleterre \u00e0 Gen\u00e8ve\" role=\"img\" ><\/div>\n\t\t\t\t\t\t\t\t\t\t\t\t\t\t<\/a>\n\t\t\t\t\t\t\t<a class=\"e-gallery-item elementor-gallery-item elementor-animated-content\" href=\"https:\/\/aigal.ch\/wp-content\/uploads\/2025\/08\/Aigal_211548_01387-scaled.jpg\" data-elementor-open-lightbox=\"yes\" data-elementor-lightbox-slideshow=\"b959edf\" data-elementor-lightbox-title=\"Aigal_211548_01387\" data-elementor-lightbox-description=\"Mariage civil au Palais Eynard \u00e0 Gen\u00e8ve\" data-e-action-hash=\"#elementor-action%3Aaction%3Dlightbox%26settings%3DeyJpZCI6NDgyMzMsInVybCI6Imh0dHBzOlwvXC9haWdhbC5jaFwvd3AtY29udGVudFwvdXBsb2Fkc1wvMjAyNVwvMDhcL0FpZ2FsXzIxMTU0OF8wMTM4Ny1zY2FsZWQuanBnIiwic2xpZGVzaG93IjoiYjk1OWVkZiJ9\">\n\t\t\t\t\t<div class=\"e-gallery-image elementor-gallery-item__image\" data-thumbnail=\"https:\/\/aigal.ch\/wp-content\/uploads\/2025\/08\/Aigal_211548_01387-768x1152.jpg\" data-width=\"768\" data-height=\"1152\" aria-label=\"Mariage civil \u00e0 l&#039;Hotel d&#039;Angleterre \u00e0 Gen\u00e8ve\" role=\"img\" ><\/div>\n\t\t\t\t\t\t\t\t\t\t\t\t\t\t<\/a>\n\t\t\t\t\t<\/div>\n\t\t\t\t\t<\/div>\n\t\t\t\t<\/div>\n\t\t\t\t<div class=\"elementor-element elementor-element-1d5e202 elementor-widget__width-inherit elementor-widget elementor-widget-post-info\" data-id=\"1d5e202\" data-element_type=\"widget\" data-e-type=\"widget\" data-widget_type=\"post-info.default\">\n\t\t\t\t<div class=\"elementor-widget-container\">\n\t\t\t\t\t\t\t<ul class=\"elementor-inline-items elementor-icon-list-items elementor-post-info\">\n\t\t\t\t\t\t\t\t<li class=\"elementor-icon-list-item elementor-repeater-item-0e4b037 elementor-inline-item\" itemprop=\"author\">\n\t\t\t\t\t\t<a href=\"https:\/\/aigal.ch\/en\/author\/emeric\/\">\n\t\t\t\t\t\t\t\t\t\t\t\t\t\t<span class=\"elementor-icon-list-text elementor-post-info__item elementor-post-info__item--type-author\">\n\t\t\t\t\t\t\t<span class=\"elementor-post-info__item-prefix\">Par <\/span>\n\t\t\t\t\t\t\t\t\t\tEmeric\t\t\t\t\t<\/span>\n\t\t\t\t\t\t\t\t\t<\/a>\n\t\t\t\t<\/li>\n\t\t\t\t<li class=\"elementor-icon-list-item elementor-repeater-item-a6868c4 elementor-inline-item\" itemprop=\"datePublished\">\n\t\t\t\t\t\t\t\t\t\t\t\t\t<span class=\"elementor-icon-list-text elementor-post-info__item elementor-post-info__item--type-date\">\n\t\t\t\t\t\t\t<span class=\"elementor-post-info__item-prefix\">, le<\/span>\n\t\t\t\t\t\t\t\t\t\t<time>28.08.25<\/time>\t\t\t\t\t<\/span>\n\t\t\t\t\t\t\t\t<\/li>\n\t\t\t\t<li class=\"elementor-icon-list-item elementor-repeater-item-c3234bb elementor-inline-item\" itemprop=\"about\">\n\t\t\t\t\t\t\t\t\t\t\t\t\t<span class=\"elementor-icon-list-text elementor-post-info__item elementor-post-info__item--type-terms\">\n\t\t\t\t\t\t\t<span class=\"elementor-post-info__item-prefix\">, dans la cat\u00e9gorie :<\/span>\n\t\t\t\t\t\t\t\t\t\t<span class=\"elementor-post-info__terms-list\">\n\t\t\t\t<a href=\"https:\/\/aigal.ch\/en\/category\/mariage\/lieux-de-reception-mariage\/\" class=\"elementor-post-info__terms-list-item\">Lieux de r\u00e9c\u00e9ption<\/a>, <a href=\"https:\/\/aigal.ch\/en\/category\/mariage\/\" class=\"elementor-post-info__terms-list-item\">Mariage<\/a>, <a href=\"https:\/\/aigal.ch\/en\/category\/mariage\/civil\/\" class=\"elementor-post-info__terms-list-item\">Mariage Civil<\/a>\t\t\t\t<\/span>\n\t\t\t\t\t<\/span>\n\t\t\t\t\t\t\t\t<\/li>\n\t\t\t\t<li class=\"elementor-icon-list-item elementor-repeater-item-b2b036f elementor-inline-item\" itemprop=\"about\">\n\t\t\t\t\t\t\t\t\t\t\t\t\t<span class=\"elementor-icon-list-text elementor-post-info__item elementor-post-info__item--type-terms\">\n\t\t\t\t\t\t\t<span class=\"elementor-post-info__item-prefix\">, mots cl\u00e9s :<\/span>\n\t\t\t\t\t\t\t\t\t\t<span class=\"elementor-post-info__terms-list\">\n\t\t\t\t<a href=\"https:\/\/aigal.ch\/en\/tag\/eynard\/\" class=\"elementor-post-info__terms-list-item\">Eynard<\/a>, <a href=\"https:\/\/aigal.ch\/en\/tag\/geneve\/\" class=\"elementor-post-info__terms-list-item\">Geneva<\/a>, <a href=\"https:\/\/aigal.ch\/en\/tag\/mariage-civil\/\" class=\"elementor-post-info__terms-list-item\">Mariage civil<\/a>, <a href=\"https:\/\/aigal.ch\/en\/tag\/palais\/\" class=\"elementor-post-info__terms-list-item\">Palais<\/a>, <a href=\"https:\/\/aigal.ch\/en\/tag\/suisse\/\" class=\"elementor-post-info__terms-list-item\">Switzerland<\/a>\t\t\t\t<\/span>\n\t\t\t\t\t<\/span>\n\t\t\t\t\t\t\t\t<\/li>\n\t\t\t\t<\/ul>\n\t\t\t\t\t\t<\/div>\n\t\t\t\t<\/div>\n\t\t\t\t<div class=\"elementor-element elementor-element-093587b elementor-widget__width-inherit elementor-widget elementor-widget-heading\" data-id=\"093587b\" data-element_type=\"widget\" data-e-type=\"widget\" data-widget_type=\"heading.default\">\n\t\t\t\t<div class=\"elementor-widget-container\">\n\t\t\t\t\t<h3 class=\"elementor-heading-title elementor-size-default\">D\u00e9couvrez nos autres mariages<\/h3>\t\t\t\t<\/div>\n\t\t\t\t<\/div>\n\t\t\t\t<div class=\"elementor-element elementor-element-3c314d6 elementor-widget__width-inherit elementor-arrows-position-inside elementor-widget elementor-widget-loop-carousel\" data-id=\"3c314d6\" data-element_type=\"widget\" data-e-type=\"widget\" data-settings=\"{&quot;template_id&quot;:&quot;37252&quot;,&quot;slides_to_show_tablet&quot;:&quot;3&quot;,&quot;slides_to_show_mobile&quot;:&quot;2&quot;,&quot;image_spacing_custom&quot;:{&quot;unit&quot;:&quot;px&quot;,&quot;size&quot;:30,&quot;sizes&quot;:[]},&quot;image_spacing_custom_mobile&quot;:{&quot;unit&quot;:&quot;px&quot;,&quot;size&quot;:2,&quot;sizes&quot;:[]},&quot;_skin&quot;:&quot;post&quot;,&quot;slides_to_show&quot;:&quot;3&quot;,&quot;edit_handle_selector&quot;:&quot;.elementor-loop-container&quot;,&quot;autoplay&quot;:&quot;yes&quot;,&quot;autoplay_speed&quot;:5000,&quot;pause_on_hover&quot;:&quot;yes&quot;,&quot;pause_on_interaction&quot;:&quot;yes&quot;,&quot;infinite&quot;:&quot;yes&quot;,&quot;speed&quot;:500,&quot;offset_sides&quot;:&quot;none&quot;,&quot;arrows&quot;:&quot;yes&quot;,&quot;image_spacing_custom_tablet&quot;:{&quot;unit&quot;:&quot;px&quot;,&quot;size&quot;:&quot;&quot;,&quot;sizes&quot;:[]}}\" data-widget_type=\"loop-carousel.post\">\n\t\t\t\t<div class=\"elementor-widget-container\">\n\t\t\t\t\t\t\t<div class=\"e-loop-nothing-found-message\">\n\t\t<\/div>\n\t\t\t\t\t\t<\/div>\n\t\t\t\t<\/div>\n\t\t\t\t\t<\/div>\n\t\t\t\t<\/div>\n\t\t\t\t<\/div>\n\t\t\t\t<\/div>\n\t\t\t\t\t\t<\/div>\n\t\t\t\t<\/div>\n\t\t\t\t<\/div>\n\t\t\t\t<\/div>","protected":false},"excerpt":{"rendered":"","protected":false},"author":1,"featured_media":48212,"comment_status":"closed","ping_status":"closed","sticky":false,"template":"","format":"standard","meta":{"_acf_changed":false,"footnotes":""},"categories":[115,280,1],"tags":[341,117,114,340,128],"class_list":["post-48110","post","type-post","status-publish","format-standard","has-post-thumbnail","hentry","category-mariage","category-lieux-de-reception-mariage","category-civil","tag-eynard","tag-geneve","tag-mariage-civil","tag-palais","tag-suisse"],"acf":[],"_links":{"self":[{"href":"https:\/\/aigal.ch\/en\/wp-json\/wp\/v2\/posts\/48110","targetHints":{"allow":["GET"]}}],"collection":[{"href":"https:\/\/aigal.ch\/en\/wp-json\/wp\/v2\/posts"}],"about":[{"href":"https:\/\/aigal.ch\/en\/wp-json\/wp\/v2\/types\/post"}],"author":[{"embeddable":true,"href":"https:\/\/aigal.ch\/en\/wp-json\/wp\/v2\/users\/1"}],"replies":[{"embeddable":true,"href":"https:\/\/aigal.ch\/en\/wp-json\/wp\/v2\/comments?post=48110"}],"version-history":[{"count":12,"href":"https:\/\/aigal.ch\/en\/wp-json\/wp\/v2\/posts\/48110\/revisions"}],"predecessor-version":[{"id":48327,"href":"https:\/\/aigal.ch\/en\/wp-json\/wp\/v2\/posts\/48110\/revisions\/48327"}],"wp:featuredmedia":[{"embeddable":true,"href":"https:\/\/aigal.ch\/en\/wp-json\/wp\/v2\/media\/48212"}],"wp:attachment":[{"href":"https:\/\/aigal.ch\/en\/wp-json\/wp\/v2\/media?parent=48110"}],"wp:term":[{"taxonomy":"category","embeddable":true,"href":"https:\/\/aigal.ch\/en\/wp-json\/wp\/v2\/categories?post=48110"},{"taxonomy":"post_tag","embeddable":true,"href":"https:\/\/aigal.ch\/en\/wp-json\/wp\/v2\/tags?post=48110"}],"curies":[{"name":"wp","href":"https:\/\/api.w.org\/{rel}","templated":true}]}}